{"id":762,"date":"2012-07-04T10:16:17","date_gmt":"2012-07-04T07:16:17","guid":{"rendered":"https:\/\/www.enerjigazetesi.ist\/?p=762"},"modified":"2012-07-04T10:16:17","modified_gmt":"2012-07-04T07:16:17","slug":"surekli-yaz-saatine-gecilecek-300-milyon-tl-tasarruf-edilecek","status":"publish","type":"post","link":"https:\/\/www.enerjigazetesi.ist\/en\/surekli-yaz-saatine-gecilecek-300-milyon-tl-tasarruf-edilecek\/","title":{"rendered":"(Turkish) S\u00fcrekli Yaz Saatine Ge\u00e7ilecek 300 milyon TL Tasarruf Edilecek"},"content":{"rendered":"<p class=\"qtranxs-available-languages-message qtranxs-available-languages-message-en\">Sorry, this entry is only available in <a href=\"https:\/\/www.enerjigazetesi.ist\/tr\/wp-json\/wp\/v2\/posts\/762\" class=\"qtranxs-available-language-link qtranxs-available-language-link-tr\" title=\"Turkish\">Turkish<\/a>. For the sake of viewer convenience, the content is shown below in the alternative language. You may click the link to switch the active language.<\/p><p><\/p>\n<h2>Enerji ve Tabii Kaynaklar Bakan\u0131 Taner Y\u0131ld\u0131z, s\u00fcrekli yaz saati uygulamas\u0131 i\u00e7in haz\u0131rlanan G\u00fcn I\u015f\u0131\u011f\u0131 Yasa Tasar\u0131s\u0131\u2019n\u0131n Bakanlar Kurulu\u2019nda imzaya a\u00e7\u0131ld\u0131\u011f\u0131n\u0131 s\u00f6yledi. Uygulama sayesinde y\u0131lda 300 milyon TL tassaruf edilecek.<\/h2>\n<div id=\"_Middle2\">\n<div>\u00a0<img loading=\"lazy\" class=\"aligncenter size-full wp-image-763\" title=\"surekli-yaz-saatine-gecilecek-300-milyon-tl-tasarruf-edilecek\" src=\"https:\/\/www.enerjigazetesi.ist\/wp-content\/uploads\/2012\/07\/surekli-yaz-saatine-gecilecek-300-milyon-tl-tasarruf-edilecek.jpg\" alt=\"\" width=\"606\" height=\"340\" srcset=\"https:\/\/www.enerjigazetesi.ist\/wp-content\/uploads\/2012\/07\/surekli-yaz-saatine-gecilecek-300-milyon-tl-tasarruf-edilecek.jpg 606w, https:\/\/www.enerjigazetesi.ist\/wp-content\/uploads\/2012\/07\/surekli-yaz-saatine-gecilecek-300-milyon-tl-tasarruf-edilecek-300x168.jpg 300w, https:\/\/www.enerjigazetesi.ist\/wp-content\/uploads\/2012\/07\/surekli-yaz-saatine-gecilecek-300-milyon-tl-tasarruf-edilecek-500x280.jpg 500w, https:\/\/www.enerjigazetesi.ist\/wp-content\/uploads\/2012\/07\/surekli-yaz-saatine-gecilecek-300-milyon-tl-tasarruf-edilecek-80x44.jpg 80w\" sizes=\"(max-width: 606px) 100vw, 606px\" \/><\/div>\n<div>Enerji ve Tabii Kaynaklar Bakan\u0131 Taner Y\u0131ld\u0131z, G\u00fcn I\u015f\u0131\u011f\u0131 Yasa Tasar\u0131s\u0131\u2019n\u0131 Bakanlar Kurulu\u2019na sundu\u011funu belirterek, tasar\u0131da cumartesi mesaisinin olmad\u0131\u011f\u0131n\u0131, yaz saatinin ise s\u00fcrekli hale getirilece\u011fini s\u00f6yledi. Bakanl\u0131k, s\u00fcrekli yaz saati ile y\u0131lda 1 milyar 700 milyon kwh enerji tasarrufu sa\u011flanaca\u011f\u0131n\u0131, bunun parasal kar\u015f\u0131l\u0131\u011f\u0131n\u0131n ise 300 milyon lira oldu\u011funu tespit etti.<br \/>\nEkonomi Muhabirleri Derne\u011fi \u00fcyeleriyle bir araya gelen Y\u0131ld\u0131z, yaz saati uygulamas\u0131nda esas al\u0131nan Do\u011fubeyaz\u0131t meridyeninin, y\u0131l boyunca temel kabul edilmesi gerekti\u011fini belirterek, \u201cEnerji sekt\u00f6r\u00fc a\u00e7\u0131s\u0131ndan do\u011frusu bu\u201d dedi.<br \/>\nG\u00fcn \u0131\u015f\u0131\u011f\u0131ndan daha fazla yararlan\u0131lmas\u0131 halinde enerji sekt\u00f6r\u00fcn\u00fcn daha da rahatlayaca\u011f\u0131n\u0131 belirten Y\u0131ld\u0131z, bunun pratikteki sonucunun insanlar\u0131n g\u00fcn \u0131\u015f\u0131\u011f\u0131nda daha az uyumas\u0131 oldu\u011funu vurgulad\u0131. Y\u0131ld\u0131z, bunun da enerji sekt\u00f6r\u00fcndeki t\u00fcketim i\u00e7in \u00f6nem arz etti\u011fini kaydetti.<br \/>\nY\u0131ld\u0131z, yaz saati konusunda kurum ve kurulu\u015flardan g\u00f6r\u00fc\u015f al\u0131nd\u0131\u011f\u0131n\u0131 belirterek, T\u00fcrk Hava Yollar\u0131\u2019n\u0131n, \u2018s\u0131k\u0131nt\u0131 olmaz\u2019 mesaj\u0131 verdi\u011fini kaydetti. Y\u0131ld\u0131z, takvim haz\u0131rlayan Diyanet \u0130\u015fleri Ba\u015fkanl\u0131\u011f\u0131 ile borsa y\u00f6neticilerinden de fikir al\u0131nd\u0131\u011f\u0131n\u0131, Avrupa ve Rusya\u2019daki uygulamalar\u0131n da incelendi\u011fini kaydetti. Y\u0131ld\u0131z, sokak lambalar\u0131n\u0131n da 2-3 y\u0131l i\u00e7inde de\u011fi\u015ftirilece\u011fini ifade etti.<\/div>\n<div id=\"_MiddleCenter2\">\n<div>\n<div id=\"divAdnetKeyword3\">\n<p><strong>Piyasalar nas\u0131l etkilenecek?<\/strong><br \/>\nHalen \u0130MKB kapanmadan bir saat \u00f6nce a\u00e7\u0131lan ABD piyasalar\u0131, s\u00fcrekli yaz saati uygulamas\u0131 oldu\u011funda \u0130MKB kapand\u0131ktan sonra a\u00e7\u0131lacak. Piyasalar, ABD piyasalar\u0131nda ya\u015fanan geli\u015fmelere bir g\u00fcn sonra tepki verecek. \u00d6te yandan, uluslararas\u0131 merkezli \u015firketlerin \u00e7al\u0131\u015fanlar\u0131 da mesailerini yaz saatine g\u00f6re ayarlamak durumunda kalacak.<br \/>\n<strong>Y\u0131lda en az 600-700 milyon kwh tasarruf<\/strong><br \/>\nEnerji ve Tabii Kaynaklar Bakanl\u0131\u011f\u0131, 2007\u2019de yaz saatinden 987 milyon 775 bin 643 kilovatsaat (kwh) ve yakla\u015f\u0131k 131.5 milyon lira tasarruf yap\u0131ld\u0131\u011f\u0131n\u0131 a\u00e7\u0131klad\u0131. 2011\u2019de de yaz saati uygulamas\u0131yla y\u0131ll\u0131k 600-700 milyon kWh tasarruf sa\u011fland\u0131\u011f\u0131 belirtilmi\u015fti. Bakanl\u0131k, yaz saatinin sa\u011flad\u0131\u011f\u0131 tasarruf konusunda bir \u00e7al\u0131\u015fma da s\u00fcrekli yaz saati projesini g\u00fcndeme ald\u0131\u011f\u0131nda yapm\u0131\u015f, s\u00fcrekli yaz saati ile y\u0131lda 1 milyar 700 milyon kwh enerji tasarrufu sa\u011flanaca\u011f\u0131n\u0131 hesaplam\u0131\u015ft\u0131. Bu miktar\u0131n parasal kar\u015f\u0131l\u0131\u011f\u0131 ise 300 milyon lira olarak \u00f6ng\u00f6r\u00fclm\u00fc\u015ft\u00fc. Bu miktar\u0131n orta boylu bir elektrik santralinin \u00fcretimine denk geldi\u011fi ifade ediliyor.<\/p>\n<p><img src=\"http:\/\/i.milliyet.com.tr\/GazeteHaberIciResim\/2012\/07\/03\/fft16_mf2407515.Jpeg\" alt=\"\" \/><\/p>\n<p><strong>S\u00fcrekli yaz saati uygulamas\u0131 nas\u0131l i\u015fleyecek?<\/strong><\/p>\n<p>*\u00a0T\u00fcrkiye\u2019de halen 1925 y\u0131l\u0131nda \u00e7\u0131kart\u0131lan G\u00fcn\u00fcn Yirmid\u00f6rt Saate Taksimine Dair Kanun\u2019un h\u00fckm\u00fc gere\u011fi, \u0130zmit\u2019ten ge\u00e7en 30\u2019uncu meridyene g\u00f6re k\u0131\u015f saati, I\u011fd\u0131r\u2019dan ge\u00e7en 45\u2019inci meridyene g\u00f6re yaz saati uygulan\u0131yor.<br \/>\n*\u00a0T\u00fcrkiye 26 derece do\u011fu ile 45 derece do\u011fu meridyenleri aras\u0131nda yer al\u0131yor.<br \/>\n*\u00a0\u0130ki meridyen aras\u0131ndaki s\u00fcre 4 dakika oldu\u011fundan, T\u00fcrkiye\u2019nin en bat\u0131 noktas\u0131 G\u00f6k\u00e7eada ile en do\u011fudaki noktas\u0131 I\u011fd\u0131r aras\u0131nda 76 dakika fark bulunuyor.<br \/>\n*\u00a0Bu fark nedeniyle k\u0131\u015f\u0131n g\u00fcne\u015f I\u011fd\u0131r\u2019da 15.50, \u0130stanbul\u2019da 17.00\u2019de bat\u0131yor.<br \/>\n*\u00a0G\u00fcn I\u015f\u0131\u011f\u0131 Yasas\u0131 Meclis\u2019ten ge\u00e7erse tek saat uygulamas\u0131 2013\u2019ten itibaren ba\u015flayacak.<br \/>\n*\u00a0S\u00fcrekli yaz saati uygulamas\u0131na ge\u00e7ilince g\u00fcne\u015f I\u011fd\u0131r\u2019da 17.00\u2019de, Ankara\u2019da 17.30\u2019da, \u0130stanbul\u2019da 18.00\u2019de batacak.<br \/>\n*\u00a0Y\u0131l boyunca bir saat erken kalk\u0131lm\u0131\u015f olunaca\u011f\u0131ndan g\u00fcn \u0131\u015f\u0131\u011f\u0131ndan daha fazla yararlan\u0131lacak ve y\u0131lda 300 milyon liral\u0131k tasarruf sa\u011flanacak.<br \/>\n\u00a0<\/p>\n<p><strong>T\u00fcrkiye Psik\u0130yatri Derne\u011fi: Olumsuz etkilemez<\/strong><\/p>\n<p>T\u00fcrkiye Psikiyatri Derne\u011fi \u00dcyesi Prof. Dr. Okan \u00c7al\u0131yurt, s\u00fcrekli yaz saati uygulamas\u0131n\u0131n psikolojik boyutu \u015f\u00f6yle a\u00e7\u0131klad\u0131:<br \/>\n\u201cBiyolojik saat nedeniyle insanlar saat de\u011fi\u015fikli\u011finden negatif etkilenir. Beynin \u00f6n b\u00f6lgesinde bir \u00e7ekirdek kolumuzdaki saat gibidir. V\u00fccut sistemlerini buna g\u00f6re ayarlar. Biyolojik saatimiz 24 saat 12 dakikaya g\u00f6re programl\u0131d\u0131r. Hormonlar farkl\u0131 saatlerde salg\u0131lan\u0131r. Belirleyici noktas\u0131 g\u00fcne\u015f \u0131\u015f\u0131\u011f\u0131d\u0131r. Bu sebepten insanlar \u00fclke de\u011fi\u015ftirdiklerinde jetlag ya\u015farlar. Her y\u0131l iki kere saat de\u011fi\u015fikli\u011fi insanlar\u0131 negatif y\u00f6nde etkiler fakat yaz saati uygulamas\u0131na devam etmek insanlar\u0131 olumsuz y\u00f6nde etkilemez. \u0130nsanlar bu d\u00fczene uyum sa\u011flayabilir. 1 saatlik de\u011fi\u015fimin uyum s\u00fcresi 24 saattir. Fakat uyku bozuklu\u011fu, manik depresif ki\u015filerde bu 1 saatlik de\u011fi\u015fime uyum daha ge\u00e7 tamamlan\u0131r. Manik depresifler bu d\u00f6nemlerde ataklar ge\u00e7irirler.\u201d<\/p>\n<p>Kaynak: <a href=\"http:\/\/ekonomi.milliyet.com.tr\/surekli-yaz-saatine-gecilecek-300-milyon-tl-tasarruf-edilecek\/ekonomi\/ekonomidetay\/04.07.2012\/1562420\/default.htm\" target=\"_blank\">Milliyet<br \/>\n<\/a><\/p>\n<\/div>\n<\/div>\n<\/div>\n<\/div>\n<p><\/p>","protected":false},"excerpt":{"rendered":"<p>Sorry, this entry is only available in Turkish. For the sake of viewer convenience, the content is shown below in the alternative language. You may click the link to switch the active language. Enerji ve Tabii Kaynaklar Bakan\u0131 Taner Y\u0131ld\u0131z, s\u00fcrekli yaz saati uygulamas\u0131 i\u00e7in haz\u0131rlanan G\u00fcn I\u015f\u0131\u011f\u0131 Yasa Tasar\u0131s\u0131\u2019n\u0131n Bakanlar Kurulu\u2019nda imzaya a\u00e7\u0131ld\u0131\u011f\u0131n\u0131 s\u00f6yledi. [&hellip;]<\/p>\n","protected":false},"author":1,"featured_media":763,"comment_status":"open","ping_status":"open","sticky":false,"template":"","format":"standard","meta":[],"categories":[53,52],"tags":[67,12,109],"views":726,"_links":{"self":[{"href":"https:\/\/www.enerjigazetesi.ist\/en\/wp-json\/wp\/v2\/posts\/762"}],"collection":[{"href":"https:\/\/www.enerjigazetesi.ist\/en\/wp-json\/wp\/v2\/posts"}],"about":[{"href":"https:\/\/www.enerjigazetesi.ist\/en\/wp-json\/wp\/v2\/types\/post"}],"author":[{"embeddable":true,"href":"https:\/\/www.enerjigazetesi.ist\/en\/wp-json\/wp\/v2\/users\/1"}],"replies":[{"embeddable":true,"href":"https:\/\/www.enerjigazetesi.ist\/en\/wp-json\/wp\/v2\/comments?post=762"}],"version-history":[{"count":2,"href":"https:\/\/www.enerjigazetesi.ist\/en\/wp-json\/wp\/v2\/posts\/762\/revisions"}],"predecessor-version":[{"id":765,"href":"https:\/\/www.enerjigazetesi.ist\/en\/wp-json\/wp\/v2\/posts\/762\/revisions\/765"}],"wp:featuredmedia":[{"embeddable":true,"href":"https:\/\/www.enerjigazetesi.ist\/en\/wp-json\/wp\/v2\/media\/763"}],"wp:attachment":[{"href":"https:\/\/www.enerjigazetesi.ist\/en\/wp-json\/wp\/v2\/media?parent=762"}],"wp:term":[{"taxonomy":"category","embeddable":true,"href":"https:\/\/www.enerjigazetesi.ist\/en\/wp-json\/wp\/v2\/categories?post=762"},{"taxonomy":"post_tag","embeddable":true,"href":"https:\/\/www.enerjigazetesi.ist\/en\/wp-json\/wp\/v2\/tags?post=762"}],"curies":[{"name":"wp","href":"https:\/\/api.w.org\/{rel}","templated":true}]}}