{"id":76194,"date":"2018-07-13T13:47:47","date_gmt":"2018-07-13T10:47:47","guid":{"rendered":"https:\/\/www.enerjigazetesi.ist\/?p=76194"},"modified":"2018-07-13T13:47:47","modified_gmt":"2018-07-13T10:47:47","slug":"resmi-verilerden-mesaj-jeotermalin-incir-uretimine-olumsuz-etkisi-yok","status":"publish","type":"post","link":"https:\/\/www.enerjigazetesi.ist\/en\/resmi-verilerden-mesaj-jeotermalin-incir-uretimine-olumsuz-etkisi-yok\/","title":{"rendered":"(Turkish) Resmi Verilerden Mesaj: Jeotermalin \u0130ncir \u00dcretimine Olumsuz Etkisi Yok"},"content":{"rendered":"<p class=\"qtranxs-available-languages-message qtranxs-available-languages-message-en\">Sorry, this entry is only available in <a href=\"https:\/\/www.enerjigazetesi.ist\/tr\/wp-json\/wp\/v2\/posts\/76194\" class=\"qtranxs-available-language-link qtranxs-available-language-link-tr\" title=\"Turkish\">Turkish<\/a>. For the sake of viewer convenience, the content is shown below in the alternative language. You may click the link to switch the active language.<\/p><p><strong>Son 30 y\u0131lda Ayd\u0131n\u2019\u0131n iklimsel fakt\u00f6rlerinin (s\u0131cakl\u0131k, nispi nem, ya\u011f\u0131\u015f miktar\u0131) geli\u015fimi ile bu y\u0131llarda \u015fehirde ger\u00e7ekle\u015fen incir \u00fcretimi aras\u0131ndaki ili\u015fkiyi inceleyen H\u00fclya Kalender Beskan, jeotermalin rekolte \u00fczerinde hi\u00e7bir olumsuz etkisinin olmad\u0131\u011f\u0131n\u0131 buldu. Ayd\u0131n, bu d\u00f6nemde T\u00fcrkiye\u2019nin incir \u00fcretimindeki pay\u0131n\u0131 korudu.<\/strong><\/p>\n<p>M\u00fchendislik dan\u0131\u015fmanl\u0131k \u015firketi Belit Grup uzman\u0131 H\u00fclya Kalender Beskan, jeotermal elektrik santrallerinin B\u00fcy\u00fck Menderes Havzas\u0131nda yeti\u015ftirilen incire etkisini son otuz y\u0131ll\u0131k verilerin \u0131\u015f\u0131\u011f\u0131nda <img loading=\"lazy\" class=\"alignright size-medium wp-image-70392\" src=\"https:\/\/www.enerjigazetesi.ist\/wp-content\/uploads\/2017\/12\/manisada-yer-alan-jeotermal-enerji-kaynaklari-degerlendirildi-300x169.jpg\" alt=\"\" width=\"300\" height=\"169\" srcset=\"https:\/\/www.enerjigazetesi.ist\/wp-content\/uploads\/2017\/12\/manisada-yer-alan-jeotermal-enerji-kaynaklari-degerlendirildi-300x169.jpg 300w, https:\/\/www.enerjigazetesi.ist\/wp-content\/uploads\/2017\/12\/manisada-yer-alan-jeotermal-enerji-kaynaklari-degerlendirildi-500x282.jpg 500w, https:\/\/www.enerjigazetesi.ist\/wp-content\/uploads\/2017\/12\/manisada-yer-alan-jeotermal-enerji-kaynaklari-degerlendirildi-80x45.jpg 80w, https:\/\/www.enerjigazetesi.ist\/wp-content\/uploads\/2017\/12\/manisada-yer-alan-jeotermal-enerji-kaynaklari-degerlendirildi.jpg 696w\" sizes=\"(max-width: 300px) 100vw, 300px\" \/>de\u011ferlendirdi. Beskan\u2019\u0131n yapt\u0131\u011f\u0131 incelemeye g\u00f6re 2007 \u2013 2017 y\u0131llar\u0131 aras\u0131nda Ayd\u0131n\u2019da incir \u00fcretiminde b\u00fcy\u00fck bir d\u00fc\u015f\u00fc\u015f ger\u00e7ekle\u015fmedi; \u015fehir bu d\u00f6nemde T\u00fcrkiye\u2019nin incir \u00fcretimindeki pay\u0131n\u0131 korudu.<\/p>\n<p>T\u00fcrkiye\u2019de incir \u00fcretiminin yakla\u015f\u0131k y\u00fczde 60\u2019\u0131 Ayd\u0131n\u2019da, kalan y\u00fczde 40\u2019l\u0131k kesim ise \u0130zmir, Manisa ve \u00e7evre illerde ger\u00e7ekle\u015fiyor. Son d\u00f6nemde Ayd\u0131n ilindeki jeotermal elektrik santrallerinin atmosferde nem de\u011fi\u015fikli\u011fine yol a\u00e7arak incir \u00fcretimini olumsuz etkiledi\u011fi iddias\u0131n\u0131n ortaya at\u0131ld\u0131\u011f\u0131na dikkat \u00e7eken H\u00fclya Kalender Beskan, son 30 y\u0131lda \u015fehrin iklimsel fakt\u00f6rlerinin (s\u0131cakl\u0131k, nispi nem, ya\u011f\u0131\u015f miktar\u0131) geli\u015fimi ile bu y\u0131llarda yap\u0131lm\u0131\u015f olan incir \u00fcretimi aras\u0131ndaki ili\u015fkiyi inceledi.<\/p>\n<p>Veriler incelendi\u011finde, incir \u00fcretiminin fazla oldu\u011fu y\u0131llarda nem oran\u0131n\u0131n di\u011fer yollara oranla nispeten daha y\u00fcksek oldu\u011fu dikkat \u00e7ekiyor. Beskan, buradan yola \u00e7\u0131karak, \u201cBu durumda \u00fcretimin salt olarak s\u0131cakl\u0131k ve\/veya nemden etkilendi\u011fi s\u00f6ylemek bilimsel de\u011fildir. Y\u00fcksek nem oran\u0131n \u00fcr\u00fcn i\u00e7in zararl\u0131 oldu\u011funu s\u00f6yleminin ise g\u00f6r\u00fcld\u00fc\u011f\u00fc \u00fczere istatistiksel hi\u00e7bir dayana\u011f\u0131 yoktur\u201d yorumunu yapt\u0131.<\/p>\n<p>Beskan, incir \u00fcretimini etkileyen as\u0131l fakt\u00f6r\u00fcn, ya\u011f\u0131\u015f miktar\u0131 oldu\u011funa dikkat \u00e7ekti. Toplam ya\u011f\u0131\u015f\u0131n 400 mm\u2019den d\u00fc\u015f\u00fck oldu\u011fu y\u0131llarda \u00fcretim de d\u00fc\u015f\u00fck oldu. Ya\u011f\u0131\u015f\u0131n 700 mm \u00fczerine \u00e7\u0131kt\u0131\u011f\u0131 y\u0131llarda da \u00fcretim yine d\u00fc\u015ft\u00fc. Beskan, \u201c\u0130stisnai durumlar g\u00f6z ard\u0131 edilerek incir \u00fcretimi i\u00e7in optimal ya\u011f\u0131\u015f rejiminin y\u0131ll\u0131k 500-700 mm aras\u0131nda oldu\u011fu s\u00f6ylenebilir\u201d de\u011ferlendirmesini yapt\u0131.<\/p>\n<p>\u0130ncir \u00fcretimiyle ilgili veriler, Ayd\u0131n\u2019da \u00fcretimde ya\u015fanan d\u00fc\u015f\u00fc\u015fler ve art\u0131\u015flar\u0131n T\u00fcrkiye geneli ile paralel oldu\u011funa da i\u015faret ediyor.<\/p>\n<p>\u00d6zellikle jeotermal santrallerin en yo\u011fun bulundu\u011fu b\u00f6lge olan Germencik\u2019te, \u00fcretim d\u00fc\u015f\u00fc\u015f\u00fcn\u00fcn s\u00f6z konusu olmad\u0131\u011f\u0131 a\u00e7\u0131k\u00e7a g\u00f6r\u00fcl\u00fcyor.<\/p>\n<p>Ara\u015ft\u0131rman\u0131n tamam\u0131na <a href=\"http:\/\/www.belitgrup.com\">www.belitgrup.com<\/a> adresinden ula\u015f\u0131labiliyor.<\/p>\n<p><img loading=\"lazy\" class=\"aligncenter size-full wp-image-76197\" src=\"https:\/\/www.enerjigazetesi.ist\/wp-content\/uploads\/2018\/07\/03.jpg\" alt=\"\" width=\"610\" height=\"264\" srcset=\"https:\/\/www.enerjigazetesi.ist\/wp-content\/uploads\/2018\/07\/03.jpg 610w, https:\/\/www.enerjigazetesi.ist\/wp-content\/uploads\/2018\/07\/03-300x130.jpg 300w, https:\/\/www.enerjigazetesi.ist\/wp-content\/uploads\/2018\/07\/03-500x216.jpg 500w, https:\/\/www.enerjigazetesi.ist\/wp-content\/uploads\/2018\/07\/03-80x35.jpg 80w\" sizes=\"(max-width: 610px) 100vw, 610px\" \/> <img loading=\"lazy\" class=\"aligncenter size-full wp-image-76196\" src=\"https:\/\/www.enerjigazetesi.ist\/wp-content\/uploads\/2018\/07\/02.jpg\" alt=\"\" width=\"657\" height=\"433\" srcset=\"https:\/\/www.enerjigazetesi.ist\/wp-content\/uploads\/2018\/07\/02.jpg 657w, https:\/\/www.enerjigazetesi.ist\/wp-content\/uploads\/2018\/07\/02-300x198.jpg 300w, https:\/\/www.enerjigazetesi.ist\/wp-content\/uploads\/2018\/07\/02-500x330.jpg 500w, https:\/\/www.enerjigazetesi.ist\/wp-content\/uploads\/2018\/07\/02-76x50.jpg 76w\" sizes=\"(max-width: 657px) 100vw, 657px\" \/> <img loading=\"lazy\" class=\"aligncenter size-full wp-image-76195\" src=\"https:\/\/www.enerjigazetesi.ist\/wp-content\/uploads\/2018\/07\/01.jpg\" alt=\"\" width=\"417\" height=\"269\" srcset=\"https:\/\/www.enerjigazetesi.ist\/wp-content\/uploads\/2018\/07\/01.jpg 417w, https:\/\/www.enerjigazetesi.ist\/wp-content\/uploads\/2018\/07\/01-300x194.jpg 300w, https:\/\/www.enerjigazetesi.ist\/wp-content\/uploads\/2018\/07\/01-78x50.jpg 78w\" sizes=\"(max-width: 417px) 100vw, 417px\" \/><\/p>","protected":false},"excerpt":{"rendered":"<p>Sorry, this entry is only available in Turkish. For the sake of viewer convenience, the content is shown below in the alternative language. You may click the link to switch the active language.Son 30 y\u0131lda Ayd\u0131n\u2019\u0131n iklimsel fakt\u00f6rlerinin (s\u0131cakl\u0131k, nispi nem, ya\u011f\u0131\u015f miktar\u0131) geli\u015fimi ile bu y\u0131llarda \u015fehirde ger\u00e7ekle\u015fen incir \u00fcretimi aras\u0131ndaki ili\u015fkiyi inceleyen H\u00fclya [&hellip;]<\/p>\n","protected":false},"author":1,"featured_media":70392,"comment_status":"open","ping_status":"open","sticky":false,"template":"","format":"standard","meta":[],"categories":[53,48],"tags":[7179,67,1009,38300,38299,16077,23226,34985],"views":1064,"_links":{"self":[{"href":"https:\/\/www.enerjigazetesi.ist\/en\/wp-json\/wp\/v2\/posts\/76194"}],"collection":[{"href":"https:\/\/www.enerjigazetesi.ist\/en\/wp-json\/wp\/v2\/posts"}],"about":[{"href":"https:\/\/www.enerjigazetesi.ist\/en\/wp-json\/wp\/v2\/types\/post"}],"author":[{"embeddable":true,"href":"https:\/\/www.enerjigazetesi.ist\/en\/wp-json\/wp\/v2\/users\/1"}],"replies":[{"embeddable":true,"href":"https:\/\/www.enerjigazetesi.ist\/en\/wp-json\/wp\/v2\/comments?post=76194"}],"version-history":[{"count":1,"href":"https:\/\/www.enerjigazetesi.ist\/en\/wp-json\/wp\/v2\/posts\/76194\/revisions"}],"predecessor-version":[{"id":76198,"href":"https:\/\/www.enerjigazetesi.ist\/en\/wp-json\/wp\/v2\/posts\/76194\/revisions\/76198"}],"wp:featuredmedia":[{"embeddable":true,"href":"https:\/\/www.enerjigazetesi.ist\/en\/wp-json\/wp\/v2\/media\/70392"}],"wp:attachment":[{"href":"https:\/\/www.enerjigazetesi.ist\/en\/wp-json\/wp\/v2\/media?parent=76194"}],"wp:term":[{"taxonomy":"category","embeddable":true,"href":"https:\/\/www.enerjigazetesi.ist\/en\/wp-json\/wp\/v2\/categories?post=76194"},{"taxonomy":"post_tag","embeddable":true,"href":"https:\/\/www.enerjigazetesi.ist\/en\/wp-json\/wp\/v2\/tags?post=76194"}],"curies":[{"name":"wp","href":"https:\/\/api.w.org\/{rel}","templated":true}]}}