{"id":76191,"date":"2018-07-13T13:33:09","date_gmt":"2018-07-13T10:33:09","guid":{"rendered":"https:\/\/www.enerjigazetesi.ist\/?p=76191"},"modified":"2018-07-13T14:43:50","modified_gmt":"2018-07-13T11:43:50","slug":"verimderden-anadolu-bulusmalariyla-tum-turkiyede-enerji-seferberligi","status":"publish","type":"post","link":"https:\/\/www.enerjigazetesi.ist\/en\/verimderden-anadolu-bulusmalariyla-tum-turkiyede-enerji-seferberligi\/","title":{"rendered":"(Turkish) Verimder&#8217;den Anadolu Bulu\u015fmalar\u0131yla T\u00fcrkiye&#8217;de Enerji Seferberli\u011fi"},"content":{"rendered":"<p class=\"qtranxs-available-languages-message qtranxs-available-languages-message-en\">Sorry, this entry is only available in <a href=\"https:\/\/www.enerjigazetesi.ist\/tr\/wp-json\/wp\/v2\/posts\/76191\" class=\"qtranxs-available-language-link qtranxs-available-language-link-tr\" title=\"Turkish\">Turkish<\/a>. For the sake of viewer convenience, the content is shown below in the alternative language. You may click the link to switch the active language.<\/p><p><strong>Yap\u0131larda Enerji Verimlili\u011fi Derne\u011fi \u2013 VER\u0130MDER, t\u00fcm T\u00fcrkiye\u2019de enerji verimlili\u011fi ve tasarrufu konusunda seferberlik ilan etti. \u00dclkemizin en \u00f6nemli konular\u0131ndan biri olan enerji verimlili\u011finin daha fazla yayg\u0131nla\u015fmas\u0131 amac\u0131yla \u201cAnadolu Bulu\u015fmalar\u0131\u201dna ba\u015flad\u0131. <\/strong><\/p>\n<p><img loading=\"lazy\" class=\"alignleft size-medium wp-image-76192\" src=\"https:\/\/www.enerjigazetesi.ist\/wp-content\/uploads\/2018\/07\/verimderden-anadolu-bulusmalariyla-tum-turkiyede-enerji-seferberligi-300x292.jpg\" alt=\"\" width=\"300\" height=\"292\" srcset=\"https:\/\/www.enerjigazetesi.ist\/wp-content\/uploads\/2018\/07\/verimderden-anadolu-bulusmalariyla-tum-turkiyede-enerji-seferberligi-300x292.jpg 300w, https:\/\/www.enerjigazetesi.ist\/wp-content\/uploads\/2018\/07\/verimderden-anadolu-bulusmalariyla-tum-turkiyede-enerji-seferberligi-411x400.jpg 411w, https:\/\/www.enerjigazetesi.ist\/wp-content\/uploads\/2018\/07\/verimderden-anadolu-bulusmalariyla-tum-turkiyede-enerji-seferberligi-51x50.jpg 51w, https:\/\/www.enerjigazetesi.ist\/wp-content\/uploads\/2018\/07\/verimderden-anadolu-bulusmalariyla-tum-turkiyede-enerji-seferberligi.jpg 502w\" sizes=\"(max-width: 300px) 100vw, 300px\" \/>Sadece T\u00fcrkiye\u2019nin de\u011fil t\u00fcm d\u00fcnya \u00fclkelerinin ana g\u00fcndem maddelerinden biri olan enerji verimlili\u011fi ve tasarrufu konusunda kamuoyunda fark\u0131ndal\u0131k yaratmak amac\u0131yla kurulan Yap\u0131larda Enerji Verimlili\u011fi Derne\u011fi \u2013 VER\u0130MDER, dernek \u00e7al\u0131\u015fmalar\u0131na h\u0131zla ba\u015flad\u0131.<\/p>\n<p>Enerji verimlili\u011fi, enerji tasarrufu ve \u0131s\u0131 yal\u0131t\u0131m\u0131 konular\u0131nda, t\u00fcketici hak ve sorumluluklar\u0131n\u0131 g\u00f6zetmenin yan\u0131 s\u0131ra \u00e7al\u0131\u015fmalar\u0131nda ilgili kamu kurumlar\u0131, b\u00fcrokrasi, \u00fcniversiteler, medya, in\u015faat ve enerji sekt\u00f6rleri aras\u0131nda bilgi ak\u0131\u015f\u0131 ve e\u015fg\u00fcd\u00fcm\u00fc sa\u011flamay\u0131 hedefleyen VER\u0130MDER, t\u00fcm T\u00fcrkiye\u2019de ger\u00e7ekle\u015ftirece\u011fi toplant\u0131lar\u0131na ba\u015flad\u0131. Anadolu Bulu\u015fmalar\u0131 ad\u0131 verilen toplant\u0131s\u0131n\u0131n ilki Samsun\u2019da ger\u00e7ekle\u015ftirildi.<\/p>\n<p><strong>ENERJ\u0130 VER\u0130ML\u0130L\u0130\u011e\u0130 MASAYA YATIRILDI <\/strong><\/p>\n<p><strong>VER\u0130MDER \u0130cra Kurulu Ba\u015fkan\u0131 Prof. Dr. Emre Alkin<\/strong>\u2019in ba\u015fkanl\u0131\u011f\u0131nda yap\u0131lan Anadolu Bulu\u015fmalar\u0131\u2019nda, yap\u0131larda enerji verimlili\u011fi ve tasarrufunun \u00f6nemi ile \u00fclke ve ev ekonomisine olan katk\u0131lar\u0131 \u00fczerinde duruldu. \u00d6te yandan enerji verimlili\u011fi konusunda en do\u011fru \u00e7\u00f6z\u00fcmleri rasyonel maliyetlerle i\u015f d\u00fcnyas\u0131n\u0131n ve vatanda\u015flar\u0131n hizmetine sunmak i\u00e7in do\u011fru finansal modeller \u00fczerinde de g\u00f6r\u00fc\u015f\u00fclen toplant\u0131ya akademinin yan\u0131 s\u0131ra kamu kurulu\u015flar\u0131, \u00f6zel sekt\u00f6r temsilcileri kat\u0131ld\u0131.<\/p>\n<p><strong>\u201cT\u00dcRK\u0130YE\u2019Y\u0130 KARI\u015e KARI\u015e DOLA\u015eACA\u011eIZ\u201d<\/strong><\/p>\n<p><strong>Yap\u0131larda Enerji Verimlili\u011fi Derne\u011fi &#8211; VER\u0130MDER<\/strong> ile, toplumun pek \u00e7ok farkl\u0131 kesimini bir araya getirerek \u00fclkemizde bu konuda fark\u0131ndal\u0131k olu\u015fturmay\u0131 hedeflediklerini s\u00f6yleyen <strong>VER\u0130MDER \u0130cra Kurulu Ba\u015fkan\u0131 Prof. Dr. Emre Alkin<\/strong>, <em>\u201c\u00dclkemizde her y\u0131l t\u00fcketilen enerji maliyetleri, ekonomi \u00fczerinde y\u00fck olu\u015fturuyor. \u00d6te yandan k\u00fcresel \u0131s\u0131nman\u0131n neden oldu\u011fu felaketler de d\u00fcnyam\u0131z\u0131 geri d\u00f6n\u00fc\u015f\u00fc olmayan bir \u00e7\u0131kmaya s\u00fcr\u00fckl\u00fcyor. <strong>VER\u0130MDER <\/strong>olarak enerjinin etkin ve verimli kullan\u0131lmas\u0131 konusunda liderlik yapmay\u0131 hedefleyen bir vizyona sahibiz. \u0130lkini Samsun\u2019da ba\u015flatt\u0131\u011f\u0131m\u0131z Anadolu Bulu\u015fmalar\u0131 ile T\u00fcrkiye\u2019yi kar\u0131\u015f kar\u0131\u015f dola\u015facak ve bu konularda ayd\u0131nlataca\u011f\u0131m\u0131z, i\u00e7 ve d\u0131\u015f payda\u015flar\u0131yla optimal \u00e7\u00f6z\u00fcmleri optimal maliyetler ve finansman metoduyla kamuoyuna sunaca\u011f\u0131z.\u201d<\/em> diye konu\u015ftu.<\/p>\n<p><strong>2030 YILINDA ENERJ\u0130 PROBLEMLER\u0130 ORTAYA \u00c7IKACAK<\/strong><\/p>\n<p>Uluslararas\u0131 Enerji Ajans\u0131\u2019n\u0131n daha bu y\u00fczy\u0131l\u0131n ba\u015f\u0131nda yapt\u0131\u011f\u0131 ara\u015ft\u0131rmaya g\u00f6re, geli\u015fmekte olan \u00fclkelerden kaynaklanacak olan enerji talebi sebebiyle 2030 y\u0131l\u0131na geldi\u011fimizde ciddi bir problemle kar\u015f\u0131 kar\u015f\u0131ya kalma ihtimalimizin oldu\u011funu vurgulayan <strong>Prof. Dr. Emre Alkin,<\/strong> \u201c<em>Ne yaz\u0131k ki ya\u015fad\u0131\u011f\u0131m\u0131z d\u00fcnya i\u00e7in gerekli her ad\u0131m\u0131 pahal\u0131 olarak nitelendirip, topluma zararl\u0131 olan ucuz \u00e7\u00f6z\u00fcmlere ya da al\u0131\u015fkanl\u0131klara ilgi g\u00f6stermekteyiz. Baz\u0131 \u00e7\u00f6z\u00fcmlerin maliyetli oldu\u011fu bir ger\u00e7ektir, \u00e7\u00fcnk\u00fc bunun sebebi basittir: Bir g\u00fczelli\u011fi yok etmek i\u00e7in harcanan emek ve kaynak fazla de\u011fildir. Ancak s\u00f6z konusu g\u00fczelli\u011fi geriye getirmek i\u00e7in harcanan emek ve kaynak her zaman daha fazlad\u0131r.\u201d<\/em> diyerek kamuoyunu uyard\u0131.<\/p>\n<p><strong>ENERJ\u0130 VER\u0130ML\u0130L\u0130\u011e\u0130 NED\u0130R?<\/strong><\/p>\n<p>Binalar\u0131n \u0131s\u0131 kay\u0131plar\u0131n\u0131n \u00f6nlenmesi ve enerji tasarrufu sa\u011flanmas\u0131 i\u00e7in d\u0131\u015f y\u00fczeyinde yap\u0131lan i\u015flemlere \u0131s\u0131 yal\u0131t\u0131m\u0131 denir. Binalar\u0131n d\u0131\u015fa bakan i\u00e7 y\u00fczey s\u0131cakl\u0131\u011f\u0131 ile i\u00e7 ortam s\u0131cakl\u0131\u011f\u0131 aras\u0131ndaki fark\u0131n <u>3 derecenin \u00fczerinde olmamas\u0131<\/u> gerekir. D\u0131\u015f duvar\u0131n i\u00e7 y\u00fczey s\u0131cakl\u0131\u011f\u0131ndaki art\u0131\u015f, i\u00e7 ortamda hava ak\u0131m\u0131n\u0131 engeller. Bu sayede \u0131s\u0131 kay\u0131plar\u0131n\u0131n \u00f6n\u00fcne ge\u00e7ilir.<\/p>\n<p>Binalar\u0131n i\u00e7i k\u0131\u015f aylar\u0131nda daha h\u0131zl\u0131 \u0131s\u0131n\u0131rken yaz aylar\u0131nda ise daha h\u0131zl\u0131 so\u011fur. Verimli kullan\u0131lan enerji ile \u0131s\u0131nma ve so\u011futma maliyetleri azalarak, tasarruf etmenizi sa\u011flar.<\/p>\n<p><strong>ENERJ\u0130 VER\u0130ML\u0130L\u0130\u011e\u0130 \u0130\u00c7\u0130N<\/strong> <strong>ISI YALITIMI \u015eART<\/strong><\/p>\n<p>Hem \u00fclkemizde hem de d\u00fcnyam\u0131zda sanayile\u015fme ve \u015fehirle\u015fme yayg\u0131nla\u015fmaya devam ediyor.\u00a0 Bu duruma ba\u011fl\u0131 olarak enerji ihtiya\u00e7lar\u0131m\u0131z her ge\u00e7en g\u00fcn daha da art\u0131yor. Ancak gelecek nesillerin de yery\u00fcz\u00fcnde az olan do\u011fal kaynaklar\u0131m\u0131z\u0131 kullanabilmeleri i\u00e7in \u00e7evreyi korumak ve yenilenebilir enerji ile enerji tasarrufu konular\u0131na dikkat etmemiz gerekiyor.<\/p>\n<p>\u00dclkemizde enerjinin %37\u2019si konut ve sitelerde t\u00fcketiliyor. Binalarda kullan\u0131lan enerjinin %80\u2019ine yak\u0131n\u0131 yap\u0131lar\u0131n \u0131s\u0131t\u0131lmas\u0131 veya so\u011futulmas\u0131 i\u00e7in kullan\u0131l\u0131r. Evlerin hem \u0131s\u0131t\u0131lmas\u0131 hem de so\u011futulmas\u0131 i\u00e7in her y\u0131l fazladan harcad\u0131\u011f\u0131m\u0131z maliyetler \u00fclke ekonomisini de etkilemektedir.<\/p>\n<p>\u00dclkemizin enerjideki d\u0131\u015fa ba\u011f\u0131ml\u0131l\u0131\u011f\u0131n\u0131n azalmas\u0131, ekonominin canlanmas\u0131, istihdam oranlar\u0131n\u0131n artmas\u0131 enerji verimlili\u011fi ile elde edilir.<\/p>\n<p>Enerjinin temiz elde edilmesi kadar kullan\u0131lan enerjinin verimlili\u011fi de \u00e7ok \u00f6nemlidir. Enerji verimlili\u011fi denilince ilk akla gelen teknoloji \u0131s\u0131 yal\u0131t\u0131m\u0131d\u0131r. Hem h\u00fck\u00fcmetin hem de finans sekt\u00f6r\u00fcn\u00fcn destekleyici uygulamalar\u0131 ile \u0131s\u0131 yal\u0131t\u0131m\u0131 art\u0131k bir\u00e7ok binada uygulan\u0131yor.<\/p>\n<p><strong><em><u>Yap\u0131larda Enerji Verimlili\u011fi Derne\u011fi (VER\u0130MDER) Hakk\u0131nda: <\/u><\/em><\/strong><\/p>\n<p><em>Her ge\u00e7en g\u00fcn azalan mevcut enerji kaynaklar\u0131m\u0131z\u0131 korumak ve daha verimli kullanarak gelecek nesillere daha ye\u015fil bir d\u00fcnya b\u0131rakabilmeyi hedefleyen VER\u0130MDER, kamuoyunu yap\u0131larda \u0131s\u0131 yal\u0131t\u0131m\u0131, enerji verimlili\u011fi ve tasarrufu konusunda bilin\u00e7lendirmek ve toplumumuzda fark\u0131ndal\u0131k olu\u015fturmak amac\u0131yla kurulan sivil toplum kurulu\u015fudur.<\/em><\/p>\n<p><em>Mevcut enerji kaynaklar\u0131ndan daha uzun s\u00fcre yararlan\u0131lmas\u0131na destek sa\u011flayacak projeleri hayata ge\u00e7irmeyi hedefleyen VER\u0130MDER, toplumun her kesimi ile i\u015fbirli\u011fi yapmak, bilin\u00e7lendirmek, bilgilendirme ve e\u011fitim seminerleri d\u00fczenlemek, \u00e7\u00f6z\u00fcmler \u00fcretmek ve ortak \u00e7aba g\u00f6stermektir. Ayr\u0131ca \u00fclkemizdeki y\u00f6netmeliklerin AB ve di\u011fer d\u00fcnya standartlar\u0131yla uyumunda bilgi ve birikimiyle destek vermek \u00f6nceli\u011fidir.<\/em><\/p>","protected":false},"excerpt":{"rendered":"<p>Sorry, this entry is only available in Turkish. For the sake of viewer convenience, the content is shown below in the alternative language. You may click the link to switch the active language.Yap\u0131larda Enerji Verimlili\u011fi Derne\u011fi \u2013 VER\u0130MDER, t\u00fcm T\u00fcrkiye\u2019de enerji verimlili\u011fi ve tasarrufu konusunda seferberlik ilan etti. \u00dclkemizin en \u00f6nemli konular\u0131ndan biri olan enerji [&hellip;]<\/p>\n","protected":false},"author":1,"featured_media":76192,"comment_status":"open","ping_status":"open","sticky":false,"template":"","format":"standard","meta":[],"categories":[53,52],"tags":[38298,67,1009,26559,37827,37792,793,37793],"views":606,"_links":{"self":[{"href":"https:\/\/www.enerjigazetesi.ist\/en\/wp-json\/wp\/v2\/posts\/76191"}],"collection":[{"href":"https:\/\/www.enerjigazetesi.ist\/en\/wp-json\/wp\/v2\/posts"}],"about":[{"href":"https:\/\/www.enerjigazetesi.ist\/en\/wp-json\/wp\/v2\/types\/post"}],"author":[{"embeddable":true,"href":"https:\/\/www.enerjigazetesi.ist\/en\/wp-json\/wp\/v2\/users\/1"}],"replies":[{"embeddable":true,"href":"https:\/\/www.enerjigazetesi.ist\/en\/wp-json\/wp\/v2\/comments?post=76191"}],"version-history":[{"count":2,"href":"https:\/\/www.enerjigazetesi.ist\/en\/wp-json\/wp\/v2\/posts\/76191\/revisions"}],"predecessor-version":[{"id":76204,"href":"https:\/\/www.enerjigazetesi.ist\/en\/wp-json\/wp\/v2\/posts\/76191\/revisions\/76204"}],"wp:featuredmedia":[{"embeddable":true,"href":"https:\/\/www.enerjigazetesi.ist\/en\/wp-json\/wp\/v2\/media\/76192"}],"wp:attachment":[{"href":"https:\/\/www.enerjigazetesi.ist\/en\/wp-json\/wp\/v2\/media?parent=76191"}],"wp:term":[{"taxonomy":"category","embeddable":true,"href":"https:\/\/www.enerjigazetesi.ist\/en\/wp-json\/wp\/v2\/categories?post=76191"},{"taxonomy":"post_tag","embeddable":true,"href":"https:\/\/www.enerjigazetesi.ist\/en\/wp-json\/wp\/v2\/tags?post=76191"}],"curies":[{"name":"wp","href":"https:\/\/api.w.org\/{rel}","templated":true}]}}