{"id":76141,"date":"2018-07-12T15:06:48","date_gmt":"2018-07-12T12:06:48","guid":{"rendered":"https:\/\/www.enerjigazetesi.ist\/?p=76141"},"modified":"2018-07-12T15:06:48","modified_gmt":"2018-07-12T12:06:48","slug":"ozbekistanin-nukleer-santrali-2028-yilina-kadar-faaliyete-gececek","status":"publish","type":"post","link":"https:\/\/www.enerjigazetesi.ist\/en\/ozbekistanin-nukleer-santrali-2028-yilina-kadar-faaliyete-gececek\/","title":{"rendered":"(Turkish) \u00d6zbekistan\u2019\u0131n N\u00fckleer Santrali 2028 Y\u0131l\u0131na Kadar Faaliyete Ge\u00e7ecek"},"content":{"rendered":"<p class=\"qtranxs-available-languages-message qtranxs-available-languages-message-en\">Sorry, this entry is only available in <a href=\"https:\/\/www.enerjigazetesi.ist\/tr\/wp-json\/wp\/v2\/posts\/76141\" class=\"qtranxs-available-language-link qtranxs-available-language-link-tr\" title=\"Turkish\">Turkish<\/a>. For the sake of viewer convenience, the content is shown below in the alternative language. You may click the link to switch the active language.<\/p><p><strong>Rusya\u2019n\u0131n \u00d6zbekistan\u2019da in\u015fa edece\u011fi n\u00fckleer santralin 2028 y\u0131l\u0131na kadar faaliyete ba\u015flayaca\u011f\u0131 a\u00e7\u0131kland\u0131.\u00a0<span id=\"more-100915\"><\/span>\u00d6zbekistan Cumhurba\u015fkanl\u0131\u011f\u0131 Bas\u0131n Ofisinin a\u00e7\u0131klamas\u0131na g\u00f6re Rosatom i\u015f birli\u011finde \u00fclkede kurulacak ilk n\u00fckleer santral 2028 y\u0131l\u0131na kadar faaliyete ge\u00e7mi\u015f olacak.<img loading=\"lazy\" class=\"alignright size-medium wp-image-76142\" src=\"https:\/\/www.enerjigazetesi.ist\/wp-content\/uploads\/2018\/07\/ozbekistanin-nukleer-santrali-2028-yilina-kadar-faaliyete-gececek-300x176.jpg\" alt=\"\" width=\"300\" height=\"176\" srcset=\"https:\/\/www.enerjigazetesi.ist\/wp-content\/uploads\/2018\/07\/ozbekistanin-nukleer-santrali-2028-yilina-kadar-faaliyete-gececek-300x176.jpg 300w, https:\/\/www.enerjigazetesi.ist\/wp-content\/uploads\/2018\/07\/ozbekistanin-nukleer-santrali-2028-yilina-kadar-faaliyete-gececek-500x293.jpg 500w, https:\/\/www.enerjigazetesi.ist\/wp-content\/uploads\/2018\/07\/ozbekistanin-nukleer-santrali-2028-yilina-kadar-faaliyete-gececek-80x47.jpg 80w, https:\/\/www.enerjigazetesi.ist\/wp-content\/uploads\/2018\/07\/ozbekistanin-nukleer-santrali-2028-yilina-kadar-faaliyete-gececek.jpg 571w\" sizes=\"(max-width: 300px) 100vw, 300px\" \/><\/strong><\/p>\n<p>Yap\u0131lan a\u00e7\u0131klamada, \u201cRusya\u2019n\u0131n Rosatom devlet \u015firketi ile n\u00fckleer santralin in\u015fas\u0131 konusunda mutabakat sa\u011fland\u0131. \u0130ki bloktan olu\u015fan santralin her bloku 1200 megavat kapasiteye sahip olacak. D\u00fcnyadaki en g\u00fcvenli ve modern bloklardan olu\u015facak n\u00fckleer santralin 2028 y\u0131l\u0131na kadar faaliyete ba\u015flamas\u0131 \u00f6ng\u00f6r\u00fclmektedir.\u201d denildi.<\/p>\n<p>Rosatom ile \u00d6zbekistan h\u00fck\u00fcmetince Aral\u0131k 2017 y\u0131l\u0131nda n\u00fckleer enerjiyi bar\u0131\u015f\u00e7\u0131l ama\u00e7larla kullanma alan\u0131nda i\u015f birli\u011fi anla\u015fmas\u0131 yap\u0131lm\u0131\u015ft\u0131.<\/p>","protected":false},"excerpt":{"rendered":"<p>Sorry, this entry is only available in Turkish. For the sake of viewer convenience, the content is shown below in the alternative language. You may click the link to switch the active language.Rusya\u2019n\u0131n \u00d6zbekistan\u2019da in\u015fa edece\u011fi n\u00fckleer santralin 2028 y\u0131l\u0131na kadar faaliyete ba\u015flayaca\u011f\u0131 a\u00e7\u0131kland\u0131.\u00a0\u00d6zbekistan Cumhurba\u015fkanl\u0131\u011f\u0131 Bas\u0131n Ofisinin a\u00e7\u0131klamas\u0131na g\u00f6re Rosatom i\u015f birli\u011finde \u00fclkede kurulacak ilk [&hellip;]<\/p>\n","protected":false},"author":1,"featured_media":76142,"comment_status":"open","ping_status":"open","sticky":false,"template":"","format":"standard","meta":[],"categories":[51,53,43],"tags":[67,1009,1133,21,23134,1134,25480,88,34930,10997,2587],"views":698,"_links":{"self":[{"href":"https:\/\/www.enerjigazetesi.ist\/en\/wp-json\/wp\/v2\/posts\/76141"}],"collection":[{"href":"https:\/\/www.enerjigazetesi.ist\/en\/wp-json\/wp\/v2\/posts"}],"about":[{"href":"https:\/\/www.enerjigazetesi.ist\/en\/wp-json\/wp\/v2\/types\/post"}],"author":[{"embeddable":true,"href":"https:\/\/www.enerjigazetesi.ist\/en\/wp-json\/wp\/v2\/users\/1"}],"replies":[{"embeddable":true,"href":"https:\/\/www.enerjigazetesi.ist\/en\/wp-json\/wp\/v2\/comments?post=76141"}],"version-history":[{"count":1,"href":"https:\/\/www.enerjigazetesi.ist\/en\/wp-json\/wp\/v2\/posts\/76141\/revisions"}],"predecessor-version":[{"id":76143,"href":"https:\/\/www.enerjigazetesi.ist\/en\/wp-json\/wp\/v2\/posts\/76141\/revisions\/76143"}],"wp:featuredmedia":[{"embeddable":true,"href":"https:\/\/www.enerjigazetesi.ist\/en\/wp-json\/wp\/v2\/media\/76142"}],"wp:attachment":[{"href":"https:\/\/www.enerjigazetesi.ist\/en\/wp-json\/wp\/v2\/media?parent=76141"}],"wp:term":[{"taxonomy":"category","embeddable":true,"href":"https:\/\/www.enerjigazetesi.ist\/en\/wp-json\/wp\/v2\/categories?post=76141"},{"taxonomy":"post_tag","embeddable":true,"href":"https:\/\/www.enerjigazetesi.ist\/en\/wp-json\/wp\/v2\/tags?post=76141"}],"curies":[{"name":"wp","href":"https:\/\/api.w.org\/{rel}","templated":true}]}}