{"id":76115,"date":"2018-07-11T14:57:01","date_gmt":"2018-07-11T11:57:01","guid":{"rendered":"https:\/\/www.enerjigazetesi.ist\/?p=76115"},"modified":"2018-07-11T14:57:01","modified_gmt":"2018-07-11T11:57:01","slug":"yenilenebilir-enerji-gercekten-dogal-gazi-gecmis-olabilir-mi","status":"publish","type":"post","link":"https:\/\/www.enerjigazetesi.ist\/en\/yenilenebilir-enerji-gercekten-dogal-gazi-gecmis-olabilir-mi\/","title":{"rendered":"(Turkish) Yenilenebilir Enerji Ger\u00e7ekten Do\u011fal Gaz\u0131 Ge\u00e7mi\u015f Olabilir mi?"},"content":{"rendered":"<p class=\"qtranxs-available-languages-message qtranxs-available-languages-message-en\">Sorry, this entry is only available in <a href=\"https:\/\/www.enerjigazetesi.ist\/tr\/wp-json\/wp\/v2\/posts\/76115\" class=\"qtranxs-available-language-link qtranxs-available-language-link-tr\" title=\"Turkish\">Turkish<\/a>. For the sake of viewer convenience, the content is shown below in the alternative language. You may click the link to switch the active language.<\/p><p><strong>K\u00fcresel \u0131s\u0131nmayla m\u00fccadele s\u00f6z konusu oldu\u011funda, do\u011fal gaza olan g\u00f6r\u00fc\u015fler de biraz kar\u0131\u015f\u0131yor. Bir taraf, do\u011fal gaz\u0131n, k\u00f6m\u00fcr\u00fcn pazar pay\u0131n\u0131 azaltt\u0131\u011f\u0131n\u0131 ve bu nedenle \u0131s\u0131 yakalama emisyonlar\u0131n\u0131 b\u00fcy\u00fck \u00f6l\u00e7\u00fcde azaltt\u0131\u011f\u0131n\u0131 s\u00f6ylerken, di\u011fer taraf da r\u00fczgar ve g\u00fcne\u015f enerjisi gibi daha umut verici alternatiflere vurgu yap\u0131yor.<\/strong><\/p>\n<p>De\u011fi\u015fen enerji dinamikleri, CO<sub>2<\/sub>\u00a0emisyonlar\u0131n\u0131n, 1990\u2019lar\u0131n ba\u015f\u0131ndan beri en d\u00fc\u015f\u00fck seviyede oldu\u011funu <img loading=\"lazy\" class=\"alignright size-medium wp-image-76116\" src=\"https:\/\/www.enerjigazetesi.ist\/wp-content\/uploads\/2018\/07\/yenilenebilir-enerji-gercekten-dogal-gazi-gecmis-olabilir-mi-300x169.jpg\" alt=\"\" width=\"300\" height=\"169\" srcset=\"https:\/\/www.enerjigazetesi.ist\/wp-content\/uploads\/2018\/07\/yenilenebilir-enerji-gercekten-dogal-gazi-gecmis-olabilir-mi-300x169.jpg 300w, https:\/\/www.enerjigazetesi.ist\/wp-content\/uploads\/2018\/07\/yenilenebilir-enerji-gercekten-dogal-gazi-gecmis-olabilir-mi-500x282.jpg 500w, https:\/\/www.enerjigazetesi.ist\/wp-content\/uploads\/2018\/07\/yenilenebilir-enerji-gercekten-dogal-gazi-gecmis-olabilir-mi-80x45.jpg 80w, https:\/\/www.enerjigazetesi.ist\/wp-content\/uploads\/2018\/07\/yenilenebilir-enerji-gercekten-dogal-gazi-gecmis-olabilir-mi.jpg 728w\" sizes=\"(max-width: 300px) 100vw, 300px\" \/>g\u00f6steriyor. Ve bu durumda kilit soru, politika yap\u0131c\u0131lar\u0131n do\u011fal gaz piyasas\u0131 ile u\u011fra\u015fmaya devam edip etmeyecekleri ya da a\u011f\u0131r y\u00fck\u00fc kald\u0131rmak i\u00e7in daha temiz, yenilenebilir se\u00e7eneklerin pe\u015finde ko\u015fup ko\u015fmayacaklar\u0131d\u0131r. Her iki t\u00fcr yak\u0131t da asl\u0131nda k\u00fcresel ticaretin merkezindedir.<\/p>\n<p>Reuters\u2019\u0131n raporuna g\u00f6re, Washington\u2019daki D\u00fcnya Gaz Konferans\u0131\u2019nda, do\u011fal gaz\u0131n, yenilenebilir enerjiye ge\u00e7i\u015f yak\u0131t\u0131 oldu\u011fu fikrinin garip bulundu\u011fu, asl\u0131nda do\u011fal gaz\u0131n, iklim de\u011fi\u015fikli\u011fi i\u00e7in bir \u00e7\u00f6z\u00fcm oldu\u011fu g\u00f6r\u00fc\u015f\u00fc vurguland\u0131.<\/p>\n<p>ABD Enerji Bilgi \u0130daresi (EIA), ABD\u2019nin kan\u0131tlanm\u0131\u015f do\u011fal gaz rezervinin, %5 art\u0131\u015fla 341 trilyon k\u00fcbik feet oldu\u011funu, \u00f6nceki ara\u015ft\u0131rmalara g\u00f6re yakla\u015f\u0131k 17 trilyon k\u00fcbik feet daha fazla oldu\u011funu bildirdi. H\u00fck\u00fcmetin \u00f6ng\u00f6r\u00fclerine g\u00f6re, d\u00fcnyadaki do\u011fal gaz t\u00fcketimi y\u0131lda %30 art\u0131yor. Tahminlere g\u00f6re bu miktar, Asya\u2019dan beklenen talep nedeniyle en az\u0131ndan s\u00fcrd\u00fcr\u00fclebilir bir seviyede.<\/p>\n<p>Enerji \u00fcretim pazar\u0131n\u0131n k\u00f6m\u00fcr pay\u0131 \u00f6n\u00fcm\u00fczdeki y\u0131llarda %30\u2019larda kalacakken, do\u011falgaz pay\u0131 % 50\u2019ye varabilir. Bu geni\u015flemenin %60\u2019\u0131n\u0131n da sanayinin b\u00fcy\u00fcmesinden kaynaklanaca\u011f\u0131 \u00f6ng\u00f6r\u00fcl\u00fcyor.<\/p>\n<p>Ekonomik g\u00fc\u00e7ler, do\u011fal gaz end\u00fcstrisini ileriye ta\u015f\u0131yacak, ayn\u0131 zamanda da \u0131s\u0131 yakalama emisyonlar\u0131n\u0131 azaltmaya yard\u0131mc\u0131 olacak. Ancak bu geli\u015fmeler, yenilenebilir enerjiyi desteklemek i\u00e7in daha yeni ve daha temiz teknolojilerin geli\u015ftirilmesini engellemiyor. \u00d6ng\u00f6r\u00fclebilen gelecek i\u00e7in, yak\u0131tlar ayn\u0131 zamanda eri\u015fimlerini de geni\u015fletecekler.<\/p>\n<p>Kaynak:\u00a0\u201cCould Renewable Energy Really Breeze Past Natural Gas?\u201d, Reuters<\/p>","protected":false},"excerpt":{"rendered":"<p>Sorry, this entry is only available in Turkish. For the sake of viewer convenience, the content is shown below in the alternative language. You may click the link to switch the active language.K\u00fcresel \u0131s\u0131nmayla m\u00fccadele s\u00f6z konusu oldu\u011funda, do\u011fal gaza olan g\u00f6r\u00fc\u015fler de biraz kar\u0131\u015f\u0131yor. Bir taraf, do\u011fal gaz\u0131n, k\u00f6m\u00fcr\u00fcn pazar pay\u0131n\u0131 azaltt\u0131\u011f\u0131n\u0131 ve bu [&hellip;]<\/p>\n","protected":false},"author":1,"featured_media":76116,"comment_status":"open","ping_status":"open","sticky":false,"template":"","format":"standard","meta":[],"categories":[46,53,49,50],"tags":[1128,19761,23219,67,1009,23416,24949,26829],"views":1882,"_links":{"self":[{"href":"https:\/\/www.enerjigazetesi.ist\/en\/wp-json\/wp\/v2\/posts\/76115"}],"collection":[{"href":"https:\/\/www.enerjigazetesi.ist\/en\/wp-json\/wp\/v2\/posts"}],"about":[{"href":"https:\/\/www.enerjigazetesi.ist\/en\/wp-json\/wp\/v2\/types\/post"}],"author":[{"embeddable":true,"href":"https:\/\/www.enerjigazetesi.ist\/en\/wp-json\/wp\/v2\/users\/1"}],"replies":[{"embeddable":true,"href":"https:\/\/www.enerjigazetesi.ist\/en\/wp-json\/wp\/v2\/comments?post=76115"}],"version-history":[{"count":1,"href":"https:\/\/www.enerjigazetesi.ist\/en\/wp-json\/wp\/v2\/posts\/76115\/revisions"}],"predecessor-version":[{"id":76117,"href":"https:\/\/www.enerjigazetesi.ist\/en\/wp-json\/wp\/v2\/posts\/76115\/revisions\/76117"}],"wp:featuredmedia":[{"embeddable":true,"href":"https:\/\/www.enerjigazetesi.ist\/en\/wp-json\/wp\/v2\/media\/76116"}],"wp:attachment":[{"href":"https:\/\/www.enerjigazetesi.ist\/en\/wp-json\/wp\/v2\/media?parent=76115"}],"wp:term":[{"taxonomy":"category","embeddable":true,"href":"https:\/\/www.enerjigazetesi.ist\/en\/wp-json\/wp\/v2\/categories?post=76115"},{"taxonomy":"post_tag","embeddable":true,"href":"https:\/\/www.enerjigazetesi.ist\/en\/wp-json\/wp\/v2\/tags?post=76115"}],"curies":[{"name":"wp","href":"https:\/\/api.w.org\/{rel}","templated":true}]}}