{"id":7606,"date":"2013-03-01T16:57:34","date_gmt":"2013-03-01T13:57:34","guid":{"rendered":"https:\/\/www.enerjigazetesi.ist\/?p=7606"},"modified":"2013-03-01T17:04:39","modified_gmt":"2013-03-01T14:04:39","slug":"enerji-kimlik-belgesi-olmayana-insaat-izni-yok","status":"publish","type":"post","link":"https:\/\/www.enerjigazetesi.ist\/en\/enerji-kimlik-belgesi-olmayana-insaat-izni-yok\/","title":{"rendered":"(Turkish) Enerji Kimlik Belgesi Olmayana \u0130n\u015faat \u0130zni Yok!"},"content":{"rendered":"<p class=\"qtranxs-available-languages-message qtranxs-available-languages-message-en\">Sorry, this entry is only available in <a href=\"https:\/\/www.enerjigazetesi.ist\/tr\/wp-json\/wp\/v2\/posts\/7606\" class=\"qtranxs-available-language-link qtranxs-available-language-link-tr\" title=\"Turkish\">Turkish<\/a>. For the sake of viewer convenience, the content is shown below in the alternative language. You may click the link to switch the active language.<\/p><p><\/p>\n<h2>\u00c7evre ve \u015eehircilik Bakan\u0131 Erdo\u011fan Bayraktar, yeni yap\u0131lan binalar\u0131n enerji t\u00fcketimlerinin, eski binalara g\u00f6re y\u00fczde 40 daha az olmas\u0131 konusunda \u00e7al\u0131\u015fmalar\u0131n yap\u0131ld\u0131\u011f\u0131n\u0131 ve \u00fclkemizde ya\u015fanan enerji kayb\u0131n\u0131 y\u00fczde 16 azaltmay\u0131 hedeflediklerini belirtip, \u201c\u015eehirlerin g\u00fcr\u00fclt\u00fc haritalar\u0131n\u0131 \u00e7\u0131kar\u0131yoruz. Binalara, enerji kimlik belgesi olmadan in\u015faat ruhsat\u0131 ve iskan m\u00fcsaadesi vermiyoruz. B\u00f6ylelikle, enerji t\u00fcketimini y\u00fczde 40 daha az olmas\u0131 sa\u011flanacak, \u00fclkenin tamam\u0131nda enerji kay\u0131plar\u0131 y\u00fczde 16 azalacak\u201d dedi.<\/h2>\n<p><img loading=\"lazy\" class=\"alignright size-medium wp-image-7607\" title=\"cevre-ve-sehircilik-bakani-erdogan-bayraktar\" src=\"https:\/\/www.enerjigazetesi.ist\/wp-content\/uploads\/2013\/03\/20061-300x186.jpg\" alt=\"\" width=\"300\" height=\"186\" srcset=\"https:\/\/www.enerjigazetesi.ist\/wp-content\/uploads\/2013\/03\/20061-300x186.jpg 300w, https:\/\/www.enerjigazetesi.ist\/wp-content\/uploads\/2013\/03\/20061-80x50.jpg 80w, https:\/\/www.enerjigazetesi.ist\/wp-content\/uploads\/2013\/03\/20061.jpg 483w\" sizes=\"(max-width: 300px) 100vw, 300px\" \/>\u0130stanbul Four Seasons Otel\u2019de d\u00fczenlenen t\u00f6rende konu\u015fan\u00a0 Erdo\u011fan Bayraktar, yeni yap\u0131lan binalar\u0131n enerji t\u00fcketimlerinin, eski binalara g\u00f6re y\u00fczde 40 daha az olmas\u0131 konusunda \u00e7al\u0131\u015fmalar\u0131n yap\u0131ld\u0131\u011f\u0131n\u0131 ve \u00fclkemizde ya\u015fanan enerji kayb\u0131n\u0131 y\u00fczde 16 azaltmay\u0131 hedeflediklerini belirtip, \u201c\u015eehirlerin g\u00fcr\u00fclt\u00fc haritalar\u0131n\u0131 \u00e7\u0131kar\u0131yoruz. Binalara, enerji kimlik belgesi olmadan in\u015faat ruhsat\u0131 ve iskan m\u00fcsaadesi vermiyoruz. B\u00f6ylelikle, enerji t\u00fcketimini y\u00fczde 40 daha az olmas\u0131 sa\u011flanacak, \u00fclkenin tamam\u0131nda enerji kay\u0131plar\u0131 y\u00fczde 16 azalacak\u201d dedi.<\/p>\n<p>Kentsel d\u00f6n\u00fc\u015f\u00fcm kapsam\u0131nda 10 y\u0131l i\u00e7inde 20 milyonu a\u015fan konut stokunun 14 milyonunu elden ge\u00e7irip, 6,5 milyon konutu d\u00f6n\u00fc\u015ft\u00fcreceklerini hat\u0131rlatan Bayraktar, \u201cBunu ana partnerimiz belediyeler ve vatanda\u015f\u0131n talebi do\u011frultusunda, d\u00fcnya standartlar\u0131na g\u00f6re yapaca\u011f\u0131z. Enerji verimli olmayan, yal\u0131t\u0131ms\u0131z, kaynak israf\u0131 do\u011furan yap\u0131lardan kurtulaca\u011f\u0131z. Sala\u015f ve dayan\u0131ks\u0131z yap\u0131lar g\u00fc\u00e7lendirip onlar\u0131n yerine sa\u011flam ve estetik binalar in\u015fa edece\u011fiz\u201d dedi.<\/p>\n<p>Kaynak: <a href=\"http:\/\/www.enerjienstitusu.com\">Enerji Enstit\u00fcs\u00fc<\/a><\/p>","protected":false},"excerpt":{"rendered":"<p>Sorry, this entry is only available in Turkish. For the sake of viewer convenience, the content is shown below in the alternative language. You may click the link to switch the active language. \u00c7evre ve \u015eehircilik Bakan\u0131 Erdo\u011fan Bayraktar, yeni yap\u0131lan binalar\u0131n enerji t\u00fcketimlerinin, eski binalara g\u00f6re y\u00fczde 40 daha az olmas\u0131 konusunda \u00e7al\u0131\u015fmalar\u0131n yap\u0131ld\u0131\u011f\u0131n\u0131 [&hellip;]<\/p>\n","protected":false},"author":1,"featured_media":7607,"comment_status":"open","ping_status":"open","sticky":false,"template":"","format":"standard","meta":[],"categories":[53,52],"tags":[1965,335,67,3079,336,148,12,1966,3078],"views":627,"_links":{"self":[{"href":"https:\/\/www.enerjigazetesi.ist\/en\/wp-json\/wp\/v2\/posts\/7606"}],"collection":[{"href":"https:\/\/www.enerjigazetesi.ist\/en\/wp-json\/wp\/v2\/posts"}],"about":[{"href":"https:\/\/www.enerjigazetesi.ist\/en\/wp-json\/wp\/v2\/types\/post"}],"author":[{"embeddable":true,"href":"https:\/\/www.enerjigazetesi.ist\/en\/wp-json\/wp\/v2\/users\/1"}],"replies":[{"embeddable":true,"href":"https:\/\/www.enerjigazetesi.ist\/en\/wp-json\/wp\/v2\/comments?post=7606"}],"version-history":[{"count":4,"href":"https:\/\/www.enerjigazetesi.ist\/en\/wp-json\/wp\/v2\/posts\/7606\/revisions"}],"predecessor-version":[{"id":7611,"href":"https:\/\/www.enerjigazetesi.ist\/en\/wp-json\/wp\/v2\/posts\/7606\/revisions\/7611"}],"wp:featuredmedia":[{"embeddable":true,"href":"https:\/\/www.enerjigazetesi.ist\/en\/wp-json\/wp\/v2\/media\/7607"}],"wp:attachment":[{"href":"https:\/\/www.enerjigazetesi.ist\/en\/wp-json\/wp\/v2\/media?parent=7606"}],"wp:term":[{"taxonomy":"category","embeddable":true,"href":"https:\/\/www.enerjigazetesi.ist\/en\/wp-json\/wp\/v2\/categories?post=7606"},{"taxonomy":"post_tag","embeddable":true,"href":"https:\/\/www.enerjigazetesi.ist\/en\/wp-json\/wp\/v2\/tags?post=7606"}],"curies":[{"name":"wp","href":"https:\/\/api.w.org\/{rel}","templated":true}]}}