{"id":76037,"date":"2018-07-09T13:21:10","date_gmt":"2018-07-09T10:21:10","guid":{"rendered":"https:\/\/www.enerjigazetesi.ist\/?p=76037"},"modified":"2018-07-09T13:21:34","modified_gmt":"2018-07-09T10:21:34","slug":"cw-enerji-gunes-panelleri-ergoya-emanet","status":"publish","type":"post","link":"https:\/\/www.enerjigazetesi.ist\/en\/cw-enerji-gunes-panelleri-ergoya-emanet\/","title":{"rendered":"(Turkish) CW Enerji G\u00fcne\u015f Panelleri ERGO\u2019ya Emanet"},"content":{"rendered":"<p class=\"qtranxs-available-languages-message qtranxs-available-languages-message-en\">Sorry, this entry is only available in <a href=\"https:\/\/www.enerjigazetesi.ist\/tr\/wp-json\/wp\/v2\/posts\/76037\" class=\"qtranxs-available-language-link qtranxs-available-language-link-tr\" title=\"Turkish\">Turkish<\/a>. For the sake of viewer convenience, the content is shown below in the alternative language. You may click the link to switch the active language.<\/p><p><strong>ERGO T\u00fcrkiye, \u00fclkemiz ile beraber Avrupa ve Uzak Do\u011fu\u2019da g\u00fcne\u015f paneli \u00fcretimi ger\u00e7ekle\u015ftiren,\u00a0 Antalya Organize Sanayi B\u00f6lgesi\u2019nde faaliyet g\u00f6steren CW Enerji, M\u00fchendislik, Ticaret ve Sanayi A.\u015e. ile g\u00fcne\u015f panellerine y\u00f6nelik \u00dcr\u00fcn Garanti Sigortas\u0131 i\u015f birli\u011fine imza att\u0131.<\/strong><\/p>\n<p>S\u00fcrd\u00fcr\u00fclebilir kalk\u0131nma anlay\u0131\u015f\u0131 i\u00e7inde \u00f6nemli bir yer tutan \u00e7evre politikalar\u0131, do\u011fal kaynaklar\u0131n korunmas\u0131yla beraber yenilenebilir enerji kaynaklar\u0131n\u0131n kullan\u0131m\u0131n\u0131 yayg\u0131nla\u015ft\u0131rmay\u0131 hedefliyor. <img loading=\"lazy\" class=\"alignright size-medium wp-image-76038\" src=\"https:\/\/www.enerjigazetesi.ist\/wp-content\/uploads\/2018\/07\/cw-enerji-gunes-panelleri-ergoya-emanet-300x169.jpg\" alt=\"\" width=\"300\" height=\"169\" srcset=\"https:\/\/www.enerjigazetesi.ist\/wp-content\/uploads\/2018\/07\/cw-enerji-gunes-panelleri-ergoya-emanet-300x169.jpg 300w, https:\/\/www.enerjigazetesi.ist\/wp-content\/uploads\/2018\/07\/cw-enerji-gunes-panelleri-ergoya-emanet-768x432.jpg 768w, https:\/\/www.enerjigazetesi.ist\/wp-content\/uploads\/2018\/07\/cw-enerji-gunes-panelleri-ergoya-emanet-500x281.jpg 500w, https:\/\/www.enerjigazetesi.ist\/wp-content\/uploads\/2018\/07\/cw-enerji-gunes-panelleri-ergoya-emanet-80x45.jpg 80w, https:\/\/www.enerjigazetesi.ist\/wp-content\/uploads\/2018\/07\/cw-enerji-gunes-panelleri-ergoya-emanet.jpg 868w\" sizes=\"(max-width: 300px) 100vw, 300px\" \/>Do\u011fan\u0131n kendi evrimi i\u00e7erisinde kendili\u011finden mevcut olabilen enerji kaynaklar\u0131 aras\u0131nda yer alan g\u00fcne\u015f enerjisi ise k\u00fcresel \u00e7apta oldu\u011fu gibi T\u00fcrkiye\u2019de de giderek \u00f6nem kazan\u0131yor.<\/p>\n<p>Bu vizyon do\u011frultusunda ERGO T\u00fcrkiye, yenilenebilir enerji kaynaklar\u0131n\u0131n kullan\u0131m\u0131n\u0131 art\u0131rmak hassasiyetiyle geli\u015ftirdi\u011fi G\u00fcne\u015f Enerji Santralleri Sigortac\u0131l\u0131\u011f\u0131n\u0131 yeni bir boyuta ta\u015f\u0131d\u0131. Ge\u00e7ti\u011fimiz y\u0131l sekt\u00f6r\u00fcnde bir ilki ger\u00e7ekle\u015ftirerek, yetersiz \u0131\u015f\u0131madan kaynakl\u0131 performans kay\u0131plar\u0131n\u0131 g\u00fcvence alt\u0131na alan ERGO T\u00fcrkiye, Antalya Acentesi Kotra Sigorta arac\u0131l\u0131\u011f\u0131yla T\u00fcrkiye\u2019nin 500 B\u00fcy\u00fck Sanayi Kurulu\u015fu aras\u0131nda yer alan lider g\u00fcne\u015f paneli \u00fcreticisi CW Enerji ile i\u015fbirli\u011fine imza att\u0131. Bu anla\u015fma ile CW Enerji\u2019nin g\u00fcne\u015f enerjisi panellerinin verimlilikleri 25 y\u0131l s\u00fcreyle ERGO g\u00fcvencesi kapsam\u0131na al\u0131nd\u0131.<\/p>\n<p>ERGO T\u00fcrkiye \u0130cra Kurulu \u00dcyesi Y\u0131ld\u0131r\u0131m T\u00fcre, Birle\u015fmi\u015f Milletler S\u00fcrd\u00fcr\u00fclebilir Kalk\u0131nma \u0130lkeleri aras\u0131nda yer alan iklim de\u011fi\u015fikli\u011finin ERGO Grubu\u2019nun da \u00e7evresel sorumluluk anlay\u0131\u015f\u0131n\u0131n da bir par\u00e7as\u0131 oldu\u011funu belirterek, \u201cERGO Grubu ve hissedar\u0131m\u0131z Munich RE\u2019nin ortakla\u015fa geli\u015ftirdi\u011fi s\u00fcrd\u00fcr\u00fclebilirlik vizyonu ile hareket etmeyi her daim ilke ediniyoruz. Grubumuzun k\u00fcresel \u00e7apta yayg\u0131nla\u015ft\u0131rd\u0131\u011f\u0131 kurumsal sosyal sorumluluk faaliyetleri, temel olarak iklim de\u011fi\u015fikli\u011fiyle m\u00fccadele \u00e7er\u00e7evesinde \u015fekilleniyor. Biz de ERGO T\u00fcrkiye olarak ayn\u0131 bak\u0131\u015f a\u00e7\u0131s\u0131yla hareket ederek, topluma ve ya\u015fad\u0131\u011f\u0131m\u0131z d\u00fcnyaya katk\u0131 sa\u011flama hedefiyle \u00e7al\u0131\u015fmalar\u0131m\u0131za devam ediyoruz\u201d dedi. T\u00fcre s\u00f6zlerini, \u201cAntalya acentemiz Kotra Sigorta arac\u0131l\u0131\u011f\u0131yla CW Enerji, M\u00fchendislik, Ticaret ve Sanayi A.\u015e. ile yap\u0131lan bu i\u015fbirli\u011fini g\u00f6n\u00fclden destekliyorum\u201d diyerek sonland\u0131rd\u0131.<\/p>","protected":false},"excerpt":{"rendered":"<p>Sorry, this entry is only available in Turkish. For the sake of viewer convenience, the content is shown below in the alternative language. You may click the link to switch the active language.ERGO T\u00fcrkiye, \u00fclkemiz ile beraber Avrupa ve Uzak Do\u011fu\u2019da g\u00fcne\u015f paneli \u00fcretimi ger\u00e7ekle\u015ftiren,\u00a0 Antalya Organize Sanayi B\u00f6lgesi\u2019nde faaliyet g\u00f6steren CW Enerji, M\u00fchendislik, Ticaret [&hellip;]<\/p>\n","protected":false},"author":1,"featured_media":76038,"comment_status":"open","ping_status":"open","sticky":false,"template":"","format":"standard","meta":[],"categories":[53,49],"tags":[34868,67,1009,38246,2326,23416,23131],"views":1124,"_links":{"self":[{"href":"https:\/\/www.enerjigazetesi.ist\/en\/wp-json\/wp\/v2\/posts\/76037"}],"collection":[{"href":"https:\/\/www.enerjigazetesi.ist\/en\/wp-json\/wp\/v2\/posts"}],"about":[{"href":"https:\/\/www.enerjigazetesi.ist\/en\/wp-json\/wp\/v2\/types\/post"}],"author":[{"embeddable":true,"href":"https:\/\/www.enerjigazetesi.ist\/en\/wp-json\/wp\/v2\/users\/1"}],"replies":[{"embeddable":true,"href":"https:\/\/www.enerjigazetesi.ist\/en\/wp-json\/wp\/v2\/comments?post=76037"}],"version-history":[{"count":1,"href":"https:\/\/www.enerjigazetesi.ist\/en\/wp-json\/wp\/v2\/posts\/76037\/revisions"}],"predecessor-version":[{"id":76039,"href":"https:\/\/www.enerjigazetesi.ist\/en\/wp-json\/wp\/v2\/posts\/76037\/revisions\/76039"}],"wp:featuredmedia":[{"embeddable":true,"href":"https:\/\/www.enerjigazetesi.ist\/en\/wp-json\/wp\/v2\/media\/76038"}],"wp:attachment":[{"href":"https:\/\/www.enerjigazetesi.ist\/en\/wp-json\/wp\/v2\/media?parent=76037"}],"wp:term":[{"taxonomy":"category","embeddable":true,"href":"https:\/\/www.enerjigazetesi.ist\/en\/wp-json\/wp\/v2\/categories?post=76037"},{"taxonomy":"post_tag","embeddable":true,"href":"https:\/\/www.enerjigazetesi.ist\/en\/wp-json\/wp\/v2\/tags?post=76037"}],"curies":[{"name":"wp","href":"https:\/\/api.w.org\/{rel}","templated":true}]}}