{"id":76024,"date":"2018-07-09T10:50:47","date_gmt":"2018-07-09T07:50:47","guid":{"rendered":"https:\/\/www.enerjigazetesi.ist\/?p=76024"},"modified":"2018-07-09T10:50:47","modified_gmt":"2018-07-09T07:50:47","slug":"enerjinin-merkezinde-yapay-zeka-ile-calisan-akilli-sebekeler-yer-alacak","status":"publish","type":"post","link":"https:\/\/www.enerjigazetesi.ist\/en\/enerjinin-merkezinde-yapay-zeka-ile-calisan-akilli-sebekeler-yer-alacak\/","title":{"rendered":"(Turkish) &#8221;Enerjinin Merkezinde Yapay Zeka \u0130le \u00c7al\u0131\u015fan Ak\u0131ll\u0131 \u015eebekeler Yer Alacak&#8221;"},"content":{"rendered":"<p class=\"qtranxs-available-languages-message qtranxs-available-languages-message-en\">Sorry, this entry is only available in <a href=\"https:\/\/www.enerjigazetesi.ist\/tr\/wp-json\/wp\/v2\/posts\/76024\" class=\"qtranxs-available-language-link qtranxs-available-language-link-tr\" title=\"Turkish\">Turkish<\/a>. For the sake of viewer convenience, the content is shown below in the alternative language. You may click the link to switch the active language.<\/p><p><strong>Uluslararas\u0131 denetim, vergi ve dan\u0131\u015fmanl\u0131k \u015firketi KPMG\u2019nin T\u00fcrkiye Enerji ve Do\u011fal Kaynaklar Sekt\u00f6r Lideri \u00dcmit Bilirgen taraf\u0131ndan gelecekte enerji sekt\u00f6r\u00fcn\u00fcn merkezinde yapay zekayla \u00e7al\u0131\u015fan ak\u0131ll\u0131 \u015febekeler olaca\u011f\u0131 belirtilerek, \u201cAk\u0131ll\u0131 \u015febekeler arz ve talebi y\u00f6netirken, en kritik nokta t\u00fcketim fazlas\u0131 enerjinin depolanmas\u0131 olaca\u011f\u0131 ve elektri\u011fi gaza \u00e7eviren teknolojiler g\u00fcndemde olacakt\u0131r.\u201d denildi.<\/strong><span id=\"more-100798\"><\/span><\/p>\n<p>Bilirgen, a\u00e7\u0131klamas\u0131nda, KPMG\u2019nin d\u00fcnyada enerji sekt\u00f6r\u00fcnden 200\u2019den fazla \u00fcst y\u00f6neticiyle g\u00f6r\u00fc\u015ferek \u201cYenilenebilir Enerji \u0130\u015flemleri Ara\u015ft\u0131rmas\u0131\u201d yapt\u0131\u011f\u0131n\u0131 ve bu kapsamda sekt\u00f6rdeki yeni geli\u015fmeleri <img loading=\"lazy\" class=\"alignright size-medium wp-image-76025\" src=\"https:\/\/www.enerjigazetesi.ist\/wp-content\/uploads\/2018\/07\/enerjinin-merkezinde-yapay-zeka-ile-calisan-akilli-sebekeler-yer-alacak-300x170.jpg\" alt=\"\" width=\"300\" height=\"170\" srcset=\"https:\/\/www.enerjigazetesi.ist\/wp-content\/uploads\/2018\/07\/enerjinin-merkezinde-yapay-zeka-ile-calisan-akilli-sebekeler-yer-alacak-300x170.jpg 300w, https:\/\/www.enerjigazetesi.ist\/wp-content\/uploads\/2018\/07\/enerjinin-merkezinde-yapay-zeka-ile-calisan-akilli-sebekeler-yer-alacak-768x435.jpg 768w, https:\/\/www.enerjigazetesi.ist\/wp-content\/uploads\/2018\/07\/enerjinin-merkezinde-yapay-zeka-ile-calisan-akilli-sebekeler-yer-alacak.jpg 1024w, https:\/\/www.enerjigazetesi.ist\/wp-content\/uploads\/2018\/07\/enerjinin-merkezinde-yapay-zeka-ile-calisan-akilli-sebekeler-yer-alacak-500x283.jpg 500w, https:\/\/www.enerjigazetesi.ist\/wp-content\/uploads\/2018\/07\/enerjinin-merkezinde-yapay-zeka-ile-calisan-akilli-sebekeler-yer-alacak-80x45.jpg 80w\" sizes=\"(max-width: 300px) 100vw, 300px\" \/>de\u011ferlendirdi\u011fini dile getirdi.<\/p>\n<p>Yeni d\u00f6nem ile birlikte \u00f6zellikle r\u00fczgar, g\u00fcne\u015f ve hidroelektrik alanlar\u0131nda yeni yat\u0131r\u0131mlar olaca\u011f\u0131na vurgu yapan Bilirgen, yenilenebilir enerjinin s\u00fcrd\u00fcr\u00fclebilirli\u011fi i\u00e7in ak\u00fc depolama teknolojilerinin kritik \u00f6nem ta\u015f\u0131yaca\u011f\u0131n\u0131 da dile getirdi.<\/p>\n<p>Bilirgen, ara\u015ft\u0131rmaya kat\u0131lan enerji uzmanlar\u0131n\u0131n yakla\u015f\u0131k y\u00fczde 74\u2019\u00fcn\u00fcn hidrojenin yenilenebilir enerjinin geli\u015fiminde \u00f6nemli bir kolayla\u015ft\u0131r\u0131c\u0131 unsur olaca\u011f\u0131n\u0131 d\u00fc\u015f\u00fcnd\u00fc\u011f\u00fcn\u00fc s\u00f6yledi.<\/p>\n<p>Ak\u00fc depolama gibi hidrojen teknolojisinin elektri\u011fi gaza d\u00f6n\u00fc\u015ft\u00fcrmede kullan\u0131labildi\u011fine dikkati \u00e7eken Bilirgen, \u015funlar\u0131 s\u00f6yledi:<\/p>\n<p>\u201cBu teknolojinin temelinde su molek\u00fcllerinin elektrik kullan\u0131larak hidrojen ve oksijene ayr\u0131\u015ft\u0131r\u0131ld\u0131\u011f\u0131 elektroliz i\u015flemi yat\u0131yor. Elektri\u011fin hidrojene veya ek bir ad\u0131mla metana d\u00f6n\u00fc\u015ft\u00fcr\u00fclmesi, ortaya \u00e7\u0131kan gaz\u0131n do\u011falgaz veya di\u011fer fosil yak\u0131tlara alternatif olarak kullan\u0131labilmesine imkan tan\u0131yor. Son derece y\u00fcksek bir enerji yo\u011funlu\u011funa sahip hidrojenin yak\u0131ld\u0131\u011f\u0131nda CO2 salmayan ve elektri\u011fin aksine s\u00fcresiz depolanabilen bir gaz oldu\u011funu da ak\u0131lda tutmak gerek. Gelecekte enerji sekt\u00f6r\u00fcn\u00fcn merkezinde yapay zekayla \u00e7al\u0131\u015fan ak\u0131ll\u0131 \u015febekeler olacak. Ak\u0131ll\u0131 \u015febekeler arz ve talebi y\u00f6netirken, en kritik nokta t\u00fcketim fazlas\u0131 enerjinin depolanmas\u0131 olacak. Elektri\u011fi gaza \u00e7eviren teknolojiler g\u00fcndemde olacak.\u201d<\/p>","protected":false},"excerpt":{"rendered":"<p>Sorry, this entry is only available in Turkish. For the sake of viewer convenience, the content is shown below in the alternative language. You may click the link to switch the active language.Uluslararas\u0131 denetim, vergi ve dan\u0131\u015fmanl\u0131k \u015firketi KPMG\u2019nin T\u00fcrkiye Enerji ve Do\u011fal Kaynaklar Sekt\u00f6r Lideri \u00dcmit Bilirgen taraf\u0131ndan gelecekte enerji sekt\u00f6r\u00fcn\u00fcn merkezinde yapay zekayla [&hellip;]<\/p>\n","protected":false},"author":1,"featured_media":76025,"comment_status":"open","ping_status":"open","sticky":false,"template":"","format":"standard","meta":[],"categories":[51,53],"tags":[1603,92,34979,19638,26353,67,1009,165,30764,38240],"views":1023,"_links":{"self":[{"href":"https:\/\/www.enerjigazetesi.ist\/en\/wp-json\/wp\/v2\/posts\/76024"}],"collection":[{"href":"https:\/\/www.enerjigazetesi.ist\/en\/wp-json\/wp\/v2\/posts"}],"about":[{"href":"https:\/\/www.enerjigazetesi.ist\/en\/wp-json\/wp\/v2\/types\/post"}],"author":[{"embeddable":true,"href":"https:\/\/www.enerjigazetesi.ist\/en\/wp-json\/wp\/v2\/users\/1"}],"replies":[{"embeddable":true,"href":"https:\/\/www.enerjigazetesi.ist\/en\/wp-json\/wp\/v2\/comments?post=76024"}],"version-history":[{"count":1,"href":"https:\/\/www.enerjigazetesi.ist\/en\/wp-json\/wp\/v2\/posts\/76024\/revisions"}],"predecessor-version":[{"id":76026,"href":"https:\/\/www.enerjigazetesi.ist\/en\/wp-json\/wp\/v2\/posts\/76024\/revisions\/76026"}],"wp:featuredmedia":[{"embeddable":true,"href":"https:\/\/www.enerjigazetesi.ist\/en\/wp-json\/wp\/v2\/media\/76025"}],"wp:attachment":[{"href":"https:\/\/www.enerjigazetesi.ist\/en\/wp-json\/wp\/v2\/media?parent=76024"}],"wp:term":[{"taxonomy":"category","embeddable":true,"href":"https:\/\/www.enerjigazetesi.ist\/en\/wp-json\/wp\/v2\/categories?post=76024"},{"taxonomy":"post_tag","embeddable":true,"href":"https:\/\/www.enerjigazetesi.ist\/en\/wp-json\/wp\/v2\/tags?post=76024"}],"curies":[{"name":"wp","href":"https:\/\/api.w.org\/{rel}","templated":true}]}}