{"id":75987,"date":"2018-07-08T21:43:00","date_gmt":"2018-07-08T18:43:00","guid":{"rendered":"https:\/\/www.enerjigazetesi.ist\/?p=75987"},"modified":"2018-07-08T21:48:03","modified_gmt":"2018-07-08T18:48:03","slug":"elektrik-fiyatlari-kur-ve-oyunlar","status":"publish","type":"post","link":"https:\/\/www.enerjigazetesi.ist\/en\/elektrik-fiyatlari-kur-ve-oyunlar\/","title":{"rendered":"(Turkish) Elektrik Fiyatlar\u0131, Kur ve Oyunlar"},"content":{"rendered":"<p class=\"qtranxs-available-languages-message qtranxs-available-languages-message-en\">Sorry, this entry is only available in <a href=\"https:\/\/www.enerjigazetesi.ist\/tr\/wp-json\/wp\/v2\/posts\/75987\" class=\"qtranxs-available-language-link qtranxs-available-language-link-tr\" title=\"Turkish\">Turkish<\/a>. For the sake of viewer convenience, the content is shown below in the alternative language. You may click the link to switch the active language.<\/p><p><strong>S\u00f6ylemler her zaman ger\u00e7ekleri yans\u0131tmayabilir. \u201cZay\u0131f TL ihracat\u0131 artt\u0131r\u0131r, ithalat\u0131 d\u00fc\u015f\u00fcr\u00fcr\u201d, \u201cElektrik fiyatlar\u0131 sanayiciyi \u00e7arpt\u0131\u201d, \u201cEnerji zamm\u0131 sekt\u00f6r\u00fc zorluyor\u201d gibi haberleri s\u0131k s\u0131k okumak m\u00fcmk\u00fcnd\u00fcr.<img loading=\"lazy\" class=\"alignright size-medium wp-image-75988\" src=\"https:\/\/www.enerjigazetesi.ist\/wp-content\/uploads\/2018\/07\/elektrik-fiyatlari-kur-ve-oyunlar-300x145.jpg\" alt=\"\" width=\"300\" height=\"145\" srcset=\"https:\/\/www.enerjigazetesi.ist\/wp-content\/uploads\/2018\/07\/elektrik-fiyatlari-kur-ve-oyunlar-300x145.jpg 300w, https:\/\/www.enerjigazetesi.ist\/wp-content\/uploads\/2018\/07\/elektrik-fiyatlari-kur-ve-oyunlar-80x39.jpg 80w, https:\/\/www.enerjigazetesi.ist\/wp-content\/uploads\/2018\/07\/elektrik-fiyatlari-kur-ve-oyunlar.jpg 301w\" sizes=\"(max-width: 300px) 100vw, 300px\" \/><\/strong><\/p>\n<p>ABD\u2019nin \u00e7elik ithalat\u0131na uygulad\u0131\u011f\u0131 vergilere kar\u015f\u0131 T\u00fcrkiye\u2019deki \u00e7elik \u00fcreticilerinin \u00e7ok b\u00fcy\u00fck tepki vermemesi bir merak konusuydu. 15 May\u0131s 2018 tarihli\u00a0<a href=\"https:\/\/www.dunya.com\/ekonomi\/demir-celikci-abdnin-ilave-vergi-kararina-ragmen-ihracata-basladi-haberi-415690\">D\u00fcnya Gazetesi<\/a>\u00a0haberinde \u00c7elik \u0130hracat\u00e7\u0131lar\u0131 Birli\u011fi Ba\u015fkan\u0131 Adnan Aslan \u201cYass\u0131 s\u0131cakta %25 vergiye ra\u011fmen ihracat yapt\u0131k. ABD i\u00e7 piyasas\u0131nda fiyatlar \u00e7ok y\u00fckseldi. Eski antidampingler var ve bunlarla birlikte seviye %34\u2019e geliyor. Ona ra\u011fmen ihracat yap\u0131labilecek gibi g\u00f6z\u00fck\u00fcyor\u201d a\u00e7\u0131klamas\u0131nda bulundu. Di\u011fer taraftan, kur art\u0131\u015f\u0131 ile ihracat\u0131n artmas\u0131 beklenirken, ihracat\u00e7\u0131lar\u0131n da kur art\u0131\u015f\u0131na \u201cdur\u201d denilmesini istedi\u011fi\u00a0<a href=\"http:\/\/www.paraanaliz.com\/2018\/guncel\/ihracatcilar-kur-artisina-dur-denilmesini-istiyor-23385\/\">haberleri<\/a>\u00a0\u00e7\u0131kt\u0131. T\u00fcrkiye \u0130hracat\u00e7\u0131lar Meclisi Ba\u015fkan\u0131 Mehmet B\u00fcy\u00fckek\u015fi \u201cKur art\u0131\u015f\u0131n\u0131 ihracata katk\u0131 olarak g\u00f6rm\u00fcyoruz, tam tersine ekonominin gerektirdi\u011fi kur bizim a\u00e7\u0131m\u0131zdan daha \u00f6nemlidir\u201d diyor.<\/p>\n<p>10 May\u0131s 2018\u2019de ise \u201cSanayiciyi elektrik \u00e7arpt\u0131\u201d\u00a0<a href=\"https:\/\/www.dunya.com\/ekonomi\/sanayiciyi-elektrik-carpti-haberi-415009\">haberleri<\/a>\u00a0ile son d\u00f6nemde devreye giren \u201cSon Kaynak Tedarik Tarifesi\u201d ile ilgili \u015fikayetler yer almaktayd\u0131. Sanayicinin \u00f6dedi\u011fi y\u00fcksek elektrik bedelleri, ABD\u2019ye %34 vergi ile bile \u00e7elik sat\u0131\u015f\u0131n\u0131 m\u00fcmk\u00fcn k\u0131lan fiyat marjlar\u0131 ve ihracat\u00e7\u0131n\u0131n kur art\u0131\u015f\u0131n\u0131 ihracata katk\u0131 olarak g\u00f6rmedi\u011fi a\u00e7\u0131klamalar\u0131n\u0131 birlikte de\u011ferlendirmek gerekiyor.<\/p>\n<p>Enerji fiyatlar\u0131n\u0131n dolar cent olarak ucuzlama d\u00f6nemi ile ithalat\u0131n art\u0131\u015f\u0131 benzer d\u00f6nemlere denk gelmektedir. Elektrik ve do\u011falgaz fiyatlar\u0131n\u0131n dolar cinsinden d\u00fc\u015fmesi, hem cari a\u00e7\u0131\u011f\u0131 hem katma de\u011ferli \u00fcretimi, hem de b\u00fct\u00e7e dengesini etkileyebilir. Benzer \u015fekilde, kurakl\u0131ktan dolay\u0131 talep art\u0131\u015f\u0131n\u0131n do\u011falgazdan elektrik \u00fcretimindeki art\u0131\u015f ile kar\u015f\u0131lanmas\u0131 da yukar\u0131daki grafi\u011fin sebeplerinden biri olabilir. Fakat enerji fiyatlar\u0131 d\u00fc\u015ft\u00fck\u00e7e katma de\u011fer \u00fcretme bask\u0131s\u0131 kalmamaktad\u0131r, kendili\u011finden %25\u2019leri a\u015fan marjlar olu\u015fmaktad\u0131r ve bu da bir ba\u011f\u0131ml\u0131l\u0131k ili\u015fkisi g\u00f6stergesi olabilir.<\/p>\n<p>Yaz\u0131n\u0131n <a href=\"https:\/\/www.dunyaenerji.org.tr\/elektrik-fiyatlari-kur-ve-oyunlar\/\" target=\"_blank\" rel=\"noopener\">Devam\u0131n\u0131 Okumak \u0130\u00e7in TIKLAYIN&gt;&gt;&gt;<\/a><\/p>","protected":false},"excerpt":{"rendered":"<p>Sorry, this entry is only available in Turkish. For the sake of viewer convenience, the content is shown below in the alternative language. You may click the link to switch the active language.S\u00f6ylemler her zaman ger\u00e7ekleri yans\u0131tmayabilir. \u201cZay\u0131f TL ihracat\u0131 artt\u0131r\u0131r, ithalat\u0131 d\u00fc\u015f\u00fcr\u00fcr\u201d, \u201cElektrik fiyatlar\u0131 sanayiciyi \u00e7arpt\u0131\u201d, \u201cEnerji zamm\u0131 sekt\u00f6r\u00fc zorluyor\u201d gibi haberleri s\u0131k s\u0131k [&hellip;]<\/p>\n","protected":false},"author":1,"featured_media":75988,"comment_status":"open","ping_status":"open","sticky":false,"template":"","format":"standard","meta":[],"categories":[51,53],"tags":[34979,343,19638,26353,67,1009],"views":668,"_links":{"self":[{"href":"https:\/\/www.enerjigazetesi.ist\/en\/wp-json\/wp\/v2\/posts\/75987"}],"collection":[{"href":"https:\/\/www.enerjigazetesi.ist\/en\/wp-json\/wp\/v2\/posts"}],"about":[{"href":"https:\/\/www.enerjigazetesi.ist\/en\/wp-json\/wp\/v2\/types\/post"}],"author":[{"embeddable":true,"href":"https:\/\/www.enerjigazetesi.ist\/en\/wp-json\/wp\/v2\/users\/1"}],"replies":[{"embeddable":true,"href":"https:\/\/www.enerjigazetesi.ist\/en\/wp-json\/wp\/v2\/comments?post=75987"}],"version-history":[{"count":2,"href":"https:\/\/www.enerjigazetesi.ist\/en\/wp-json\/wp\/v2\/posts\/75987\/revisions"}],"predecessor-version":[{"id":75991,"href":"https:\/\/www.enerjigazetesi.ist\/en\/wp-json\/wp\/v2\/posts\/75987\/revisions\/75991"}],"wp:featuredmedia":[{"embeddable":true,"href":"https:\/\/www.enerjigazetesi.ist\/en\/wp-json\/wp\/v2\/media\/75988"}],"wp:attachment":[{"href":"https:\/\/www.enerjigazetesi.ist\/en\/wp-json\/wp\/v2\/media?parent=75987"}],"wp:term":[{"taxonomy":"category","embeddable":true,"href":"https:\/\/www.enerjigazetesi.ist\/en\/wp-json\/wp\/v2\/categories?post=75987"},{"taxonomy":"post_tag","embeddable":true,"href":"https:\/\/www.enerjigazetesi.ist\/en\/wp-json\/wp\/v2\/tags?post=75987"}],"curies":[{"name":"wp","href":"https:\/\/api.w.org\/{rel}","templated":true}]}}