{"id":75985,"date":"2018-07-08T21:37:59","date_gmt":"2018-07-08T18:37:59","guid":{"rendered":"https:\/\/www.enerjigazetesi.ist\/?p=75985"},"modified":"2018-07-08T21:45:13","modified_gmt":"2018-07-08T18:45:13","slug":"turkiye-tum-enerji-ihtiyacini-elektrikle-karsilasa","status":"publish","type":"post","link":"https:\/\/www.enerjigazetesi.ist\/en\/turkiye-tum-enerji-ihtiyacini-elektrikle-karsilasa\/","title":{"rendered":"(Turkish) T\u00fcrkiye T\u00fcm Enerji \u0130htiyac\u0131n\u0131 Elektrikle Kar\u015f\u0131lasa&#8230;"},"content":{"rendered":"<p class=\"qtranxs-available-languages-message qtranxs-available-languages-message-en\">Sorry, this entry is only available in <a href=\"https:\/\/www.enerjigazetesi.ist\/tr\/wp-json\/wp\/v2\/posts\/75985\" class=\"qtranxs-available-language-link qtranxs-available-language-link-tr\" title=\"Turkish\">Turkish<\/a>. For the sake of viewer convenience, the content is shown below in the alternative language. You may click the link to switch the active language.<\/p><p><strong>G\u00fcne\u015f ve r\u00fczgar ile t\u00fcm enerji ihtiya\u00e7lar\u0131m\u0131z\u0131 kar\u015f\u0131layabilir miyiz? Uzun zamand\u0131r bir\u00e7ok tart\u0131\u015fmada g\u00fcne\u015f fiyat\u0131n\u0131n rekor d\u00fc\u015f\u00fc\u015f\u00fc ile t\u00fcm enerji ihtiya\u00e7lar\u0131n\u0131 kar\u015f\u0131layabilece\u011fi, temiz bir d\u00fcnyaya h\u0131zla ge\u00e7ilebilece\u011fine dair s\u00f6ylemleri duyuyoruz. Bu Q raporunda, \u00f6ncelikle T\u00fcrkiye\u2019nin t\u00fcm enerji talebinin elektrik cinsinden kar\u015f\u0131l\u0131\u011f\u0131 ele al\u0131nacak, sonras\u0131nda ise bu miktar\u0131n kar\u015f\u0131lanmas\u0131 i\u00e7in ne kadar g\u00fcne\u015f ve r\u00fczgar kayna\u011f\u0131na ihtiyac\u0131m\u0131z\u0131n olaca\u011f\u0131 hesaplanmaya \u00e7al\u0131\u015f\u0131lacakt\u0131r. G\u00fcne\u015ften hidrojen \u00fcretimi daha verimsiz olaca\u011f\u0131ndan, elektri\u011fin \u0131s\u0131 olarak kullan\u0131lmas\u0131na de\u011finilecektir.<\/strong><\/p>\n<p>Bir \u015feyin m\u00fcmk\u00fcn olmas\u0131 ile bir \u015feyin yap\u0131labilir olmas\u0131 her zaman ayn\u0131 olmayabilir. Mesela Jules <img loading=\"lazy\" class=\"alignleft wp-image-50004 size-medium\" src=\"https:\/\/www.enerjigazetesi.ist\/wp-content\/uploads\/2016\/02\/elektrik-ve-gaz-uretim-fiyatlari-artti-300x194.jpg\" alt=\"turkiye-tum-enerji-ihtiyacini-elektrikle-karsilasa\" width=\"300\" height=\"194\" srcset=\"https:\/\/www.enerjigazetesi.ist\/wp-content\/uploads\/2016\/02\/elektrik-ve-gaz-uretim-fiyatlari-artti-300x194.jpg 300w, https:\/\/www.enerjigazetesi.ist\/wp-content\/uploads\/2016\/02\/elektrik-ve-gaz-uretim-fiyatlari-artti-77x50.jpg 77w, https:\/\/www.enerjigazetesi.ist\/wp-content\/uploads\/2016\/02\/elektrik-ve-gaz-uretim-fiyatlari-artti.jpg 448w\" sizes=\"(max-width: 300px) 100vw, 300px\" \/>Verne\u2019in aya seyahati 1865 y\u0131l\u0131nda yaz\u0131lm\u0131\u015f; aya ilk insanl\u0131 yolculuk ise 1969 y\u0131l\u0131nda ger\u00e7ekle\u015ftirilebilmi\u015ftir. Bir iktisat\u00e7\u0131ya g\u00f6re konu sadece birim fiyat, maliyet olarak g\u00f6r\u00fcl\u00fcrken, bir m\u00fchendis i\u00e7in \u00f6nemli detay teknolojinin varl\u0131\u011f\u0131, ekonomik olmas\u0131 ve imkan verebilirli\u011fidir.<\/p>\n<p>T\u00fcrkiye t\u00fcm enerjisini elektrikle sa\u011flasa, 2017 y\u0131l\u0131 enerji talebi baz al\u0131nd\u0131\u011f\u0131nda 900 TWh, 2017 \u00fcretiminin 3 kat\u0131 kadar, elektrik \u00fcretimine ihtiya\u00e7 oldu\u011fu g\u00f6r\u00fclmektedir. Her \u015feyi g\u00fcne\u015f ve r\u00fczgar enerjisi ile sa\u011flamak i\u00e7in ihtiya\u00e7 duyulan yat\u0131r\u0131m ise, mevcut kurulu g\u00fc\u00e7 ve teknoloji ile -bu yat\u0131r\u0131mlar\u0131n \u00f6mr\u00fcn\u00fcn 25-30 sene oldu\u011fu d\u00fc\u015f\u00fcn\u00fcld\u00fc\u011f\u00fcnde- inan\u0131lmaz rakamlara \u00e7\u0131kmaktad\u0131r.<\/p>\n<p>Bu yorumlara bak\u0131larak, daha fazla g\u00fcne\u015f ve r\u00fczgar kaynakl\u0131 santral yap\u0131lmamas\u0131 gerekti\u011fi veya yap\u0131lamayaca\u011f\u0131 anla\u015f\u0131lmamal\u0131, aksine ekonomik oldu\u011fu s\u00fcrece yap\u0131labildi\u011fi kadar yap\u0131lmal\u0131d\u0131r. Fakat, elektrik sisteminin teknolojik limitlerine san\u0131ld\u0131\u011f\u0131ndan daha erken gelinebilece\u011fi de g\u00f6z \u00f6n\u00fcnde bulundurulmal\u0131d\u0131r.<\/p>\n<p>Yaz\u0131n\u0131n <a href=\"https:\/\/www.dunyaenerji.org.tr\/turkiye-tum-enerji-ihtiyacini-elektrikle-karsilasa\/\" target=\"_blank\" rel=\"noopener\">Devam\u0131 \u0130\u00e7in TIKLAYINIZ&gt;&gt;&gt;<\/a><\/p>","protected":false},"excerpt":{"rendered":"<p>Sorry, this entry is only available in Turkish. For the sake of viewer convenience, the content is shown below in the alternative language. You may click the link to switch the active language.G\u00fcne\u015f ve r\u00fczgar ile t\u00fcm enerji ihtiya\u00e7lar\u0131m\u0131z\u0131 kar\u015f\u0131layabilir miyiz? Uzun zamand\u0131r bir\u00e7ok tart\u0131\u015fmada g\u00fcne\u015f fiyat\u0131n\u0131n rekor d\u00fc\u015f\u00fc\u015f\u00fc ile t\u00fcm enerji ihtiya\u00e7lar\u0131n\u0131 kar\u015f\u0131layabilece\u011fi, temiz [&hellip;]<\/p>\n","protected":false},"author":1,"featured_media":50004,"comment_status":"open","ping_status":"open","sticky":false,"template":"","format":"standard","meta":[],"categories":[51,53,49,50],"tags":[34979,7219,26353,19,67,1009,23416,24949,846],"views":785,"_links":{"self":[{"href":"https:\/\/www.enerjigazetesi.ist\/en\/wp-json\/wp\/v2\/posts\/75985"}],"collection":[{"href":"https:\/\/www.enerjigazetesi.ist\/en\/wp-json\/wp\/v2\/posts"}],"about":[{"href":"https:\/\/www.enerjigazetesi.ist\/en\/wp-json\/wp\/v2\/types\/post"}],"author":[{"embeddable":true,"href":"https:\/\/www.enerjigazetesi.ist\/en\/wp-json\/wp\/v2\/users\/1"}],"replies":[{"embeddable":true,"href":"https:\/\/www.enerjigazetesi.ist\/en\/wp-json\/wp\/v2\/comments?post=75985"}],"version-history":[{"count":2,"href":"https:\/\/www.enerjigazetesi.ist\/en\/wp-json\/wp\/v2\/posts\/75985\/revisions"}],"predecessor-version":[{"id":75990,"href":"https:\/\/www.enerjigazetesi.ist\/en\/wp-json\/wp\/v2\/posts\/75985\/revisions\/75990"}],"wp:featuredmedia":[{"embeddable":true,"href":"https:\/\/www.enerjigazetesi.ist\/en\/wp-json\/wp\/v2\/media\/50004"}],"wp:attachment":[{"href":"https:\/\/www.enerjigazetesi.ist\/en\/wp-json\/wp\/v2\/media?parent=75985"}],"wp:term":[{"taxonomy":"category","embeddable":true,"href":"https:\/\/www.enerjigazetesi.ist\/en\/wp-json\/wp\/v2\/categories?post=75985"},{"taxonomy":"post_tag","embeddable":true,"href":"https:\/\/www.enerjigazetesi.ist\/en\/wp-json\/wp\/v2\/tags?post=75985"}],"curies":[{"name":"wp","href":"https:\/\/api.w.org\/{rel}","templated":true}]}}