{"id":75911,"date":"2018-07-07T12:40:12","date_gmt":"2018-07-07T09:40:12","guid":{"rendered":"https:\/\/www.enerjigazetesi.ist\/?p=75911"},"modified":"2018-07-07T12:40:39","modified_gmt":"2018-07-07T09:40:39","slug":"iranda-gerceklesen-elektrik-kesintileri-ile-vatandas-zor-durumda-kaliyor","status":"publish","type":"post","link":"https:\/\/www.enerjigazetesi.ist\/en\/iranda-gerceklesen-elektrik-kesintileri-ile-vatandas-zor-durumda-kaliyor\/","title":{"rendered":"(Turkish) \u0130ran\u2019da Ger\u00e7ekle\u015fen Elektrik Kesintileri \u0130le Vatanda\u015f Zor Durumda Kal\u0131yor"},"content":{"rendered":"<p class=\"qtranxs-available-languages-message qtranxs-available-languages-message-en\">Sorry, this entry is only available in <a href=\"https:\/\/www.enerjigazetesi.ist\/tr\/wp-json\/wp\/v2\/posts\/75911\" class=\"qtranxs-available-language-link qtranxs-available-language-link-tr\" title=\"Turkish\">Turkish<\/a>. For the sake of viewer convenience, the content is shown below in the alternative language. You may click the link to switch the active language.<\/p><p><strong>\u0130ran\u2019da yaz aylar\u0131nda elektrik t\u00fcketiminin artmas\u0131 \u00fczerine planl\u0131 olarak ger\u00e7ekle\u015ftirilen elektrik kesintiler ile vatanda\u015flar zor durumda kal\u0131yor.<\/strong><\/p>\n<p><span id=\"more-100790\"><img loading=\"lazy\" class=\"alignleft size-medium wp-image-75913\" src=\"https:\/\/www.enerjigazetesi.ist\/wp-content\/uploads\/2018\/07\/iranda-gerceklesen-elektrik-kesintileri-ile-vatandas-zor-durumda-kaliyor-300x168.jpg\" alt=\"\" width=\"300\" height=\"168\" srcset=\"https:\/\/www.enerjigazetesi.ist\/wp-content\/uploads\/2018\/07\/iranda-gerceklesen-elektrik-kesintileri-ile-vatandas-zor-durumda-kaliyor-300x168.jpg 300w, https:\/\/www.enerjigazetesi.ist\/wp-content\/uploads\/2018\/07\/iranda-gerceklesen-elektrik-kesintileri-ile-vatandas-zor-durumda-kaliyor-500x280.jpg 500w, https:\/\/www.enerjigazetesi.ist\/wp-content\/uploads\/2018\/07\/iranda-gerceklesen-elektrik-kesintileri-ile-vatandas-zor-durumda-kaliyor-80x45.jpg 80w, https:\/\/www.enerjigazetesi.ist\/wp-content\/uploads\/2018\/07\/iranda-gerceklesen-elektrik-kesintileri-ile-vatandas-zor-durumda-kaliyor.jpg 649w\" sizes=\"(max-width: 300px) 100vw, 300px\" \/><\/span>\u0130ran\u2019da mevsimsel olarak artan elektrik t\u00fcketimi y\u00fcz\u00fcnden kriz ya\u015fand\u0131\u011f\u0131 belirtiliyor. Ba\u015fkent Tahran olmak \u00fczere \u0130ran\u2019\u0131n farkl\u0131 \u015fehirlerinde elektrik kesintileri \u0130ranl\u0131 vatanda\u015flar\u0131 zor durumda b\u0131rakm\u0131\u015f vaziyette. S\u0131cak yaz aylar\u0131nda zirveye ula\u015fm\u0131\u015f olan elektrik t\u00fcketimine \u00e7are olarak, \u0130ran h\u00fck\u00fcmeti yar\u0131ndan itibaren devlet kurumlar\u0131n\u0131n ve bankalar\u0131n mesai saatlerinin 06.00 ila 14.00 aras\u0131 olaca\u011f\u0131n\u0131 dile getirdi.<\/p>\n<p>Elektrik t\u00fcketimini kontrol etmek amac\u0131 ile Tahran Valili\u011fi&#8217;nce yap\u0131lan a\u00e7\u0131klamada bug\u00fcnden itibaren yakla\u015f\u0131k 15 g\u00fcn boyunca devlet kurumlar\u0131nda ve bankalarda mesai saatlerinin 06.00\u2019dan 14.00\u2019e kadar olaca\u011f\u0131 belirtildi. Bundan \u00f6nce de devlet kurumlar\u0131nda yerel saat ile 13.30\u2019da klima gibi so\u011futucu sistemlerin devre d\u0131\u015f\u0131 b\u0131rak\u0131lmamas\u0131 durumunda, devlet taraf\u0131ndan kurumun elektriklerinin kesilece\u011fi y\u00f6n\u00fcnde \u0130ranl\u0131 yetkililerce a\u00e7\u0131klamalar ger\u00e7ekle\u015ftirilmi\u015fti.<\/p>","protected":false},"excerpt":{"rendered":"<p>Sorry, this entry is only available in Turkish. For the sake of viewer convenience, the content is shown below in the alternative language. You may click the link to switch the active language.\u0130ran\u2019da yaz aylar\u0131nda elektrik t\u00fcketiminin artmas\u0131 \u00fczerine planl\u0131 olarak ger\u00e7ekle\u015ftirilen elektrik kesintiler ile vatanda\u015flar zor durumda kal\u0131yor. \u0130ran\u2019da mevsimsel olarak artan elektrik t\u00fcketimi [&hellip;]<\/p>\n","protected":false},"author":1,"featured_media":75913,"comment_status":"open","ping_status":"open","sticky":false,"template":"","format":"standard","meta":[],"categories":[51,53],"tags":[68,34979,19638,26353,130,19,63,67,1009,38199],"views":634,"_links":{"self":[{"href":"https:\/\/www.enerjigazetesi.ist\/en\/wp-json\/wp\/v2\/posts\/75911"}],"collection":[{"href":"https:\/\/www.enerjigazetesi.ist\/en\/wp-json\/wp\/v2\/posts"}],"about":[{"href":"https:\/\/www.enerjigazetesi.ist\/en\/wp-json\/wp\/v2\/types\/post"}],"author":[{"embeddable":true,"href":"https:\/\/www.enerjigazetesi.ist\/en\/wp-json\/wp\/v2\/users\/1"}],"replies":[{"embeddable":true,"href":"https:\/\/www.enerjigazetesi.ist\/en\/wp-json\/wp\/v2\/comments?post=75911"}],"version-history":[{"count":1,"href":"https:\/\/www.enerjigazetesi.ist\/en\/wp-json\/wp\/v2\/posts\/75911\/revisions"}],"predecessor-version":[{"id":75914,"href":"https:\/\/www.enerjigazetesi.ist\/en\/wp-json\/wp\/v2\/posts\/75911\/revisions\/75914"}],"wp:featuredmedia":[{"embeddable":true,"href":"https:\/\/www.enerjigazetesi.ist\/en\/wp-json\/wp\/v2\/media\/75913"}],"wp:attachment":[{"href":"https:\/\/www.enerjigazetesi.ist\/en\/wp-json\/wp\/v2\/media?parent=75911"}],"wp:term":[{"taxonomy":"category","embeddable":true,"href":"https:\/\/www.enerjigazetesi.ist\/en\/wp-json\/wp\/v2\/categories?post=75911"},{"taxonomy":"post_tag","embeddable":true,"href":"https:\/\/www.enerjigazetesi.ist\/en\/wp-json\/wp\/v2\/tags?post=75911"}],"curies":[{"name":"wp","href":"https:\/\/api.w.org\/{rel}","templated":true}]}}