{"id":75870,"date":"2018-07-05T19:46:44","date_gmt":"2018-07-05T16:46:44","guid":{"rendered":"https:\/\/www.enerjigazetesi.ist\/?p=75870"},"modified":"2018-07-05T19:46:44","modified_gmt":"2018-07-05T16:46:44","slug":"greenpeace-insansiz-hava-araci-ile-fransada-nukleer-santrale-sizdi","status":"publish","type":"post","link":"https:\/\/www.enerjigazetesi.ist\/en\/greenpeace-insansiz-hava-araci-ile-fransada-nukleer-santrale-sizdi\/","title":{"rendered":"(Turkish) Greenpeace \u0130nsans\u0131z Hava Arac\u0131 \u0130le Fransa\u2019da N\u00fckleer Santrale S\u0131zd\u0131"},"content":{"rendered":"<p class=\"qtranxs-available-languages-message qtranxs-available-languages-message-en\">Sorry, this entry is only available in <a href=\"https:\/\/www.enerjigazetesi.ist\/tr\/wp-json\/wp\/v2\/posts\/75870\" class=\"qtranxs-available-language-link qtranxs-available-language-link-tr\" title=\"Turkish\">Turkish<\/a>. For the sake of viewer convenience, the content is shown below in the alternative language. You may click the link to switch the active language.<\/p><p><strong>\u00c7evre su\u00e7lar\u0131na kar\u015f\u0131 y\u00fcr\u00fctt\u00fc\u011f\u00fc uluslararas\u0131 kampanyalar ve dikkat \u00e7ekici eylemleri ile bilinen\u00a0Greenpeace, \u00e7izgi roman ve film kahraman\u0131 g\u00f6r\u00fcn\u00fcm\u00fcnde tasarlanm\u0131\u015f bir hava arac\u0131n\u0131 Fransa\u2019n\u0131n Lyon \u015fehri yak\u0131nlar\u0131ndaki Bugey N\u00fckleer Santrali\u2019ne y\u00f6nlendirdi.<img loading=\"lazy\" class=\"alignright size-medium wp-image-75871\" src=\"https:\/\/www.enerjigazetesi.ist\/wp-content\/uploads\/2018\/07\/greenpeace-insansiz-hava-araci-ile-fransada-nukleer-santrale-sizdi-300x201.jpg\" alt=\"\" width=\"300\" height=\"201\" srcset=\"https:\/\/www.enerjigazetesi.ist\/wp-content\/uploads\/2018\/07\/greenpeace-insansiz-hava-araci-ile-fransada-nukleer-santrale-sizdi-300x201.jpg 300w, https:\/\/www.enerjigazetesi.ist\/wp-content\/uploads\/2018\/07\/greenpeace-insansiz-hava-araci-ile-fransada-nukleer-santrale-sizdi-500x335.jpg 500w, https:\/\/www.enerjigazetesi.ist\/wp-content\/uploads\/2018\/07\/greenpeace-insansiz-hava-araci-ile-fransada-nukleer-santrale-sizdi-75x50.jpg 75w, https:\/\/www.enerjigazetesi.ist\/wp-content\/uploads\/2018\/07\/greenpeace-insansiz-hava-araci-ile-fransada-nukleer-santrale-sizdi.jpg 696w\" sizes=\"(max-width: 300px) 100vw, 300px\" \/><\/strong><\/p>\n<p>Greenpeace Fransa aktivistleri u\u00e7u\u015fa yasak b\u00f6lge olarak tan\u0131mlanm\u0131\u015f hava sahas\u0131nda u\u00e7urmay\u0131 ba\u015fard\u0131klar\u0131 arac\u0131, daha da ileri giderek santralin 2 numaral\u0131 reakt\u00f6r\u00fcn\u00fcn yak\u0131t havuzuna temas ettirdi.<\/p>\n<p>Eylemin ard\u0131ndan a\u00e7\u0131klamalarda bulunan Greenpeace yetkilileri bu durumun n\u00fckleer santralin g\u00fcvenli\u011finin son derece zay\u0131f oldu\u011funu, santralin i\u015fletilmesinden sorumlu Fransa Elektrik Kurumu\u2019nun (EDF) g\u00fcvenlik \u00f6nlemlerini g\u00f6zden ge\u00e7irmesini ve kendilerine yapt\u0131klar\u0131 uyar\u0131lar\u0131 g\u00f6z ard\u0131 etmemesi gerekti\u011fini dile getirdi.<\/p>","protected":false},"excerpt":{"rendered":"<p>Sorry, this entry is only available in Turkish. For the sake of viewer convenience, the content is shown below in the alternative language. You may click the link to switch the active language.\u00c7evre su\u00e7lar\u0131na kar\u015f\u0131 y\u00fcr\u00fctt\u00fc\u011f\u00fc uluslararas\u0131 kampanyalar ve dikkat \u00e7ekici eylemleri ile bilinen\u00a0Greenpeace, \u00e7izgi roman ve film kahraman\u0131 g\u00f6r\u00fcn\u00fcm\u00fcnde tasarlanm\u0131\u015f bir hava arac\u0131n\u0131 Fransa\u2019n\u0131n [&hellip;]<\/p>\n","protected":false},"author":1,"featured_media":75871,"comment_status":"open","ping_status":"open","sticky":false,"template":"","format":"standard","meta":[],"categories":[53,43],"tags":[38186,3701,67,1009,1401,10149,1133,21,23134,25480,34930],"views":1083,"_links":{"self":[{"href":"https:\/\/www.enerjigazetesi.ist\/en\/wp-json\/wp\/v2\/posts\/75870"}],"collection":[{"href":"https:\/\/www.enerjigazetesi.ist\/en\/wp-json\/wp\/v2\/posts"}],"about":[{"href":"https:\/\/www.enerjigazetesi.ist\/en\/wp-json\/wp\/v2\/types\/post"}],"author":[{"embeddable":true,"href":"https:\/\/www.enerjigazetesi.ist\/en\/wp-json\/wp\/v2\/users\/1"}],"replies":[{"embeddable":true,"href":"https:\/\/www.enerjigazetesi.ist\/en\/wp-json\/wp\/v2\/comments?post=75870"}],"version-history":[{"count":1,"href":"https:\/\/www.enerjigazetesi.ist\/en\/wp-json\/wp\/v2\/posts\/75870\/revisions"}],"predecessor-version":[{"id":75872,"href":"https:\/\/www.enerjigazetesi.ist\/en\/wp-json\/wp\/v2\/posts\/75870\/revisions\/75872"}],"wp:featuredmedia":[{"embeddable":true,"href":"https:\/\/www.enerjigazetesi.ist\/en\/wp-json\/wp\/v2\/media\/75871"}],"wp:attachment":[{"href":"https:\/\/www.enerjigazetesi.ist\/en\/wp-json\/wp\/v2\/media?parent=75870"}],"wp:term":[{"taxonomy":"category","embeddable":true,"href":"https:\/\/www.enerjigazetesi.ist\/en\/wp-json\/wp\/v2\/categories?post=75870"},{"taxonomy":"post_tag","embeddable":true,"href":"https:\/\/www.enerjigazetesi.ist\/en\/wp-json\/wp\/v2\/tags?post=75870"}],"curies":[{"name":"wp","href":"https:\/\/api.w.org\/{rel}","templated":true}]}}