{"id":75861,"date":"2018-07-04T20:07:42","date_gmt":"2018-07-04T17:07:42","guid":{"rendered":"https:\/\/www.enerjigazetesi.ist\/?p=75861"},"modified":"2018-07-04T20:07:42","modified_gmt":"2018-07-04T17:07:42","slug":"troya-yilina-uedas-destegi","status":"publish","type":"post","link":"https:\/\/www.enerjigazetesi.ist\/en\/troya-yilina-uedas-destegi\/","title":{"rendered":"(Turkish) Troya Y\u0131l\u0131na UEDA\u015e Deste\u011fi!"},"content":{"rendered":"<p class=\"qtranxs-available-languages-message qtranxs-available-languages-message-en\">Sorry, this entry is only available in <a href=\"https:\/\/www.enerjigazetesi.ist\/tr\/wp-json\/wp\/v2\/posts\/75861\" class=\"qtranxs-available-language-link qtranxs-available-language-link-tr\" title=\"Turkish\">Turkish<\/a>. For the sake of viewer convenience, the content is shown below in the alternative language. You may click the link to switch the active language.<\/p><p><strong>K\u00fclt\u00fcr Bakanl\u0131\u011f\u0131 taraf\u0131ndan 2018 y\u0131l\u0131n\u0131n Troya Y\u0131l\u0131 ilan edilmesine UEDA\u015e\u2019tan destek geldi. \u201cTrafolar Konu\u015fuyor\u201d projesi kapsam\u0131nda UEDA\u015e, \u00c7anakkale\u2019deki bir trafoya \u2018Troya Y\u0131l\u0131\u2019 ile ilgili g\u00f6rsel \u00e7al\u0131\u015fmas\u0131 yapt\u0131. <\/strong><\/p>\n<p>\u00c7anakkale\u2019deki Troya Antik Kenti\u2019nin UNESCO D\u00fcnya K\u00fclt\u00fcr Miras\u0131 Listesi\u2019ne al\u0131n\u0131\u015f\u0131n\u0131n 20. y\u0131l\u0131 dolay\u0131s\u0131yla K\u00fclt\u00fcr ve Turizm Bakanl\u0131\u011f\u0131 taraf\u0131ndan 2018 y\u0131l\u0131 \u201cTroya Y\u0131l\u0131\u201d olarak ilan edildi. Bu kapsamda <img loading=\"lazy\" class=\"alignleft size-full wp-image-75862\" src=\"https:\/\/www.enerjigazetesi.ist\/wp-content\/uploads\/2018\/07\/troya-yilina-uedas-destegi.jpg\" alt=\"\" width=\"325\" height=\"402\" srcset=\"https:\/\/www.enerjigazetesi.ist\/wp-content\/uploads\/2018\/07\/troya-yilina-uedas-destegi.jpg 325w, https:\/\/www.enerjigazetesi.ist\/wp-content\/uploads\/2018\/07\/troya-yilina-uedas-destegi-243x300.jpg 243w, https:\/\/www.enerjigazetesi.ist\/wp-content\/uploads\/2018\/07\/troya-yilina-uedas-destegi-323x400.jpg 323w, https:\/\/www.enerjigazetesi.ist\/wp-content\/uploads\/2018\/07\/troya-yilina-uedas-destegi-40x50.jpg 40w\" sizes=\"(max-width: 325px) 100vw, 325px\" \/>yap\u0131lan \u00e7al\u0131\u015fmalara Bursa, Bal\u0131kesir, \u00c7anakkale ve Yalova\u2019da yakla\u015f\u0131k 3 milyon aboneye kesintisiz ve kaliteli hizmet sunmak i\u00e7in \u00e7al\u0131\u015fmalar\u0131n\u0131 s\u00fcrd\u00fcren Uluda\u011f Elektrik Da\u011f\u0131t\u0131m A.\u015e.\u2019den (UEDA\u015e) destek geldi. UEDA\u015e\u2019\u0131n sosyal fark\u0131ndal\u0131k projesi olarak s\u00fcrd\u00fcrd\u00fc\u011f\u00fc \u201cTrafolar Konu\u015fuyor\u201d projesi ile \u00c7anakkale\u2019de \u015fehir merkezinde yer alan bir trafoya\u00a0 \u201cTruva At\u0131\u201d g\u00f6rseliyle giydirme ger\u00e7ekle\u015ftirildi. 2018\u00a0Troya Y\u0131l\u0131 etkinlikleri kapsam\u0131nda \u00c7anakkale\u00a0Valili\u011finin koordinasyonu\u00a0ile Troya\u00a0Antik Kenti&#8217;nin ve\u00a0\u00c7anakkale&#8217;nin uluslararas\u0131 tan\u0131t\u0131mlar\u0131na devam ediliyor.\u00a0Y\u00fcr\u00fct\u00fclen etkinliklere b\u00f6lgenin elektrik da\u011f\u0131t\u0131m \u015firketi UEDA\u015e da katk\u0131 sa\u011flayacak.<\/p>\n<p><strong>TRAFO \u0130LE FARKINDALIK YARATILIYOR<\/strong><\/p>\n<p>\u201cTrafolar Konu\u015fuyor\u201d projesine 2017 y\u0131l\u0131nda ba\u015flayan UEDA\u015e, at\u0131l konumda olan trafolar\u0131 sosyal sorumlulu\u011fa a\u00e7arak toplumun bilin\u00e7lenmesini hedefliyor. B\u00f6ylelikle trafolardaki olumsuz yaz\u0131lar\u0131n ve tekd\u00fczeli\u011fin \u00f6n\u00fcne ge\u00e7ilirken ayn\u0131 zamanda sosyal mesajlar verilmesi sa\u011flan\u0131yor. Proje kapsam\u0131nda, \u201cEngel Sen Olma\u201d, \u201cEmniyet Kemeri Hayata Ba\u011flar\u201d, \u201cKad\u0131na \u015fiddete, dur de\u201d bilgilendirme yaz\u0131lar\u0131 trafolara grafiti sanat\u0131 ile yaz\u0131ld\u0131. Ayr\u0131ca sa\u011fl\u0131kl\u0131 ya\u015fam ve ba\u011f\u0131ml\u0131l\u0131k konular\u0131n\u0131 i\u00e7eren uyar\u0131 ve bilin\u00e7lendirme yaz\u0131lar\u0131 da trafolara grafiti sanat\u00e7\u0131lar\u0131 taraf\u0131ndan i\u015flendi. Bursa, Bal\u0131kesir, \u00c7anakkale ve Yalova\u2019da belirlenen 30 trafoda boyama \u00e7al\u0131\u015fmalar\u0131 devam eden projenin \u00e7e\u015fitli kurumlarla da i\u015fbirli\u011fi yap\u0131larak ulusal \u00e7apta yayg\u0131nla\u015ft\u0131r\u0131lmas\u0131 planlan\u0131yor.<\/p>","protected":false},"excerpt":{"rendered":"<p>Sorry, this entry is only available in Turkish. For the sake of viewer convenience, the content is shown below in the alternative language. You may click the link to switch the active language.K\u00fclt\u00fcr Bakanl\u0131\u011f\u0131 taraf\u0131ndan 2018 y\u0131l\u0131n\u0131n Troya Y\u0131l\u0131 ilan edilmesine UEDA\u015e\u2019tan destek geldi. \u201cTrafolar Konu\u015fuyor\u201d projesi kapsam\u0131nda UEDA\u015e, \u00c7anakkale\u2019deki bir trafoya \u2018Troya Y\u0131l\u0131\u2019 ile [&hellip;]<\/p>\n","protected":false},"author":1,"featured_media":75862,"comment_status":"open","ping_status":"open","sticky":false,"template":"","format":"standard","meta":[],"categories":[51,53],"tags":[34979,19638,26353,67,1009,38181,2227],"views":1097,"_links":{"self":[{"href":"https:\/\/www.enerjigazetesi.ist\/en\/wp-json\/wp\/v2\/posts\/75861"}],"collection":[{"href":"https:\/\/www.enerjigazetesi.ist\/en\/wp-json\/wp\/v2\/posts"}],"about":[{"href":"https:\/\/www.enerjigazetesi.ist\/en\/wp-json\/wp\/v2\/types\/post"}],"author":[{"embeddable":true,"href":"https:\/\/www.enerjigazetesi.ist\/en\/wp-json\/wp\/v2\/users\/1"}],"replies":[{"embeddable":true,"href":"https:\/\/www.enerjigazetesi.ist\/en\/wp-json\/wp\/v2\/comments?post=75861"}],"version-history":[{"count":1,"href":"https:\/\/www.enerjigazetesi.ist\/en\/wp-json\/wp\/v2\/posts\/75861\/revisions"}],"predecessor-version":[{"id":75863,"href":"https:\/\/www.enerjigazetesi.ist\/en\/wp-json\/wp\/v2\/posts\/75861\/revisions\/75863"}],"wp:featuredmedia":[{"embeddable":true,"href":"https:\/\/www.enerjigazetesi.ist\/en\/wp-json\/wp\/v2\/media\/75862"}],"wp:attachment":[{"href":"https:\/\/www.enerjigazetesi.ist\/en\/wp-json\/wp\/v2\/media?parent=75861"}],"wp:term":[{"taxonomy":"category","embeddable":true,"href":"https:\/\/www.enerjigazetesi.ist\/en\/wp-json\/wp\/v2\/categories?post=75861"},{"taxonomy":"post_tag","embeddable":true,"href":"https:\/\/www.enerjigazetesi.ist\/en\/wp-json\/wp\/v2\/tags?post=75861"}],"curies":[{"name":"wp","href":"https:\/\/api.w.org\/{rel}","templated":true}]}}