{"id":75808,"date":"2018-07-02T11:58:55","date_gmt":"2018-07-02T08:58:55","guid":{"rendered":"https:\/\/www.enerjigazetesi.ist\/?p=75808"},"modified":"2018-07-02T11:58:55","modified_gmt":"2018-07-02T08:58:55","slug":"dunya-cimento-birliginden-iklim-degisikligiyle-mucadelede-eylem-plani","status":"publish","type":"post","link":"https:\/\/www.enerjigazetesi.ist\/en\/dunya-cimento-birliginden-iklim-degisikligiyle-mucadelede-eylem-plani\/","title":{"rendered":"(Turkish) D\u00fcnya \u00c7imento Birli\u011fi&#8217;nden \u0130klim De\u011fi\u015fikli\u011fiyle M\u00fccadelede Eylem Plan\u0131!"},"content":{"rendered":"<p class=\"qtranxs-available-languages-message qtranxs-available-languages-message-en\">Sorry, this entry is only available in <a href=\"https:\/\/www.enerjigazetesi.ist\/tr\/wp-json\/wp\/v2\/posts\/75808\" class=\"qtranxs-available-language-link qtranxs-available-language-link-tr\" title=\"Turkish\">Turkish<\/a>. For the sake of viewer convenience, the content is shown below in the alternative language. You may click the link to switch the active language.<\/p><p><strong>D\u00fcnya \u00c7imento Birli\u011fi, Paris\u2019te d\u00fczenlenen K\u00fcresel \u0130klim De\u011fi\u015fikli\u011fi Forumu\u2019nda al\u0131nan kararlardan yola \u00e7\u0131karak, Eyl\u00fcl ay\u0131nda d\u00fcnya \u00e7imento end\u00fcstrisi i\u00e7in ortak bir \u2018\u0130klim De\u011fi\u015fikli\u011fi Eylem Plan\u0131\u2019 a\u00e7\u0131klayacak. <\/strong><\/p>\n<p>D\u00fcnya \u00c7imento Birli\u011fi taraf\u0131ndan 27-28 Haziran tarihlerinde Paris\u2019te d\u00fczenlenen K\u00fcresel \u0130klim <img loading=\"lazy\" class=\"alignleft size-medium wp-image-75809\" src=\"https:\/\/www.enerjigazetesi.ist\/wp-content\/uploads\/2018\/07\/dunya-cimento-birliginden-iklim-degisikligiyle-mucadelede-ortak-eylem-plani-300x200.jpg\" alt=\"\" width=\"300\" height=\"200\" srcset=\"https:\/\/www.enerjigazetesi.ist\/wp-content\/uploads\/2018\/07\/dunya-cimento-birliginden-iklim-degisikligiyle-mucadelede-ortak-eylem-plani-300x200.jpg 300w, https:\/\/www.enerjigazetesi.ist\/wp-content\/uploads\/2018\/07\/dunya-cimento-birliginden-iklim-degisikligiyle-mucadelede-ortak-eylem-plani-500x333.jpg 500w, https:\/\/www.enerjigazetesi.ist\/wp-content\/uploads\/2018\/07\/dunya-cimento-birliginden-iklim-degisikligiyle-mucadelede-ortak-eylem-plani-75x50.jpg 75w, https:\/\/www.enerjigazetesi.ist\/wp-content\/uploads\/2018\/07\/dunya-cimento-birliginden-iklim-degisikligiyle-mucadelede-ortak-eylem-plani.jpg 732w\" sizes=\"(max-width: 300px) 100vw, 300px\" \/>De\u011fi\u015fikli\u011fi Forumu\u2019nda, iklim de\u011fi\u015fikli\u011fine kar\u015f\u0131 \u00e7imento end\u00fcstrisinin atmas\u0131 gereken ad\u0131mlar tart\u0131\u015f\u0131ld\u0131.<\/p>\n<p>30\u2019u a\u015fk\u0131n \u00fclkeyi kapsayan \u00fcye a\u011f\u0131yla 1 milyar tondan fazla \u00e7imento \u00fcretim kapasitesini temsil eden Birlik, end\u00fcstrinin karbondioksit (CO<sub>2<\/sub>) sal\u0131m\u0131n\u0131n azalt\u0131lmas\u0131 ve Paris \u0130klim Anla\u015fmas\u0131 \u00e7er\u00e7evesinde belirlenen hedeflerin ger\u00e7ekle\u015ftirilmesi i\u00e7in daha fazla \u00e7aba g\u00f6stermesi gerekti\u011fini ortaya koydu ve bu do\u011frultuda s\u00f6zlerden \u00e7ok aksiyonlar\u0131n \u00f6neminin alt\u0131n\u0131 \u00e7izdi.<\/p>\n<p>Uluslararas\u0131 bas\u0131n\u0131n da yak\u0131ndan takip etti\u011fi Forum\u2019da, enerji verimlili\u011fi, at\u0131k yak\u0131tlar\u0131n end\u00fcstride kullan\u0131m oran\u0131, daha d\u00fc\u015f\u00fck klinker\/\u00e7imento oran\u0131 gibi hedeflerin yan\u0131nda; teknoloji ve inovasyona y\u00f6nelik yat\u0131r\u0131mlar\u0131n ve yeni teknolojilerin end\u00fcstriye adapte edilmesinin, bu m\u00fccadelede en \u00f6nemli rol\u00fc oynad\u0131\u011f\u0131 konusunda g\u00f6r\u00fc\u015f birli\u011fine var\u0131ld\u0131.<\/p>\n<p>D\u00fcnya \u00c7imento Birli\u011fi \u0130klim De\u011fi\u015fikli\u011fi Program Direkt\u00f6r\u00fc Bernard Mathieu, \u201c\u0130lk kez d\u00fczenlenen D\u00fcnya \u00c7imento Birli\u011fi K\u00fcresel \u0130klim De\u011fi\u015fikli\u011fi Forumu, Paris \u0130klim Anla\u015fmas\u0131 hedeflerinin ba\u015far\u0131l\u0131 bir \u015fekilde ger\u00e7ekle\u015ftirilmesi yolunda, inovasyon ve teknolojiyi en \u00f6nemli belirleyici unsur olarak \u00f6ne \u00e7\u0131karm\u0131\u015ft\u0131r\u201d dedi.<\/p>\n<p>Forumla ilgili olarak, D\u00fcnya \u00c7imento Birli\u011fi Y\u00f6netim Kurulu Ba\u015fkan\u0131 Emir Ad\u0131g\u00fczel de \u201cForumda, bir\u00e7ok kat\u0131l\u0131mc\u0131n\u0131n sorunun \u00e7\u00f6z\u00fcm\u00fcnde bilgi payla\u015f\u0131m\u0131n\u0131, kolektif \u00e7al\u0131\u015fmay\u0131 ve \u015feffafl\u0131\u011f\u0131 bir gereklilik olarak ifade etmesi, D\u00fcnya \u00c7imento Birli\u011fi\u2019nin, end\u00fcstrinin kar\u015f\u0131la\u015ft\u0131\u011f\u0131 iklim de\u011fi\u015fikli\u011fi ile m\u00fccadele gibi k\u00fcresel konulara ve sorunlara kar\u015f\u0131 ortak bir platform olarak varl\u0131\u011f\u0131n\u0131n \u00f6nemini tekrar vurgulam\u0131\u015f oldu\u201d de\u011ferlendirmesini yapt\u0131.<\/p>\n<p>D\u00fcnya \u00c7imento Birli\u011fi, Forum\u2019da al\u0131nan kararlardan yola \u00e7\u0131karak, Eyl\u00fcl 2018\u2019de d\u00fcnya \u00e7imento end\u00fcstrisi i\u00e7in ortak bir \u2018\u0130klim De\u011fi\u015fikli\u011fi Eylem Plan\u0131\u2019 a\u00e7\u0131klayacak.<\/p>","protected":false},"excerpt":{"rendered":"<p>Sorry, this entry is only available in Turkish. For the sake of viewer convenience, the content is shown below in the alternative language. You may click the link to switch the active language.D\u00fcnya \u00c7imento Birli\u011fi, Paris\u2019te d\u00fczenlenen K\u00fcresel \u0130klim De\u011fi\u015fikli\u011fi Forumu\u2019nda al\u0131nan kararlardan yola \u00e7\u0131karak, Eyl\u00fcl ay\u0131nda d\u00fcnya \u00e7imento end\u00fcstrisi i\u00e7in ortak bir \u2018\u0130klim De\u011fi\u015fikli\u011fi [&hellip;]<\/p>\n","protected":false},"author":1,"featured_media":75809,"comment_status":"open","ping_status":"open","sticky":false,"template":"","format":"standard","meta":[],"categories":[53,52],"tags":[38172,38169,38171,67,1009,5863,10921,11053,38170],"views":913,"_links":{"self":[{"href":"https:\/\/www.enerjigazetesi.ist\/en\/wp-json\/wp\/v2\/posts\/75808"}],"collection":[{"href":"https:\/\/www.enerjigazetesi.ist\/en\/wp-json\/wp\/v2\/posts"}],"about":[{"href":"https:\/\/www.enerjigazetesi.ist\/en\/wp-json\/wp\/v2\/types\/post"}],"author":[{"embeddable":true,"href":"https:\/\/www.enerjigazetesi.ist\/en\/wp-json\/wp\/v2\/users\/1"}],"replies":[{"embeddable":true,"href":"https:\/\/www.enerjigazetesi.ist\/en\/wp-json\/wp\/v2\/comments?post=75808"}],"version-history":[{"count":1,"href":"https:\/\/www.enerjigazetesi.ist\/en\/wp-json\/wp\/v2\/posts\/75808\/revisions"}],"predecessor-version":[{"id":75810,"href":"https:\/\/www.enerjigazetesi.ist\/en\/wp-json\/wp\/v2\/posts\/75808\/revisions\/75810"}],"wp:featuredmedia":[{"embeddable":true,"href":"https:\/\/www.enerjigazetesi.ist\/en\/wp-json\/wp\/v2\/media\/75809"}],"wp:attachment":[{"href":"https:\/\/www.enerjigazetesi.ist\/en\/wp-json\/wp\/v2\/media?parent=75808"}],"wp:term":[{"taxonomy":"category","embeddable":true,"href":"https:\/\/www.enerjigazetesi.ist\/en\/wp-json\/wp\/v2\/categories?post=75808"},{"taxonomy":"post_tag","embeddable":true,"href":"https:\/\/www.enerjigazetesi.ist\/en\/wp-json\/wp\/v2\/tags?post=75808"}],"curies":[{"name":"wp","href":"https:\/\/api.w.org\/{rel}","templated":true}]}}