{"id":75795,"date":"2018-07-02T11:21:46","date_gmt":"2018-07-02T08:21:46","guid":{"rendered":"https:\/\/www.enerjigazetesi.ist\/?p=75795"},"modified":"2018-07-02T11:21:46","modified_gmt":"2018-07-02T08:21:46","slug":"kadir-has-universitesi-iklim-degisikligiyle-mucadele-egitimi-verdi","status":"publish","type":"post","link":"https:\/\/www.enerjigazetesi.ist\/en\/kadir-has-universitesi-iklim-degisikligiyle-mucadele-egitimi-verdi\/","title":{"rendered":"(Turkish) Kadir Has \u00dcniversitesi \u201c\u0130klim De\u011fi\u015fikli\u011fiyle M\u00fccadele\u201d E\u011fitimi Verdi"},"content":{"rendered":"<p class=\"qtranxs-available-languages-message qtranxs-available-languages-message-en\">Sorry, this entry is only available in <a href=\"https:\/\/www.enerjigazetesi.ist\/tr\/wp-json\/wp\/v2\/posts\/75795\" class=\"qtranxs-available-language-link qtranxs-available-language-link-tr\" title=\"Turkish\">Turkish<\/a>. For the sake of viewer convenience, the content is shown below in the alternative language. You may click the link to switch the active language.<\/p><p><strong>Kadir Has \u00dcniversitesi taraf\u0131ndan Avrupa Birli\u011fi taraf\u0131ndan fonlanan \u201cT\u00fcrkiye\u2019de \u0130klim De\u011fi\u015fikli\u011fi Alan\u0131nda Kapasitenin Geli\u015ftirilmesi Hibe Program\u0131\u201d kapsam\u0131nda &#8220;Ulusal \u0130klim Eyleminde Payda\u015f Kapasitesinin Olu\u015fturulmas\u0131 Yoluyla Kamu Anlay\u0131\u015f\u0131n\u0131n Fark\u0131ndal\u0131\u011f\u0131n\u0131n Art\u0131r\u0131lmas\u0131 Projesi&#8221; y\u00fcr\u00fct\u00fcl\u00fcyor. <\/strong><\/p>\n<p>\u0130klim de\u011fi\u015fikli\u011fi ile m\u00fccadelede uluslararas\u0131 platform konusu \u00fczerine bir\u00e7ok ara\u015ft\u0131rma yap\u0131l\u0131yor. \u201cAyr\u0131kla\u015ft\u0131rma (decoupling)\u201d kavram\u0131 da yap\u0131lan ara\u015ft\u0131rmalar ve projeksiyonlara ba\u011fl\u0131 olarak son 40 <img loading=\"lazy\" class=\"alignleft size-medium wp-image-75796\" src=\"https:\/\/www.enerjigazetesi.ist\/wp-content\/uploads\/2018\/07\/iklim-degisikligi-810x540-300x200.jpg\" alt=\"\" width=\"300\" height=\"200\" srcset=\"https:\/\/www.enerjigazetesi.ist\/wp-content\/uploads\/2018\/07\/iklim-degisikligi-810x540-300x200.jpg 300w, https:\/\/www.enerjigazetesi.ist\/wp-content\/uploads\/2018\/07\/iklim-degisikligi-810x540-768x512.jpg 768w, https:\/\/www.enerjigazetesi.ist\/wp-content\/uploads\/2018\/07\/iklim-degisikligi-810x540-500x333.jpg 500w, https:\/\/www.enerjigazetesi.ist\/wp-content\/uploads\/2018\/07\/iklim-degisikligi-810x540-75x50.jpg 75w, https:\/\/www.enerjigazetesi.ist\/wp-content\/uploads\/2018\/07\/iklim-degisikligi-810x540.jpg 810w\" sizes=\"(max-width: 300px) 100vw, 300px\" \/>y\u0131lda \u00f6nemi gittik\u00e7e artan bir kavram olarak literat\u00fcrde yerini al\u0131yor. Ayr\u0131kla\u015ft\u0131rma, kaynak t\u00fcketiminden sa\u011flanan insan refah\u0131n\u0131n ve ye\u015fil ekonominin tam merkezinde yer al\u0131yor ve ticari faaliyetlerin \u00e7evre ile dost bir \u015fekilde y\u00fcr\u00fct\u00fclebilmesi i\u00e7in b\u00fcy\u00fck \u00f6nemi bulunuyor. Kadir Has \u00dcniversitesi, firma sahiplerine verdi\u011fi e\u011fitimlerle nas\u0131l temiz \u00fcretim yapacaklar\u0131, b\u00fcy\u00fcme devam ederken \u00e7evreye verilen zarar\u0131 nas\u0131l azaltacaklar\u0131 konusunda bilgilendirdi.<\/p>\n<p>Kadir Has \u00dcniversitesi\u2019nde e\u011fitim veren <strong>Kadir Has \u00dcniversitesi \u0130ktisadi, \u0130dari ve Sosyal Bilimler Fak\u00fcltesi \u00d6\u011fretim \u00dcyesi Prof. Dr. Meltem Ucal<\/strong>, \u201c\u0130klim de\u011fi\u015fikli\u011finin negatif etkilerine y\u00f6nelik fark\u0131ndal\u0131k yaratmay\u0131 hedefledi\u011fimiz projemizle firmalara temiz \u00fcretim e\u011fitimleri veriyoruz. Ayn\u0131 zamanda bu e\u011fitimlerde edinilen bilgilerin, prati\u011fe nas\u0131l d\u00f6n\u00fc\u015fece\u011fi ve nas\u0131l uygulanaca\u011f\u0131 konusunda da destek verece\u011fiz. B\u00f6ylelikle ticari menfaat sahipleri, yani \u00fcretici firmalarla s\u00fcrd\u00fcr\u00fclebilir \u00e7al\u0131\u015fmalar y\u00fcr\u00fctme kapsam\u0131nda, \u00fcniversite olarak ciddi ve olduk\u00e7a m\u00fchim bir ad\u0131m atm\u0131\u015f olaca\u011f\u0131z. Projedeki en \u00f6nemli ama\u00e7; ekonomik b\u00fcy\u00fcme devam etsin, ancak \u00e7evreye verilen zarar en aza indirgensin\u201d dedi.<\/p>","protected":false},"excerpt":{"rendered":"<p>Sorry, this entry is only available in Turkish. For the sake of viewer convenience, the content is shown below in the alternative language. You may click the link to switch the active language.Kadir Has \u00dcniversitesi taraf\u0131ndan Avrupa Birli\u011fi taraf\u0131ndan fonlanan \u201cT\u00fcrkiye\u2019de \u0130klim De\u011fi\u015fikli\u011fi Alan\u0131nda Kapasitenin Geli\u015ftirilmesi Hibe Program\u0131\u201d kapsam\u0131nda &#8220;Ulusal \u0130klim Eyleminde Payda\u015f Kapasitesinin Olu\u015fturulmas\u0131 [&hellip;]<\/p>\n","protected":false},"author":1,"featured_media":75796,"comment_status":"open","ping_status":"open","sticky":false,"template":"","format":"standard","meta":[],"categories":[53,52],"tags":[2132,67,1009,1203,38166],"views":1130,"_links":{"self":[{"href":"https:\/\/www.enerjigazetesi.ist\/en\/wp-json\/wp\/v2\/posts\/75795"}],"collection":[{"href":"https:\/\/www.enerjigazetesi.ist\/en\/wp-json\/wp\/v2\/posts"}],"about":[{"href":"https:\/\/www.enerjigazetesi.ist\/en\/wp-json\/wp\/v2\/types\/post"}],"author":[{"embeddable":true,"href":"https:\/\/www.enerjigazetesi.ist\/en\/wp-json\/wp\/v2\/users\/1"}],"replies":[{"embeddable":true,"href":"https:\/\/www.enerjigazetesi.ist\/en\/wp-json\/wp\/v2\/comments?post=75795"}],"version-history":[{"count":1,"href":"https:\/\/www.enerjigazetesi.ist\/en\/wp-json\/wp\/v2\/posts\/75795\/revisions"}],"predecessor-version":[{"id":75797,"href":"https:\/\/www.enerjigazetesi.ist\/en\/wp-json\/wp\/v2\/posts\/75795\/revisions\/75797"}],"wp:featuredmedia":[{"embeddable":true,"href":"https:\/\/www.enerjigazetesi.ist\/en\/wp-json\/wp\/v2\/media\/75796"}],"wp:attachment":[{"href":"https:\/\/www.enerjigazetesi.ist\/en\/wp-json\/wp\/v2\/media?parent=75795"}],"wp:term":[{"taxonomy":"category","embeddable":true,"href":"https:\/\/www.enerjigazetesi.ist\/en\/wp-json\/wp\/v2\/categories?post=75795"},{"taxonomy":"post_tag","embeddable":true,"href":"https:\/\/www.enerjigazetesi.ist\/en\/wp-json\/wp\/v2\/tags?post=75795"}],"curies":[{"name":"wp","href":"https:\/\/api.w.org\/{rel}","templated":true}]}}