{"id":75788,"date":"2018-07-02T11:11:09","date_gmt":"2018-07-02T08:11:09","guid":{"rendered":"https:\/\/www.enerjigazetesi.ist\/?p=75788"},"modified":"2018-07-02T11:11:09","modified_gmt":"2018-07-02T08:11:09","slug":"bedas-secim-gunu-kesintisiz-enerji-icin-1-741-kisilik-kadro-ile-alarmdaydi","status":"publish","type":"post","link":"https:\/\/www.enerjigazetesi.ist\/en\/bedas-secim-gunu-kesintisiz-enerji-icin-1-741-kisilik-kadro-ile-alarmdaydi\/","title":{"rendered":"(Turkish) BEDA\u015e, Se\u00e7im G\u00fcn\u00fc Kesintisiz Enerji \u0130\u00e7in 1.741 Ki\u015filik Kadro \u0130le Alarmdayd\u0131"},"content":{"rendered":"<p class=\"qtranxs-available-languages-message qtranxs-available-languages-message-en\">Sorry, this entry is only available in <a href=\"https:\/\/www.enerjigazetesi.ist\/tr\/wp-json\/wp\/v2\/posts\/75788\" class=\"qtranxs-available-language-link qtranxs-available-language-link-tr\" title=\"Turkish\">Turkish<\/a>. For the sake of viewer convenience, the content is shown below in the alternative language. You may click the link to switch the active language.<\/p><p><strong>24 Haziran Pazar g\u00fcn\u00fc se\u00e7im nedeniyle vatanda\u015flar sand\u0131k ba\u015f\u0131na giderken \u0130stanbul Avrupa Yakas\u0131\u2019nda elektrik da\u011f\u0131t\u0131m hizmeti veren BEDA\u015e ald\u0131\u011f\u0131 \u00f6nlemlerle g\u00fcn boyu kesintisiz enerji sa\u011flad\u0131.Se\u00e7im g\u00fcn\u00fc 1.741 ki\u015filik kadrosu ile alarmda bekleyen BEDA\u015e, olas\u0131 kesintilere an\u0131nda m\u00fcdahale i\u00e7in kriz masas\u0131 da olu\u015fturdu.<\/strong><\/p>\n<p>T\u00fcrkiye, cumhurba\u015fkan\u0131 ve milletvekili se\u00e7imlerinin yap\u0131ld\u0131\u011f\u0131 24 Haziran g\u00fcn\u00fc saat 17.00\u2019den itibaren ekran ba\u015f\u0131na kilitlenirken \u0130stanbul Avrupa Yakas\u0131\u2019nda elektrik da\u011f\u0131t\u0131m hizmeti veren Bo\u011fazi\u00e7i Elektrik <img loading=\"lazy\" class=\"alignleft size-medium wp-image-75789\" src=\"https:\/\/www.enerjigazetesi.ist\/wp-content\/uploads\/2018\/07\/bedas-secim-gunu-kesintisiz-enerji-icin-1-741-kisilik-kadro-ile-alarmdaydi-300x213.jpg\" alt=\"\" width=\"300\" height=\"213\" srcset=\"https:\/\/www.enerjigazetesi.ist\/wp-content\/uploads\/2018\/07\/bedas-secim-gunu-kesintisiz-enerji-icin-1-741-kisilik-kadro-ile-alarmdaydi-300x213.jpg 300w, https:\/\/www.enerjigazetesi.ist\/wp-content\/uploads\/2018\/07\/bedas-secim-gunu-kesintisiz-enerji-icin-1-741-kisilik-kadro-ile-alarmdaydi-500x356.jpg 500w, https:\/\/www.enerjigazetesi.ist\/wp-content\/uploads\/2018\/07\/bedas-secim-gunu-kesintisiz-enerji-icin-1-741-kisilik-kadro-ile-alarmdaydi-70x50.jpg 70w, https:\/\/www.enerjigazetesi.ist\/wp-content\/uploads\/2018\/07\/bedas-secim-gunu-kesintisiz-enerji-icin-1-741-kisilik-kadro-ile-alarmdaydi.jpg 686w\" sizes=\"(max-width: 300px) 100vw, 300px\" \/>Da\u011f\u0131t\u0131m A.\u015e. de kesintisiz enerji i\u00e7in alarmdayd\u0131. 2017 y\u0131l\u0131nda 25 Haziran\u2019a denk gelen pazar g\u00fcn\u00fcnde \u0130stanbul Avrupa Yakas\u0131\u2019nda elektrik t\u00fcketimi 46,6 bin mWh d\u00fczeyinde ger\u00e7ekle\u015fmi\u015fti. Bu y\u0131l ise 24 Haziran Pazar g\u00fcn\u00fc t\u00fcketim 54 bin 218 mWh\u2019ye ula\u015ft\u0131.<\/p>\n<p>Yani se\u00e7im g\u00fcn\u00fc,2017\u2019nin ayn\u0131 d\u00f6nemine g\u00f6re elektrik t\u00fcketimi y\u00fczde 16,18 oran\u0131nda art\u0131\u015f ya\u015fand\u0131. Asl\u0131nda bu art\u0131\u015fta ge\u00e7en y\u0131l haziran ay\u0131n\u0131n son pazar\u0131n\u0131n (25 Haziran) Ramazan Bayram\u0131\u2019n\u0131n birinci g\u00fcn\u00fcne denk gelmesi nedeniyle \u0130stanbullular\u0131n tatilde olmas\u0131 etkili oldu. Bu y\u0131l tatil planlar\u0131n\u0131n se\u00e7im sonras\u0131na ertelenmesi ve g\u00fcn boyu ya\u015fanan se\u00e7im hareketlili\u011fi elektrik t\u00fcketimini art\u0131rd\u0131.<\/p>\n<p><strong>KR\u0130Z MASASI OLU\u015eTURULDU<\/strong><\/p>\n<p>Artan t\u00fcketime kar\u015f\u0131 se\u00e7im g\u00fcn\u00fcnde vatanda\u015flar\u0131n enerji konusunda herhangi bir s\u0131k\u0131nt\u0131 ya\u015famamas\u0131 i\u00e7in t\u00fcm tedbirlerini alan Bo\u011fazi\u00e7i Elektrik Da\u011f\u0131t\u0131m A.\u015e.( BEDA\u015e) g\u00fcn boyu kesintisiz enerji sa\u011flad\u0131. Se\u00e7im g\u00fcn\u00fc BEDA\u015e\u2019\u0131n toplam 1.714 \u00e7al\u0131\u015fan\u0131 alarm durumunda beklerken kriz masas\u0131 da olu\u015fturuldu.<\/p>\n<p>BEDA\u015e se\u00e7im nedeniyle \u0130stanbul Emniyet M\u00fcd\u00fcrl\u00fc\u011f\u00fc Se\u00e7im Koordinasyon Merkezi\u2019nde 18-26 Haziran tarihleri aras\u0131nda hafta i\u00e7i 08:30-17:00, hafta sonu 24 saat esas\u0131na g\u00f6re 9 personel g\u00f6revlendirildi. Ayn\u0131 zamanda Taksim yerle\u015fkesinde bir kriz merkezi olu\u015fturan \u015firket, 3 g\u00fcn boyunca 24 saat esas\u0131na g\u00f6re 48 ki\u015filik n\u00f6bet\u00e7i amir listesi belirledi. Yine 24 saat esasl\u0131ya \u0130\u015fletme M\u00fcd\u00fcrl\u00fckleri\u2019nde ar\u0131zaya ilk olarak m\u00fcdahale edebilecek 210 n\u00f6bet\u00e7i mont\u00f6rl\u00fck personeli ve 42 ara\u00e7la ilgili g\u00f6revlendirme yap\u0131ld\u0131.<\/p>\n<p>Bu arada 62 adet \u0130TM (\u0130ndirici Trafo Merkezi) ve kritik da\u011f\u0131t\u0131m merkezlerinden 32\u2019sinde g\u00fcvenlik \u00f6nlemleri al\u0131narak se\u00e7im sonu\u00e7lar\u0131 a\u00e7\u0131klanana kadar buralarda duracak 1\u2019er personel g\u00f6revlendirildi.<\/p>\n<p><strong>\u00c7A\u011eRI MERKEZ\u0130NDE AC\u0130L DURUMU EK\u0130B\u0130<\/strong><\/p>\n<p>\u00c7a\u011fr\u0131 merkezinde de alarma ge\u00e7en BEDA\u015e, 22 Haziran tarihinde 272, 23 Haziran\u2019da 235 ve 24 Haziran\u2019da 237 n\u00f6bet\u00e7i personel g\u00f6revlendirdi. Acil durumlarda vardiyaya getirilmesi i\u00e7in de 14 ki\u015filik \u00f6zel bir acil durum ekibi olu\u015fturuldu. Bu arada 25 se\u00e7im kurulunda jenerat\u00f6rlerin durumu ile ilgili listeler \u00e7\u0131kar\u0131ld\u0131.Acil durumlarda BEDA\u015e\u2019\u0131n i\u015fletmelerinden temin edilebilecek 18 adet mobil jenerat\u00f6r\u00fcn kontrol\u00fc yap\u0131ld\u0131.<\/p>\n<p>Oy torbalar\u0131n\u0131n teslim edilece\u011fi ve se\u00e7im sonu\u00e7lar\u0131n\u0131n al\u0131naca\u011f\u0131 adreslerde elektrik s\u00fcreklili\u011fini sa\u011flayacak \u00f6nlemler al\u0131n\u0131rken oy say\u0131m\u0131 boyunca en az 1\u2019er personel g\u00f6revlendirildi. 25 adet oy say\u0131m merkezin etraf\u0131ndaki t\u00fcm ayd\u0131nlatmalar\u0131n kontrol\u00fc yap\u0131ld\u0131 ve faal hale getirildi.<\/p>\n<p>\u0130stanbul Avrupa Yakas\u0131\u2019nda elektrik da\u011f\u0131t\u0131m hizmeti veren \u015firket olarak g\u00fcnler \u00f6ncesinde herhangi bir kesinti ya\u015fanmamas\u0131 i\u00e7in haz\u0131rl\u0131klara ba\u015flad\u0131klar\u0131n\u0131 dile getiren <strong>BEDA\u015e Genel M\u00fcd\u00fcr\u00fc Murat Yi\u011fit,<\/strong> \u201cEnerji Bakanl\u0131\u011f\u0131 ve YSK (Y\u00fcksek Se\u00e7im Kurulu) ile koordineli bir \u015fekilde se\u00e7im g\u00fcn\u00fc enerjide herhangi bir sorun ya\u015fanmamas\u0131 i\u00e7in t\u00fcm \u00f6nlemlerimizi ald\u0131k. Olas\u0131 bir ar\u0131zaya kar\u015f\u0131 da ekiplerimizi sahada g\u00f6revlendirdik. Nitekim kesintisiz bir g\u00fcne imza att\u0131k. T\u00fcm arkada\u015flar\u0131ma g\u00fcn boyunca g\u00f6sterdikleri yo\u011fun mesai ve ola\u011fan\u00fcst\u00fc performanslar\u0131 i\u00e7in te\u015fekk\u00fcr ediyor, se\u00e7imlerin \u00fclkemize hay\u0131rl\u0131 olmas\u0131n\u0131 diliyorum\u201d de\u011ferlendirmesinde bulundu.<\/p>\n<p><strong>\u0130\u015eTE BEDA\u015e\u2019IN SE\u00c7\u0130M KADROSU<\/strong><\/p>\n<p>&#8212;&#8212;&#8212;&#8212;&#8212;&#8212;&#8212;&#8212;&#8212;&#8212;&#8212;&#8212;&#8212;&#8212;&#8212;&#8212;&#8212;&#8212;&#8212;<\/p>\n<table>\n<tbody>\n<tr>\n<td><\/td>\n<td><strong>24.06.2018<\/strong><\/td>\n<\/tr>\n<tr>\n<td><strong>ARIZA M\u00dcDAHALE L\u0130STES\u0130<\/strong><\/td>\n<td>1.418<\/td>\n<\/tr>\n<tr>\n<td><strong>N\u00d6BET\u00c7\u0130 AM\u0130R<\/strong><\/td>\n<td>12<\/td>\n<\/tr>\n<tr>\n<td><strong>KR\u0130Z MASASI<\/strong><\/td>\n<td>3<\/td>\n<\/tr>\n<tr>\n<td><strong>SE\u00c7\u0130M KURULLARINDA BULUNACAK<\/strong><\/td>\n<td>25<\/td>\n<\/tr>\n<tr>\n<td><strong>\u00c7A\u011eRI MERKEZ\u0130<\/strong><\/td>\n<td>251<\/td>\n<\/tr>\n<tr>\n<td><strong>KR\u0130T\u0130K MERKEZLER<\/strong><\/td>\n<td>32<\/td>\n<\/tr>\n<tr>\n<td><strong>TOPLAM<\/strong><\/td>\n<td><strong>1.741<\/strong><\/td>\n<\/tr>\n<\/tbody>\n<\/table>\n<p><\/p>","protected":false},"excerpt":{"rendered":"<p>Sorry, this entry is only available in Turkish. For the sake of viewer convenience, the content is shown below in the alternative language. You may click the link to switch the active language.24 Haziran Pazar g\u00fcn\u00fc se\u00e7im nedeniyle vatanda\u015flar sand\u0131k ba\u015f\u0131na giderken \u0130stanbul Avrupa Yakas\u0131\u2019nda elektrik da\u011f\u0131t\u0131m hizmeti veren BEDA\u015e ald\u0131\u011f\u0131 \u00f6nlemlerle g\u00fcn boyu kesintisiz [&hellip;]<\/p>\n","protected":false},"author":1,"featured_media":75789,"comment_status":"open","ping_status":"open","sticky":false,"template":"","format":"standard","meta":[],"categories":[51,53],"tags":[1506,34979,19638,26353,67,1009,19429,38162],"views":711,"_links":{"self":[{"href":"https:\/\/www.enerjigazetesi.ist\/en\/wp-json\/wp\/v2\/posts\/75788"}],"collection":[{"href":"https:\/\/www.enerjigazetesi.ist\/en\/wp-json\/wp\/v2\/posts"}],"about":[{"href":"https:\/\/www.enerjigazetesi.ist\/en\/wp-json\/wp\/v2\/types\/post"}],"author":[{"embeddable":true,"href":"https:\/\/www.enerjigazetesi.ist\/en\/wp-json\/wp\/v2\/users\/1"}],"replies":[{"embeddable":true,"href":"https:\/\/www.enerjigazetesi.ist\/en\/wp-json\/wp\/v2\/comments?post=75788"}],"version-history":[{"count":1,"href":"https:\/\/www.enerjigazetesi.ist\/en\/wp-json\/wp\/v2\/posts\/75788\/revisions"}],"predecessor-version":[{"id":75790,"href":"https:\/\/www.enerjigazetesi.ist\/en\/wp-json\/wp\/v2\/posts\/75788\/revisions\/75790"}],"wp:featuredmedia":[{"embeddable":true,"href":"https:\/\/www.enerjigazetesi.ist\/en\/wp-json\/wp\/v2\/media\/75789"}],"wp:attachment":[{"href":"https:\/\/www.enerjigazetesi.ist\/en\/wp-json\/wp\/v2\/media?parent=75788"}],"wp:term":[{"taxonomy":"category","embeddable":true,"href":"https:\/\/www.enerjigazetesi.ist\/en\/wp-json\/wp\/v2\/categories?post=75788"},{"taxonomy":"post_tag","embeddable":true,"href":"https:\/\/www.enerjigazetesi.ist\/en\/wp-json\/wp\/v2\/tags?post=75788"}],"curies":[{"name":"wp","href":"https:\/\/api.w.org\/{rel}","templated":true}]}}