{"id":75732,"date":"2018-06-30T17:57:56","date_gmt":"2018-06-30T14:57:56","guid":{"rendered":"https:\/\/www.enerjigazetesi.ist\/?p=75732"},"modified":"2018-06-30T17:57:56","modified_gmt":"2018-06-30T14:57:56","slug":"avrupa-birligi-yenilenebilir-enerji-hedeflerini-belirledi","status":"publish","type":"post","link":"https:\/\/www.enerjigazetesi.ist\/en\/avrupa-birligi-yenilenebilir-enerji-hedeflerini-belirledi\/","title":{"rendered":"(Turkish) Avrupa Birli\u011fi Yenilenebilir Enerji Hedeflerini Belirledi"},"content":{"rendered":"<p class=\"qtranxs-available-languages-message qtranxs-available-languages-message-en\">Sorry, this entry is only available in <a href=\"https:\/\/www.enerjigazetesi.ist\/tr\/wp-json\/wp\/v2\/posts\/75732\" class=\"qtranxs-available-language-link qtranxs-available-language-link-tr\" title=\"Turkish\">Turkish<\/a>. For the sake of viewer convenience, the content is shown below in the alternative language. You may click the link to switch the active language.<\/p><p><strong>Avrupa Parlamentosu ve Avrupa Komisyonu aras\u0131nda uzun s\u00fcredir devam eden m\u00fczakereler sonucunda Avrupa Birli\u011fi (AB) 14 Haziran\u2019da yenilenebilir enerji alan\u0131ndaki yeni hedefini belirledi.<\/strong><\/p>\n<p>AB\u2019nin 2009 y\u0131l\u0131nda y\u00fcr\u00fcrl\u00fc\u011fe giren \u201c<a href=\"https:\/\/eur-lex.europa.eu\/legal-content\/EN\/ALL\/?uri=CELEX:32009L0028\">Yenilenebilir Enerji Direktifi<\/a>\u201d, her \u00fclkenin kendi ulusal hedefini <img loading=\"lazy\" class=\"alignleft size-medium wp-image-75733\" src=\"https:\/\/www.enerjigazetesi.ist\/wp-content\/uploads\/2018\/06\/avrupa-birligi-yenilenebilir-enerji-hedeflerini-belirledi-300x184.jpg\" alt=\"\" width=\"300\" height=\"184\" srcset=\"https:\/\/www.enerjigazetesi.ist\/wp-content\/uploads\/2018\/06\/avrupa-birligi-yenilenebilir-enerji-hedeflerini-belirledi-300x184.jpg 300w, https:\/\/www.enerjigazetesi.ist\/wp-content\/uploads\/2018\/06\/avrupa-birligi-yenilenebilir-enerji-hedeflerini-belirledi-500x307.jpg 500w, https:\/\/www.enerjigazetesi.ist\/wp-content\/uploads\/2018\/06\/avrupa-birligi-yenilenebilir-enerji-hedeflerini-belirledi-80x50.jpg 80w, https:\/\/www.enerjigazetesi.ist\/wp-content\/uploads\/2018\/06\/avrupa-birligi-yenilenebilir-enerji-hedeflerini-belirledi.jpg 652w\" sizes=\"(max-width: 300px) 100vw, 300px\" \/>belirlemesiyle, nihai t\u00fcketimde yenilenebilir enerjinin pay\u0131n\u0131 %20\u2019ye \u00e7\u0131karmay\u0131 hedefliyor. Bu Direktife g\u00f6re ayr\u0131ca, ula\u015ft\u0131rmada kullan\u0131lan yak\u0131tlar\u0131n da %10\u2019unun yenilenebilir kaynaklardan sa\u011flanmas\u0131 hedefleniyor.<\/p>\n<p>2020 y\u0131l\u0131 hedeflerinin yan\u0131 s\u0131ra, 2014 y\u0131l\u0131nda uzla\u015f\u0131lan \u201c<a href=\"https:\/\/ec.europa.eu\/energy\/en\/topics\/energy-strategy-and-energy-union\/2030-energy-strategy\">2030 Y\u0131l\u0131 i\u00e7in Enerji ve \u0130klim Hedefleri<\/a>\u201d ile 2030 y\u0131l\u0131na kadar nihai enerji t\u00fcketiminde yenilenebilir kaynaklar\u0131n pay\u0131n\u0131n %27\u2019ye \u00e7\u0131kar\u0131lmas\u0131 teklif edilmi\u015fti.\u00a0<strong>30 Kas\u0131m 2016\u2019da,<\/strong>\u201c<a href=\"https:\/\/ec.europa.eu\/energy\/en\/topics\/energy-strategy-and-energy-union\/clean-energy-all-europeans\">T\u00fcm Avrupal\u0131lar i\u00e7in Temiz Enerji<\/a>\u201d paketi kapsam\u0131nda, Komisyon \u201c<a href=\"https:\/\/eur-lex.europa.eu\/legal-content\/EN\/TXT\/?uri=CELEX:52016PC0767R%2801%29\">Yenilenebilir Enerji Direktifini<\/a>\u201d yenileyerek nihai enerji t\u00fcketiminde yenilenebilir enerjinin pay\u0131n\u0131n 2030 y\u0131l\u0131na kadar %27\u2019ye \u00e7\u0131kar\u0131lmas\u0131n\u0131 ve AB\u2019nin yenilenebilir enerji alan\u0131nda k\u00fcresel bir lider olmas\u0131n\u0131 hedefledi.<\/p>\n<p><strong>14 Haziran 2018\u2019de,\u00a0<\/strong>Komisyon, Parlamento ve Konsey bu hedefi %32\u2019ye \u00e7\u0131karan ba\u011flay\u0131c\u0131 bir\u00a0<a href=\"https:\/\/eur-lex.europa.eu\/legal-content\/EN\/TXT\/?uri=CELEX:52016PC0767R%2801%29\">anla\u015fma<\/a>\u00a0yaparak yenilenebilir enerji direktifini g\u00fcncelledi. Bu anla\u015fman\u0131n, t\u00fcm AB dillerine \u00e7evrilip Avrupa Parlamentosu ve Konseyi taraf\u0131ndan resmi olarak kabul edilmesinden sonra AB\u2019nin resmi gazetesinde yay\u0131nlanarak y\u00fcr\u00fcrl\u00fc\u011fe girmesi bekleniyor.<\/p>\n<p><strong>G\u00fcncellenen Yenilenebilir Enerji Direktifine G\u00f6re;<\/strong><\/p>\n<p>&#8211; 2030 y\u0131l\u0131na kadar nihai enerji t\u00fcketiminde yenilenebilir enerjinin pay\u0131n\u0131n %32\u2019ye (ula\u015ft\u0131rmada %14\u2019e) \u00e7\u0131kmas\u0131 hedeflenecek.<\/p>\n<p>&#8211; 2023 y\u0131l\u0131nda ise bu hedefler yukar\u0131 y\u00f6nl\u00fc revize edilebilecek.<\/p>\n<p>&#8211; Yenilenebilir destek mekanizmalar\u0131 daha iyi tasarlanacak ve uygulanacak.<\/p>\n<p>&#8211; \u0130dari s\u00fcre\u00e7ler azalt\u0131lacak.<\/p>\n<p>&#8211; Ula\u015ft\u0131rma ve so\u011futma\/\u0131s\u0131tma sekt\u00f6rleri i\u00e7in mevcut hedefler iyile\u015ftirilecek.<\/p>\n<p>&#8211; S\u00fcrd\u00fcr\u00fclebilir biyoenerji kullan\u0131m\u0131 iyile\u015ftirilecek.<\/p>\n<p>&#8211; Kendi \u00fcretimini yapacak bireylere de g\u00fc\u00e7l\u00fc haklar sa\u011flanacak.<\/p>\n<p>Yeni hedefler kampanyay\u0131 y\u00f6netenler taraf\u0131ndan, Paris anla\u015fmas\u0131 hedeflerine ula\u015fmak i\u00e7in yetersiz bulunsa da baz\u0131 kesimler taraf\u0131ndan da \u201ckararl\u0131\u201d bulundu. AB Komiseri Canete, bu anla\u015fman\u0131n zor kazan\u0131lan bir zafer oldu\u011funu ve Paris hedeflerine ula\u015f\u0131lmas\u0131, yeni istihdam olanaklar\u0131 yaratmas\u0131, d\u00fc\u015f\u00fck elektrik faturalar\u0131na d\u00f6n\u00fc\u015fmesi ve enerji ithalat\u0131n\u0131 azaltmas\u0131 a\u00e7\u0131s\u0131ndan \u00f6nemli olaca\u011f\u0131n\u0131 s\u00f6yledi. Euroelectric Genel Sekreteri Ruby de anla\u015fmay\u0131 \u201cdengeli\u201d buldu\u011funu a\u00e7\u0131klad\u0131. Biyoyak\u0131tlar\u0131n yenilenebilir kaynak olarak anla\u015fmaya dahil edilmesi de ele\u015ftirilere sebep oldu. Palm ya\u011f\u0131ndan ve di\u011fer tohumlardan elde edilen biyoyak\u0131tlar\u0131n ormanlar\u0131 yok etti\u011fine ve gelecekte g\u0131da fiyatlar\u0131nda art\u0131\u015fa neden olaca\u011f\u0131na vurgu yap\u0131ld\u0131.<\/p>","protected":false},"excerpt":{"rendered":"<p>Sorry, this entry is only available in Turkish. For the sake of viewer convenience, the content is shown below in the alternative language. You may click the link to switch the active language.Avrupa Parlamentosu ve Avrupa Komisyonu aras\u0131nda uzun s\u00fcredir devam eden m\u00fczakereler sonucunda Avrupa Birli\u011fi (AB) 14 Haziran\u2019da yenilenebilir enerji alan\u0131ndaki yeni hedefini belirledi. [&hellip;]<\/p>\n","protected":false},"author":1,"featured_media":75733,"comment_status":"open","ping_status":"open","sticky":false,"template":"","format":"standard","meta":[],"categories":[22893,53,49,47,50],"tags":[1192,2132,67,1009,148,26829],"views":1294,"_links":{"self":[{"href":"https:\/\/www.enerjigazetesi.ist\/en\/wp-json\/wp\/v2\/posts\/75732"}],"collection":[{"href":"https:\/\/www.enerjigazetesi.ist\/en\/wp-json\/wp\/v2\/posts"}],"about":[{"href":"https:\/\/www.enerjigazetesi.ist\/en\/wp-json\/wp\/v2\/types\/post"}],"author":[{"embeddable":true,"href":"https:\/\/www.enerjigazetesi.ist\/en\/wp-json\/wp\/v2\/users\/1"}],"replies":[{"embeddable":true,"href":"https:\/\/www.enerjigazetesi.ist\/en\/wp-json\/wp\/v2\/comments?post=75732"}],"version-history":[{"count":1,"href":"https:\/\/www.enerjigazetesi.ist\/en\/wp-json\/wp\/v2\/posts\/75732\/revisions"}],"predecessor-version":[{"id":75734,"href":"https:\/\/www.enerjigazetesi.ist\/en\/wp-json\/wp\/v2\/posts\/75732\/revisions\/75734"}],"wp:featuredmedia":[{"embeddable":true,"href":"https:\/\/www.enerjigazetesi.ist\/en\/wp-json\/wp\/v2\/media\/75733"}],"wp:attachment":[{"href":"https:\/\/www.enerjigazetesi.ist\/en\/wp-json\/wp\/v2\/media?parent=75732"}],"wp:term":[{"taxonomy":"category","embeddable":true,"href":"https:\/\/www.enerjigazetesi.ist\/en\/wp-json\/wp\/v2\/categories?post=75732"},{"taxonomy":"post_tag","embeddable":true,"href":"https:\/\/www.enerjigazetesi.ist\/en\/wp-json\/wp\/v2\/tags?post=75732"}],"curies":[{"name":"wp","href":"https:\/\/api.w.org\/{rel}","templated":true}]}}