{"id":75709,"date":"2018-06-29T11:59:29","date_gmt":"2018-06-29T08:59:29","guid":{"rendered":"https:\/\/www.enerjigazetesi.ist\/?p=75709"},"modified":"2018-06-29T11:59:29","modified_gmt":"2018-06-29T08:59:29","slug":"uedastan-yenilenebilir-enerji-mesaji","status":"publish","type":"post","link":"https:\/\/www.enerjigazetesi.ist\/en\/uedastan-yenilenebilir-enerji-mesaji\/","title":{"rendered":"(Turkish) UEDA\u015e\u2019tan &#8216;Yenilenebilir Enerji&#8217; Mesaj\u0131"},"content":{"rendered":"<p class=\"qtranxs-available-languages-message qtranxs-available-languages-message-en\">Sorry, this entry is only available in <a href=\"https:\/\/www.enerjigazetesi.ist\/tr\/wp-json\/wp\/v2\/posts\/75709\" class=\"qtranxs-available-language-link qtranxs-available-language-link-tr\" title=\"Turkish\">Turkish<\/a>. For the sake of viewer convenience, the content is shown below in the alternative language. You may click the link to switch the active language.<\/p><p><strong>Sosyal sorumluluk alan\u0131nda fark\u0131ndal\u0131k \u00e7al\u0131\u015fmalar\u0131yla \u00f6ne \u00e7\u0131kan T\u00fcrkiye\u2019nin \u00f6nde gelen elektrik da\u011f\u0131t\u0131m \u015firketleri aras\u0131nda say\u0131lan UEDA\u015e, yenilenebilir enerji konusuna dikkat \u00e7ekmek i\u00e7in Bursa\u2019da trafolarda \u201cYenilenebilir Enerji ile Gelece\u011fe\u201d mesaj\u0131n\u0131 verdi. <\/strong><\/p>\n<p>Bursa, Bal\u0131kesir, \u00c7anakkale ve Yalova\u2019da 3 milyonu a\u015fk\u0131n aboneye kesintisiz ve kaliteli hizmet sunmak i\u00e7in \u00e7al\u0131\u015fmalar\u0131n\u0131 s\u00fcrd\u00fcren Uluda\u011f Elektrik Da\u011f\u0131t\u0131m A.\u015e. (UEDA\u015e) toplumun bilin\u00e7lenmesi i\u00e7in de \u00e7e\u015fitli <img loading=\"lazy\" class=\"alignleft size-medium wp-image-75710\" src=\"https:\/\/www.enerjigazetesi.ist\/wp-content\/uploads\/2018\/06\/uedastan-yenilenebilir-enerji-mesaji-300x225.jpg\" alt=\"\" width=\"300\" height=\"225\" srcset=\"https:\/\/www.enerjigazetesi.ist\/wp-content\/uploads\/2018\/06\/uedastan-yenilenebilir-enerji-mesaji-300x225.jpg 300w, https:\/\/www.enerjigazetesi.ist\/wp-content\/uploads\/2018\/06\/uedastan-yenilenebilir-enerji-mesaji-500x375.jpg 500w, https:\/\/www.enerjigazetesi.ist\/wp-content\/uploads\/2018\/06\/uedastan-yenilenebilir-enerji-mesaji-67x50.jpg 67w, https:\/\/www.enerjigazetesi.ist\/wp-content\/uploads\/2018\/06\/uedastan-yenilenebilir-enerji-mesaji.jpg 651w\" sizes=\"(max-width: 300px) 100vw, 300px\" \/>sosyal sorumluluk projeleri geli\u015ftiriyor. Hizmet b\u00f6lgesinde s\u00fcrd\u00fcrd\u00fc\u011f\u00fc \u201cTrafolar Konu\u015fuyor\u201d Projesi ile toplumsal fark\u0131ndal\u0131\u011f\u0131 art\u0131rmay\u0131 hedefleyen UEDA\u015e, bu kapsamda yeni bir \u00e7al\u0131\u015fmaya daha imza att\u0131.<\/p>\n<p>Toplumu ilgilendiren \u00e7e\u015fitli konularda duyarl\u0131l\u0131k olu\u015fturmak i\u00e7in ba\u015flat\u0131lan proje kapsam\u0131nda son olarak yenilebilir enerji konusu ele al\u0131nd\u0131. Pilot b\u00f6lge olarak belirlenen Bursa\u2019da yer alan bir trafo binas\u0131na \u201cYenilenebilir Enerji ile Gelece\u011fe\u201d mesaj\u0131 verilen projesi kapsam\u0131nda, alternatif enerji kaynaklar\u0131n\u0131n yayg\u0131nla\u015fmas\u0131n\u0131 ve toplumun bu konuda bilin\u00e7lendirilmesini ama\u00e7lan\u0131yor. UEDA\u015e, ayr\u0131ca \u00e7ocuklara bilin\u00e7li enerji kullan\u0131m\u0131 ile ilgili y\u0131l boyunca e\u011fitim ve seminerler veriyor.<\/p>\n<p><strong>TRAFOLAR SOSYAL MESAJ VER\u0130YOR<\/strong><\/p>\n<p>2017 y\u0131l\u0131n\u0131n sonlar\u0131nda ba\u015flanan \u201cTrafolar Konu\u015fuyor\u201d projesi ile UEDA\u015e, at\u0131l konumda olan trafolar\u0131 sosyal sorumlulu\u011fa a\u00e7arak toplumun bilin\u00e7lenmesini hedefliyor. B\u00f6ylelikle trafolardaki olumsuz yaz\u0131lar\u0131n ve tekd\u00fczeli\u011fin \u00f6n\u00fcne ge\u00e7ilirken ayn\u0131 zamanda sosyal mesajlar verilmesi sa\u011flan\u0131yor. Proje kapsam\u0131nda, \u201cEngel Sen Olma\u201d, \u201cEmniyet Kemeri Hayata Ba\u011flar\u201d, \u201cKad\u0131na \u015fiddete, dur de\u201d bilgilendirme yaz\u0131lar\u0131 trafolara grafiti sanat\u0131 ile yaz\u0131ld\u0131. Ayr\u0131ca sa\u011fl\u0131kl\u0131 ya\u015fam ve ba\u011f\u0131ml\u0131l\u0131k konular\u0131n\u0131 i\u00e7eren uyar\u0131 ve bilin\u00e7lendirme yaz\u0131lar\u0131 da trafolara grafiti sanat\u00e7\u0131lar\u0131 taraf\u0131ndan i\u015flendi.<\/p>\n<p>Bursa, Bal\u0131kesir, \u00c7anakkale ve Yalova\u2019da belirlenen 30 trafoda boyama \u00e7al\u0131\u015fmalar\u0131 devam eden projenin \u00e7e\u015fitli kurumlarla da i\u015fbirli\u011fi yap\u0131larak ulusal \u00e7apta yayg\u0131nla\u015ft\u0131r\u0131lmas\u0131 planlan\u0131yor.<\/p>","protected":false},"excerpt":{"rendered":"<p>Sorry, this entry is only available in Turkish. For the sake of viewer convenience, the content is shown below in the alternative language. You may click the link to switch the active language.Sosyal sorumluluk alan\u0131nda fark\u0131ndal\u0131k \u00e7al\u0131\u015fmalar\u0131yla \u00f6ne \u00e7\u0131kan T\u00fcrkiye\u2019nin \u00f6nde gelen elektrik da\u011f\u0131t\u0131m \u015firketleri aras\u0131nda say\u0131lan UEDA\u015e, yenilenebilir enerji konusuna dikkat \u00e7ekmek i\u00e7in Bursa\u2019da [&hellip;]<\/p>\n","protected":false},"author":1,"featured_media":75710,"comment_status":"open","ping_status":"open","sticky":false,"template":"","format":"standard","meta":[],"categories":[51,53],"tags":[1079,34979,19638,26353,67,1009,2227,26829],"views":1157,"_links":{"self":[{"href":"https:\/\/www.enerjigazetesi.ist\/en\/wp-json\/wp\/v2\/posts\/75709"}],"collection":[{"href":"https:\/\/www.enerjigazetesi.ist\/en\/wp-json\/wp\/v2\/posts"}],"about":[{"href":"https:\/\/www.enerjigazetesi.ist\/en\/wp-json\/wp\/v2\/types\/post"}],"author":[{"embeddable":true,"href":"https:\/\/www.enerjigazetesi.ist\/en\/wp-json\/wp\/v2\/users\/1"}],"replies":[{"embeddable":true,"href":"https:\/\/www.enerjigazetesi.ist\/en\/wp-json\/wp\/v2\/comments?post=75709"}],"version-history":[{"count":1,"href":"https:\/\/www.enerjigazetesi.ist\/en\/wp-json\/wp\/v2\/posts\/75709\/revisions"}],"predecessor-version":[{"id":75711,"href":"https:\/\/www.enerjigazetesi.ist\/en\/wp-json\/wp\/v2\/posts\/75709\/revisions\/75711"}],"wp:featuredmedia":[{"embeddable":true,"href":"https:\/\/www.enerjigazetesi.ist\/en\/wp-json\/wp\/v2\/media\/75710"}],"wp:attachment":[{"href":"https:\/\/www.enerjigazetesi.ist\/en\/wp-json\/wp\/v2\/media?parent=75709"}],"wp:term":[{"taxonomy":"category","embeddable":true,"href":"https:\/\/www.enerjigazetesi.ist\/en\/wp-json\/wp\/v2\/categories?post=75709"},{"taxonomy":"post_tag","embeddable":true,"href":"https:\/\/www.enerjigazetesi.ist\/en\/wp-json\/wp\/v2\/tags?post=75709"}],"curies":[{"name":"wp","href":"https:\/\/api.w.org\/{rel}","templated":true}]}}