{"id":75690,"date":"2018-06-29T11:15:42","date_gmt":"2018-06-29T08:15:42","guid":{"rendered":"https:\/\/www.enerjigazetesi.ist\/?p=75690"},"modified":"2018-06-29T11:15:42","modified_gmt":"2018-06-29T08:15:42","slug":"hollanda-akaryakit-sizintisi-nedeniyle-cevresel-felaket-yasaniyor","status":"publish","type":"post","link":"https:\/\/www.enerjigazetesi.ist\/en\/hollanda-akaryakit-sizintisi-nedeniyle-cevresel-felaket-yasaniyor\/","title":{"rendered":"(Turkish) Hollanda, Akaryak\u0131t S\u0131z\u0131nt\u0131s\u0131 Nedeniyle \u00c7evresel Felaket Ya\u015fan\u0131yor"},"content":{"rendered":"<p class=\"qtranxs-available-languages-message qtranxs-available-languages-message-en\">Sorry, this entry is only available in <a href=\"https:\/\/www.enerjigazetesi.ist\/tr\/wp-json\/wp\/v2\/posts\/75690\" class=\"qtranxs-available-language-link qtranxs-available-language-link-tr\" title=\"Turkish\">Turkish<\/a>. For the sake of viewer convenience, the content is shown below in the alternative language. You may click the link to switch the active language.<\/p><p><strong>Avrupa\u2019n\u0131n en b\u00fcy\u00fck liman\u0131 olan Hollanda\u2019daki Rotterdam Liman\u0131\u2019nda Norve\u00e7 band\u0131ral\u0131 bir tankerin iskeleye \u00e7arpmas\u0131 sonucu meydana gelen akaryak\u0131t s\u0131z\u0131nt\u0131s\u0131 nedeniyle ciddi bir \u00e7evresel felaket ya\u015fand\u0131\u011f\u0131 a\u00e7\u0131kland\u0131.<\/strong><\/p>\n<p><span id=\"more-100641\"><img loading=\"lazy\" class=\"alignleft size-medium wp-image-75691\" src=\"https:\/\/www.enerjigazetesi.ist\/wp-content\/uploads\/2018\/06\/hollanda-akaryakit-sizintisi-nedeniyle-cevresel-felaket-yasaniyor-300x200.jpg\" alt=\"\" width=\"300\" height=\"200\" srcset=\"https:\/\/www.enerjigazetesi.ist\/wp-content\/uploads\/2018\/06\/hollanda-akaryakit-sizintisi-nedeniyle-cevresel-felaket-yasaniyor-300x200.jpg 300w, https:\/\/www.enerjigazetesi.ist\/wp-content\/uploads\/2018\/06\/hollanda-akaryakit-sizintisi-nedeniyle-cevresel-felaket-yasaniyor-500x333.jpg 500w, https:\/\/www.enerjigazetesi.ist\/wp-content\/uploads\/2018\/06\/hollanda-akaryakit-sizintisi-nedeniyle-cevresel-felaket-yasaniyor-75x50.jpg 75w, https:\/\/www.enerjigazetesi.ist\/wp-content\/uploads\/2018\/06\/hollanda-akaryakit-sizintisi-nedeniyle-cevresel-felaket-yasaniyor.jpg 696w\" sizes=\"(max-width: 300px) 100vw, 300px\" \/><\/span>S\u0131z\u0131nt\u0131dan dolay\u0131 \u00e7ok say\u0131da ku\u015f petrole buland\u0131. Ku\u011fu, karabatak, kaz ve mart\u0131lar\u0131n da aralar\u0131nda bulundu\u011fu ku\u015flar\u0131n temizlenmesi i\u00e7in h\u00fck\u00fcmet \u00f6nc\u00fcl\u00fc\u011f\u00fcnde ulusal \u00e7apta temizleme kampanyas\u0131 ba\u015flat\u0131ld\u0131. Bir\u00e7ok ku\u015fun ba\u011f\u0131rsaklar\u0131na giden akaryak\u0131t nedeniyle zehirlenerek \u00f6ld\u00fc\u011f\u00fc belirtildi.<\/p>\n<p>Hollanda Deniz Hayvanlar\u0131n\u0131 Kurtarma Ekibi, Hayvan ambulans\u0131 itfaiye, polis ve \u00e7evre \u00f6rg\u00fctleri, liman ve \u00e7evresindeki ku\u015flar\u0131 yakal\u0131yor. Ku\u015flar, Rotterdam\u2019daki ku\u015f toplama merkezine g\u00f6t\u00fcr\u00fclerek, y\u0131kan\u0131p, temizleniyor. Bir ku\u015fun temizlenmesi yakla\u015f\u0131k bir saati buluyor. Ku\u015flar\u0131n t\u00fcyleri 38-40 derece s\u0131cakl\u0131ktaki su ve deterjanla temizleniyor. Akaryak\u0131t kal\u0131nt\u0131s\u0131 \u00e7\u0131kmayan t\u00fcyler ise kesiliyor.<\/p>","protected":false},"excerpt":{"rendered":"<p>Sorry, this entry is only available in Turkish. For the sake of viewer convenience, the content is shown below in the alternative language. You may click the link to switch the active language.Avrupa\u2019n\u0131n en b\u00fcy\u00fck liman\u0131 olan Hollanda\u2019daki Rotterdam Liman\u0131\u2019nda Norve\u00e7 band\u0131ral\u0131 bir tankerin iskeleye \u00e7arpmas\u0131 sonucu meydana gelen akaryak\u0131t s\u0131z\u0131nt\u0131s\u0131 nedeniyle ciddi bir \u00e7evresel [&hellip;]<\/p>\n","protected":false},"author":1,"featured_media":75691,"comment_status":"open","ping_status":"open","sticky":false,"template":"","format":"standard","meta":[],"categories":[53,44],"tags":[38127,67,1009,38128,38129,38130,59,34935,2388,34936,38131],"views":503,"_links":{"self":[{"href":"https:\/\/www.enerjigazetesi.ist\/en\/wp-json\/wp\/v2\/posts\/75690"}],"collection":[{"href":"https:\/\/www.enerjigazetesi.ist\/en\/wp-json\/wp\/v2\/posts"}],"about":[{"href":"https:\/\/www.enerjigazetesi.ist\/en\/wp-json\/wp\/v2\/types\/post"}],"author":[{"embeddable":true,"href":"https:\/\/www.enerjigazetesi.ist\/en\/wp-json\/wp\/v2\/users\/1"}],"replies":[{"embeddable":true,"href":"https:\/\/www.enerjigazetesi.ist\/en\/wp-json\/wp\/v2\/comments?post=75690"}],"version-history":[{"count":1,"href":"https:\/\/www.enerjigazetesi.ist\/en\/wp-json\/wp\/v2\/posts\/75690\/revisions"}],"predecessor-version":[{"id":75692,"href":"https:\/\/www.enerjigazetesi.ist\/en\/wp-json\/wp\/v2\/posts\/75690\/revisions\/75692"}],"wp:featuredmedia":[{"embeddable":true,"href":"https:\/\/www.enerjigazetesi.ist\/en\/wp-json\/wp\/v2\/media\/75691"}],"wp:attachment":[{"href":"https:\/\/www.enerjigazetesi.ist\/en\/wp-json\/wp\/v2\/media?parent=75690"}],"wp:term":[{"taxonomy":"category","embeddable":true,"href":"https:\/\/www.enerjigazetesi.ist\/en\/wp-json\/wp\/v2\/categories?post=75690"},{"taxonomy":"post_tag","embeddable":true,"href":"https:\/\/www.enerjigazetesi.ist\/en\/wp-json\/wp\/v2\/tags?post=75690"}],"curies":[{"name":"wp","href":"https:\/\/api.w.org\/{rel}","templated":true}]}}