{"id":75666,"date":"2018-06-28T13:55:58","date_gmt":"2018-06-28T10:55:58","guid":{"rendered":"https:\/\/www.enerjigazetesi.ist\/?p=75666"},"modified":"2018-06-28T14:08:31","modified_gmt":"2018-06-28T11:08:31","slug":"gunes-ve-ruzgardaki-dalgalanmalar-dusuk-karbonlu-enerjiye-gecisin-isareti","status":"publish","type":"post","link":"https:\/\/www.enerjigazetesi.ist\/en\/gunes-ve-ruzgardaki-dalgalanmalar-dusuk-karbonlu-enerjiye-gecisin-isareti\/","title":{"rendered":"(Turkish) G\u00fcne\u015f ve R\u00fczgar&#8217;daki Dalgalanma, D\u00fc\u015f\u00fck-Karbona Ge\u00e7i\u015fe \u0130\u015faret"},"content":{"rendered":"<p class=\"qtranxs-available-languages-message qtranxs-available-languages-message-en\">Sorry, this entry is only available in <a href=\"https:\/\/www.enerjigazetesi.ist\/tr\/wp-json\/wp\/v2\/posts\/75666\" class=\"qtranxs-available-language-link qtranxs-available-language-link-tr\" title=\"Turkish\">Turkish<\/a>. For the sake of viewer convenience, the content is shown below in the alternative language. You may click the link to switch the active language.<\/p><p><strong>Daha ucuz yeni teknolojilerin geli\u015fmesi, k\u00fcresel \u0131s\u0131nmayla m\u00fccadelede, yenilenebilir enerji kaynaklar\u0131 aras\u0131nda rekabeti art\u0131r\u0131yor.<\/strong><\/p>\n<p>Bu hafta, BP ekonomistlerinin y\u0131ll\u0131k d\u00fcnya enerji g\u00f6r\u00fcn\u00fcm\u00fcn\u00fc yay\u0131nlamas\u0131yla birlikte \u015fa\u015f\u0131rt\u0131c\u0131 istatistikler ortaya \u00e7\u0131kt\u0131. Ge\u00e7en y\u0131l, d\u00fcnyadaki enerji art\u0131\u015f\u0131n\u0131n %17\u2019si rekor bir art\u0131\u015f ile yenilenebilir enerji <img loading=\"lazy\" class=\"alignleft size-medium wp-image-75667\" src=\"https:\/\/www.enerjigazetesi.ist\/wp-content\/uploads\/2018\/06\/gunes-ve-ruzgardaki-dalgalanmalar-dusuk-karbonlu-enerjiye-gecisin-isareti-300x169.jpg\" alt=\"\" width=\"300\" height=\"169\" srcset=\"https:\/\/www.enerjigazetesi.ist\/wp-content\/uploads\/2018\/06\/gunes-ve-ruzgardaki-dalgalanmalar-dusuk-karbonlu-enerjiye-gecisin-isareti-300x169.jpg 300w, https:\/\/www.enerjigazetesi.ist\/wp-content\/uploads\/2018\/06\/gunes-ve-ruzgardaki-dalgalanmalar-dusuk-karbonlu-enerjiye-gecisin-isareti-768x431.jpg 768w, https:\/\/www.enerjigazetesi.ist\/wp-content\/uploads\/2018\/06\/gunes-ve-ruzgardaki-dalgalanmalar-dusuk-karbonlu-enerjiye-gecisin-isareti-1024x575.jpg 1024w, https:\/\/www.enerjigazetesi.ist\/wp-content\/uploads\/2018\/06\/gunes-ve-ruzgardaki-dalgalanmalar-dusuk-karbonlu-enerjiye-gecisin-isareti-500x281.jpg 500w, https:\/\/www.enerjigazetesi.ist\/wp-content\/uploads\/2018\/06\/gunes-ve-ruzgardaki-dalgalanmalar-dusuk-karbonlu-enerjiye-gecisin-isareti-80x45.jpg 80w, https:\/\/www.enerjigazetesi.ist\/wp-content\/uploads\/2018\/06\/gunes-ve-ruzgardaki-dalgalanmalar-dusuk-karbonlu-enerjiye-gecisin-isareti.jpg 1068w\" sizes=\"(max-width: 300px) 100vw, 300px\" \/>kaynaklar\u0131ndan geldi. \u0130lave yenilenebilir enerji kaynak kurulumu, 69 milyon ton petrol\u00fcn (\u0130sve\u00e7 ve Danimarka\u2019n\u0131n yakla\u015f\u0131k bir y\u0131ll\u0131k enerji t\u00fcketim miktar\u0131 kadar) enerji \u00fcretimine e\u015fde\u011fer oldu.<\/p>\n<p>Bu geli\u015fmelerin olabilece\u011fi, on y\u0131l \u00f6nce, yani r\u00fczgar ve g\u00fcne\u015f enerjisinin bug\u00fcnden \u00e7ok daha pahal\u0131 oldu\u011fu zamanlar tahmin edilemezdi. Fakat, ge\u00e7ti\u011fimiz on y\u0131lda yenilenebilir enerji kaynaklar\u0131ndaki yat\u0131r\u0131m art\u0131\u015f\u0131, yeni enerji teknolojilerindeki d\u00fc\u015fen maliyetlerle birle\u015fince k\u00fcresel enerji \u00fcretiminde g\u00fc\u00e7l\u00fc bir de\u011fi\u015fim meydana getirdi.<\/p>\n<p>Bu de\u011fi\u015fimin nedenlerinden biri de,\u00a0<a href=\"https:\/\/www.dunyaenerji.org.tr\/wp-content\/uploads\/2018\/06\/MO30-1.jpg\"><img loading=\"lazy\" class=\"alignright size-medium wp-image-6784\" src=\"https:\/\/www.dunyaenerji.org.tr\/wp-content\/uploads\/2018\/06\/MO30-1-300x176.jpg\" sizes=\"(max-width: 300px) 100vw, 300px\" srcset=\"https:\/\/www.dunyaenerji.org.tr\/wp-content\/uploads\/2018\/06\/MO30-1-300x176.jpg 300w, https:\/\/www.dunyaenerji.org.tr\/wp-content\/uploads\/2018\/06\/MO30-1.jpg 459w\" alt=\"\" width=\"300\" height=\"176\" \/><\/a>2015 y\u0131l\u0131nda imzalanan ve 170\u2019ten fazla \u00fclkenin emisyonlar\u0131n\u0131 azaltmaya karar verdi\u011fi Paris \u0130klim Anla\u015fmas\u0131yd\u0131. Son be\u015f y\u0131lda, karbon emisyonlar\u0131n\u0131 azaltmak i\u00e7in yap\u0131lan ilerlemenin b\u00fcy\u00fck bir k\u0131sm\u0131, fiyatlar\u0131n d\u00fc\u015fmesine neden olan r\u00fczgar ve g\u00fcne\u015f enerjisinin b\u00fcy\u00fcmesinden kaynakland\u0131.<\/p>\n<p>Temiz enerjiye yap\u0131lan k\u00fcresel yat\u0131r\u0131m, ge\u00e7ti\u011fimiz on y\u0131l boyunca artt\u0131 ve 2015\u2019te rekor k\u0131rd\u0131. BNEF\u2019e g\u00f6re, Avrupa ve Amerika\u2019daki d\u00fc\u015fen yat\u0131r\u0131mlardan dolay\u0131 bu rakam \u015fimdilerde daha d\u00fc\u015f\u00fck rakamlarda seyrediyor.<\/p>\n<p>2014 ve 2016 aras\u0131ndaki seviyelerden sonra, k\u00fcresel karbon emisyonlar\u0131, \u00c7in\u2019deki artan enerji t\u00fcketiminden sonra tekrar y\u00fckseldi.<\/p>\n<p>Buna ra\u011fmen, uzun vadeli trendin karbonsuzla\u015fma e\u011filiminde oldu\u011fu s\u00f6yleniyor.<\/p>\n<p>Kaynak:\u00a0\u201cSurge in solar and wind power marks shift to low-carbon energy \u201d,<\/p>\n<p>Financial Times<\/p>","protected":false},"excerpt":{"rendered":"<p>Sorry, this entry is only available in Turkish. For the sake of viewer convenience, the content is shown below in the alternative language. You may click the link to switch the active language.Daha ucuz yeni teknolojilerin geli\u015fmesi, k\u00fcresel \u0131s\u0131nmayla m\u00fccadelede, yenilenebilir enerji kaynaklar\u0131 aras\u0131nda rekabeti art\u0131r\u0131yor. Bu hafta, BP ekonomistlerinin y\u0131ll\u0131k d\u00fcnya enerji g\u00f6r\u00fcn\u00fcm\u00fcn\u00fc yay\u0131nlamas\u0131yla [&hellip;]<\/p>\n","protected":false},"author":1,"featured_media":75667,"comment_status":"open","ping_status":"open","sticky":false,"template":"","format":"standard","meta":[],"categories":[53,49,50],"tags":[38124,67,1009,23416,24949,26829],"views":1225,"_links":{"self":[{"href":"https:\/\/www.enerjigazetesi.ist\/en\/wp-json\/wp\/v2\/posts\/75666"}],"collection":[{"href":"https:\/\/www.enerjigazetesi.ist\/en\/wp-json\/wp\/v2\/posts"}],"about":[{"href":"https:\/\/www.enerjigazetesi.ist\/en\/wp-json\/wp\/v2\/types\/post"}],"author":[{"embeddable":true,"href":"https:\/\/www.enerjigazetesi.ist\/en\/wp-json\/wp\/v2\/users\/1"}],"replies":[{"embeddable":true,"href":"https:\/\/www.enerjigazetesi.ist\/en\/wp-json\/wp\/v2\/comments?post=75666"}],"version-history":[{"count":5,"href":"https:\/\/www.enerjigazetesi.ist\/en\/wp-json\/wp\/v2\/posts\/75666\/revisions"}],"predecessor-version":[{"id":75672,"href":"https:\/\/www.enerjigazetesi.ist\/en\/wp-json\/wp\/v2\/posts\/75666\/revisions\/75672"}],"wp:featuredmedia":[{"embeddable":true,"href":"https:\/\/www.enerjigazetesi.ist\/en\/wp-json\/wp\/v2\/media\/75667"}],"wp:attachment":[{"href":"https:\/\/www.enerjigazetesi.ist\/en\/wp-json\/wp\/v2\/media?parent=75666"}],"wp:term":[{"taxonomy":"category","embeddable":true,"href":"https:\/\/www.enerjigazetesi.ist\/en\/wp-json\/wp\/v2\/categories?post=75666"},{"taxonomy":"post_tag","embeddable":true,"href":"https:\/\/www.enerjigazetesi.ist\/en\/wp-json\/wp\/v2\/tags?post=75666"}],"curies":[{"name":"wp","href":"https:\/\/api.w.org\/{rel}","templated":true}]}}