{"id":75644,"date":"2018-06-28T11:06:20","date_gmt":"2018-06-28T08:06:20","guid":{"rendered":"https:\/\/www.enerjigazetesi.ist\/?p=75644"},"modified":"2018-06-28T11:06:20","modified_gmt":"2018-06-28T08:06:20","slug":"elektrikli-ve-hibrit-araclara-yonelik-gumruk-vergisi-duzenlemesi-yapildi","status":"publish","type":"post","link":"https:\/\/www.enerjigazetesi.ist\/en\/elektrikli-ve-hibrit-araclara-yonelik-gumruk-vergisi-duzenlemesi-yapildi\/","title":{"rendered":"(Turkish) Elektrikli ve Hibrit Ara\u00e7lara Y\u00f6nelik G\u00fcmr\u00fck Vergisi D\u00fczenlemesi Yap\u0131ld\u0131"},"content":{"rendered":"<p class=\"qtranxs-available-languages-message qtranxs-available-languages-message-en\">Sorry, this entry is only available in <a href=\"https:\/\/www.enerjigazetesi.ist\/tr\/wp-json\/wp\/v2\/posts\/75644\" class=\"qtranxs-available-language-link qtranxs-available-language-link-tr\" title=\"Turkish\">Turkish<\/a>. For the sake of viewer convenience, the content is shown below in the alternative language. You may click the link to switch the active language.<\/p><p><strong>Enerji tasarrufu sa\u011flamak i\u00e7in geli\u015ftirilen invert\u00f6r ithalat\u0131nda, motorlu kara ta\u015f\u0131tlar\u0131n\u0131n \u00fcretiminde kullan\u0131lmas\u0131 kayd\u0131yla g\u00fcmr\u00fck vergisi y\u00fczde 0,8 olarak belirlendi.<span id=\"more-100618\"><\/span>\u00a0Konuya ili\u015fkin Bakanlar Kurulu karar\u0131, 1 Temmuz\u2019da y\u00fcr\u00fcrl\u00fc\u011fe girmek \u00fczere Resmi Gazete\u2019nin m\u00fckerrer say\u0131s\u0131nda yay\u0131mland\u0131.<\/strong><\/p>\n<p>Ekonomi Bakanl\u0131\u011f\u0131ndan yap\u0131lan yaz\u0131l\u0131 a\u00e7\u0131klamada \u015fu ifadeler kullan\u0131ld\u0131:<\/p>\n<p><img loading=\"lazy\" class=\"alignleft wp-image-51570 size-medium\" src=\"https:\/\/www.enerjigazetesi.ist\/wp-content\/uploads\/2016\/03\/17-milyon-elektrikli-ve-hibrit-arac-yollarda-olacak-300x110.jpg\" alt=\"elektrikli-ve-hibrit-araclara-yonelik-gumruk-vergisi-duzenlemesi-yapildi\" width=\"300\" height=\"110\" srcset=\"https:\/\/www.enerjigazetesi.ist\/wp-content\/uploads\/2016\/03\/17-milyon-elektrikli-ve-hibrit-arac-yollarda-olacak-300x110.jpg 300w, https:\/\/www.enerjigazetesi.ist\/wp-content\/uploads\/2016\/03\/17-milyon-elektrikli-ve-hibrit-arac-yollarda-olacak-1024x377.jpg 1024w, https:\/\/www.enerjigazetesi.ist\/wp-content\/uploads\/2016\/03\/17-milyon-elektrikli-ve-hibrit-arac-yollarda-olacak-500x184.jpg 500w, https:\/\/www.enerjigazetesi.ist\/wp-content\/uploads\/2016\/03\/17-milyon-elektrikli-ve-hibrit-arac-yollarda-olacak-80x29.jpg 80w, https:\/\/www.enerjigazetesi.ist\/wp-content\/uploads\/2016\/03\/17-milyon-elektrikli-ve-hibrit-arac-yollarda-olacak.jpg 1900w\" sizes=\"(max-width: 300px) 100vw, 300px\" \/>\u201cMalumlar\u0131 oldu\u011fu \u00fczere, \u00fclkemiz ihracat\u0131nda lokomotif g\u00f6revi g\u00f6ren otomotiv sekt\u00f6r\u00fc de\u011fi\u015fen teknolojinin etkileriyle elektrikli\/hibrit ara\u00e7 alanlar\u0131nda da geli\u015fim g\u00f6stermektedir. Bununla birlikte, \u00fclkemizde motorlu kara ta\u015f\u0131tlar\u0131 taraf\u0131ndan sal\u0131nan karbon emisyonunu azalt\u0131c\u0131 etkisi g\u00f6z \u00f6n\u00fcnde bulunduruldu\u011funda \u00fclkemiz elektrikli\/hibrit ara\u00e7 piyasas\u0131n\u0131n ekonomimize olumlu etkileri olaca\u011f\u0131 de\u011ferlendirilmi\u015f olup, \u0130thalat Rejimi Karar\u0131na Ek Karar\u2019\u0131n II say\u0131l\u0131 listesinde yer alan invert\u00f6r e\u015fyas\u0131na (5) numaral\u0131 dipnotunun eklenmesi ve bahse konu dipnot ile 87. fas\u0131lda yer alan motorlu kara ta\u015f\u0131tlar\u0131n\u0131n imalinde kullan\u0131lmak kayd\u0131yla bu e\u015fyan\u0131n g\u00fcmr\u00fck vergisinin y\u00fczde 0,8 olarak uygulanmas\u0131 kararla\u015ft\u0131r\u0131lm\u0131\u015ft\u0131r.\u201d<\/p>","protected":false},"excerpt":{"rendered":"<p>Sorry, this entry is only available in Turkish. For the sake of viewer convenience, the content is shown below in the alternative language. You may click the link to switch the active language.Enerji tasarrufu sa\u011flamak i\u00e7in geli\u015ftirilen invert\u00f6r ithalat\u0131nda, motorlu kara ta\u015f\u0131tlar\u0131n\u0131n \u00fcretiminde kullan\u0131lmas\u0131 kayd\u0131yla g\u00fcmr\u00fck vergisi y\u00fczde 0,8 olarak belirlendi.\u00a0Konuya ili\u015fkin Bakanlar Kurulu karar\u0131, [&hellip;]<\/p>\n","protected":false},"author":1,"featured_media":16110,"comment_status":"open","ping_status":"open","sticky":false,"template":"","format":"standard","meta":[],"categories":[51,53],"tags":[215,1311,1270,67,1009,103,5176,4660,13383,38121],"views":532,"_links":{"self":[{"href":"https:\/\/www.enerjigazetesi.ist\/en\/wp-json\/wp\/v2\/posts\/75644"}],"collection":[{"href":"https:\/\/www.enerjigazetesi.ist\/en\/wp-json\/wp\/v2\/posts"}],"about":[{"href":"https:\/\/www.enerjigazetesi.ist\/en\/wp-json\/wp\/v2\/types\/post"}],"author":[{"embeddable":true,"href":"https:\/\/www.enerjigazetesi.ist\/en\/wp-json\/wp\/v2\/users\/1"}],"replies":[{"embeddable":true,"href":"https:\/\/www.enerjigazetesi.ist\/en\/wp-json\/wp\/v2\/comments?post=75644"}],"version-history":[{"count":1,"href":"https:\/\/www.enerjigazetesi.ist\/en\/wp-json\/wp\/v2\/posts\/75644\/revisions"}],"predecessor-version":[{"id":75645,"href":"https:\/\/www.enerjigazetesi.ist\/en\/wp-json\/wp\/v2\/posts\/75644\/revisions\/75645"}],"wp:featuredmedia":[{"embeddable":true,"href":"https:\/\/www.enerjigazetesi.ist\/en\/wp-json\/wp\/v2\/media\/16110"}],"wp:attachment":[{"href":"https:\/\/www.enerjigazetesi.ist\/en\/wp-json\/wp\/v2\/media?parent=75644"}],"wp:term":[{"taxonomy":"category","embeddable":true,"href":"https:\/\/www.enerjigazetesi.ist\/en\/wp-json\/wp\/v2\/categories?post=75644"},{"taxonomy":"post_tag","embeddable":true,"href":"https:\/\/www.enerjigazetesi.ist\/en\/wp-json\/wp\/v2\/tags?post=75644"}],"curies":[{"name":"wp","href":"https:\/\/api.w.org\/{rel}","templated":true}]}}