{"id":75641,"date":"2018-06-28T11:00:54","date_gmt":"2018-06-28T08:00:54","guid":{"rendered":"https:\/\/www.enerjigazetesi.ist\/?p=75641"},"modified":"2018-06-28T11:00:54","modified_gmt":"2018-06-28T08:00:54","slug":"dagitim-sektorune-yuksek-gerilim-dalinda-enerjinin-yildizlari-geliyor","status":"publish","type":"post","link":"https:\/\/www.enerjigazetesi.ist\/en\/dagitim-sektorune-yuksek-gerilim-dalinda-enerjinin-yildizlari-geliyor\/","title":{"rendered":"(Turkish) Da\u011f\u0131t\u0131m Sekt\u00f6r\u00fcne \u2018Y\u00fcksek Gerilim Dal\u0131\u2019nda \u201cEnerjinin Y\u0131ld\u0131zlar\u0131\u201d Geliyor"},"content":{"rendered":"<p class=\"qtranxs-available-languages-message qtranxs-available-languages-message-en\">Sorry, this entry is only available in <a href=\"https:\/\/www.enerjigazetesi.ist\/tr\/wp-json\/wp\/v2\/posts\/75641\" class=\"qtranxs-available-language-link qtranxs-available-language-link-tr\" title=\"Turkish\">Turkish<\/a>. For the sake of viewer convenience, the content is shown below in the alternative language. You may click the link to switch the active language.<\/p><p><strong>Elektrik da\u011f\u0131t\u0131m sekt\u00f6r\u00fcn\u00fcn yeti\u015fmi\u015f eleman ihtiyac\u0131 i\u00e7in harekete ge\u00e7en BEDA\u015e, AEDA\u015e ve \u00c7EDA\u015e, \u201cEnerjinin Y\u0131ld\u0131zlar\u0131\u201d projesini ba\u015flatt\u0131. \u0130lk ad\u0131m olarak Mill\u00ee E\u011fitim Bakanl\u0131\u011f\u0131 Mesleki ve Teknik E\u011fitim Genel M\u00fcd\u00fcrl\u00fc\u011f\u00fc ile y\u00fcksek gerilim alan\u0131nda ihtiya\u00e7 duyulan nitelikli eleman ihtiyac\u0131na \u00e7\u00f6z\u00fcm \u00fcretmek i\u00e7in Mesleki E\u011fitim \u0130\u015f Birli\u011fi Protokol\u00fc\u2019ne imza at\u0131ld\u0131.\u00a0<\/strong><strong>\u0130stanbul, Antalya ve Sivas\u2019ta \u00fc\u00e7 okulda kurulacak Y\u00fcksek Gerilim Dal\u0131 b\u00f6l\u00fcm\u00fcnde yakla\u015f\u0131k 120 \u00f6\u011frenciye laboratuvar ortam\u0131nda e\u011fitim imk\u00e2n\u0131 sa\u011flanacak. \u00d6\u011frencilere BEDA\u015e, AEDA\u015e ve \u00c7EDA\u015e\u2019ta staj imk\u00e2n\u0131 sunulurken en ba\u015far\u0131l\u0131 en az 30 \u00f6\u011frenciye ayl\u0131k 500 TL burs verilecek. Ayn\u0131 zamanda \u00fc\u00e7 da\u011f\u0131t\u0131m \u015firketinin y\u00f6netici ve teknik personeli de mentorluk yaparak deneyimlerini payla\u015facak.<\/strong><\/p>\n<p>Cengiz ve Kolin \u015eirketler Grubu b\u00fcnyesinde elektrik da\u011f\u0131t\u0131m alan\u0131nda hizmet veren Bo\u011fazi\u00e7i Elektrik Da\u011f\u0131t\u0131m A.\u015e. (BEDA\u015e), Akdeniz Elektrik Da\u011f\u0131t\u0131m A.\u015e. (AEDA\u015e) ve \u00c7aml\u0131bel Elektrik Da\u011f\u0131t\u0131m A.\u015e. <img loading=\"lazy\" class=\"alignright size-medium wp-image-75642\" src=\"https:\/\/www.enerjigazetesi.ist\/wp-content\/uploads\/2018\/06\/dagitim-sektorune-yuksek-gerilim-dalinda-enerjinin-yildizlari-geliyor-300x186.jpg\" alt=\"\" width=\"300\" height=\"186\" srcset=\"https:\/\/www.enerjigazetesi.ist\/wp-content\/uploads\/2018\/06\/dagitim-sektorune-yuksek-gerilim-dalinda-enerjinin-yildizlari-geliyor-300x186.jpg 300w, https:\/\/www.enerjigazetesi.ist\/wp-content\/uploads\/2018\/06\/dagitim-sektorune-yuksek-gerilim-dalinda-enerjinin-yildizlari-geliyor-768x476.jpg 768w, https:\/\/www.enerjigazetesi.ist\/wp-content\/uploads\/2018\/06\/dagitim-sektorune-yuksek-gerilim-dalinda-enerjinin-yildizlari-geliyor-500x310.jpg 500w, https:\/\/www.enerjigazetesi.ist\/wp-content\/uploads\/2018\/06\/dagitim-sektorune-yuksek-gerilim-dalinda-enerjinin-yildizlari-geliyor-80x50.jpg 80w, https:\/\/www.enerjigazetesi.ist\/wp-content\/uploads\/2018\/06\/dagitim-sektorune-yuksek-gerilim-dalinda-enerjinin-yildizlari-geliyor.jpg 788w\" sizes=\"(max-width: 300px) 100vw, 300px\" \/>(\u00c7EDA\u015e), sekt\u00f6rde ihtiya\u00e7 duyulan kaliteli ve yeti\u015fmi\u015f insan kayna\u011f\u0131na ula\u015fma hedefiyle \u201cEnerjinin Y\u0131ld\u0131zlar\u0131\u201d projesine start verdi. End\u00fcstri 4.0 ile birlikte Enerji 4.0\u2019\u0131n konu\u015fuldu\u011fu bir d\u00f6nemde Enerjinin Y\u0131ld\u0131zlar\u0131 projesinin \u00f6nemli bir ad\u0131m\u0131 olarak \u2018Elektrik Elektronik Teknolojisi Alan\u0131 Y\u00fcksek Gerilim Sistemleri\u2019 dal\u0131nda ihtiya\u00e7 duyulan insan kayna\u011f\u0131na ula\u015fmak amac\u0131yla 27 Haziran \u00c7ar\u015famba g\u00fcn\u00fc Mill\u00ee E\u011fitim Bakanl\u0131\u011f\u0131 Mesleki ve Teknik E\u011fitim Genel M\u00fcd\u00fcrl\u00fc\u011f\u00fc ile BEDA\u015e, AEDA\u015e ve \u00c7EDA\u015e, Mesleki E\u011fitim \u0130\u015f Birli\u011fi Protokol\u00fc\u2019ne imza at\u0131ld\u0131. Y\u00fcksek gerilim alan\u0131nda sekt\u00f6rde duyulan nitelikli personel a\u00e7\u0131\u011f\u0131n\u0131 kapatmay\u0131 hedefleyen mesleki e\u011fitim i\u015f birli\u011fi protokol\u00fcn\u00fcn imza t\u00f6reninde Mill\u00ee E\u011fitim Bakanl\u0131\u011f\u0131 Mesleki ve Teknik E\u011fitim Genel M\u00fcd\u00fcr\u00fc Osman Nuri G\u00fclay, AEDA\u015e ad\u0131na Y\u00f6netim Kurulu \u00dcyesi Arzu Hatice Atik, BEDA\u015e Genel M\u00fcd\u00fcr\u00fc Murat Yi\u011fit ve \u00c7EDA\u015e Genel M\u00fcd\u00fcr\u00fc Ahmet Sait Akbo\u011fa da haz\u0131r bulundu.<\/p>\n<p><strong>\u00dc\u00c7 MESLEK\u0130 VE TEKN\u0130K ANADOLU L\u0130SES\u0130NE Y\u00dcKSEK GER\u0130L\u0130M LABORATUVARI<\/strong><\/p>\n<p>Proje kapsam\u0131nda \u0130stanbul\u2019un Avrupa Yakas\u0131, Antalya ve Sivas\u2019ta \u00fc\u00e7 mesleki ve teknik Anadolu lisesi se\u00e7ilerek Y\u00fcksek Gerilim Laboratuvar\u0131 kurulmas\u0131 planlan\u0131yor. Bu ama\u00e7la \u0130stanbul Bayrampa\u015fa\u2019da \u0130n\u00f6n\u00fc Mesleki ve Teknik Anadolu Lisesi, Antalya\u2019da Kepez Mesleki ve Teknik Anadolu Lisesi, Sivas\u2019ta ise Atat\u00fcrk Mesleki ve Teknik Anadolu Lisesi; pilot okul olarak se\u00e7ildi. Bu okullarda 10\u2019uncu s\u0131n\u0131f \u00f6\u011frencileri, bir sonraki e\u011fitim d\u00f6neminde Y\u00fcksek Gerilim Dal\u0131\u2019n\u0131 se\u00e7ebilecek. B\u00f6ylece yakla\u015f\u0131k 100-120 kadar \u00f6\u011frencinin laboratuvarda e\u011fitim almas\u0131na imk\u00e2n sa\u011flanacak.<\/p>\n<p><strong>\u00d6\u011eRENC\u0130LERE \u00dc\u00c7 \u015e\u0130RKETTE STAJ \u0130MK\u00c2NI VE BURS<\/strong><\/p>\n<p>Y\u00fcksek Gerilim Dal\u0131\u2019nda \u00f6\u011frenim g\u00f6ren \u00f6\u011frenciler; AEDA\u015e, BEDA\u015e ve \u00c7EDA\u015e\u2019ta staj yapma imkan\u0131na da sahip olacak. Proje kapsam\u0131nda en ba\u015far\u0131l\u0131 ve ihtiya\u00e7 sahibi, en az 30 \u00f6\u011frenciye 1 y\u0131l boyunca ayl\u0131k 500 TL burs verilerek e\u011fitimlerine destek olunacak. Ayr\u0131ca s\u00f6z konusu \u00f6\u011frencilere, burs ald\u0131klar\u0131 s\u00fcre kadar da istihdam garantisi sunulacak. E\u011fitim s\u00fcresince \u00fc\u00e7 da\u011f\u0131t\u0131m \u015firketinin y\u00f6neticileri, kuruma \u00f6zel derslerde bilgi birikimi ve deneyimlerini \u00f6\u011frencilere aktaracak ve mentorluk yapacak. Y\u00f6neticiler, mentorluk yapmadan \u00f6nce \u00f6zel bir e\u011fitimden ge\u00e7ecek. Yine Y\u00fcksek Gerilim Dal\u0131 alan\u0131nda okullarda e\u011fitim veren \u00f6\u011fretmenlere de uygulamal\u0131 olarak \u00f6zel e\u011fitim verilecek.<\/p>\n<p><strong>TERC\u0130H ED\u0130LMEYEN Y\u00dcKSEK GER\u0130L\u0130M DALI, AB STANDARTLARINA KAVU\u015eUYOR<\/strong><\/p>\n<p>Malzeme fiyatlar\u0131n\u0131n y\u00fcksek olmas\u0131 ve sekt\u00f6rden yeterli destek alamad\u0131\u011f\u0131 i\u00e7in meslek liselerinin elektrik b\u00f6l\u00fcm\u00fcnde tercih edilmeyen Y\u00fcksek Gerilim Dal\u0131 da bu proje sayesinde yeniden e\u011fitim sistemine kazand\u0131r\u0131lm\u0131\u015f olacak. Avrupa Birli\u011fi \u00fclkelerindeki standartlarda kurulacak laboratuvarlarla Y\u00fcksek Gerilim Dal\u0131\u2019n\u0131 tercih eden \u00f6\u011frencilere, elektri\u011fin \u00fcretilmesinden iletim ve da\u011f\u0131t\u0131m\u0131na kadar t\u00fcm kademeleri uygulamal\u0131 olarak \u00f6\u011fretilecek. S\u00f6z konusu proje, sekt\u00f6r\u00fcn yeti\u015fmi\u015f eleman ihtiyac\u0131na \u00e7\u00f6z\u00fcm \u00fcretirken mezun olan \u00f6\u011frenciler de \u00e7ok tehlikeli meslekler s\u0131n\u0131f\u0131nda yer alan bu alanda uygulamal\u0131 i\u015f sa\u011fl\u0131\u011f\u0131 ve g\u00fcvenli\u011fi e\u011fitimi ald\u0131klar\u0131 i\u00e7in tercih edilerek sekt\u00f6re ilk ad\u0131mlar\u0131n\u0131 g\u00fcvenle atacaklar.<\/p>","protected":false},"excerpt":{"rendered":"<p>Sorry, this entry is only available in Turkish. For the sake of viewer convenience, the content is shown below in the alternative language. You may click the link to switch the active language.Elektrik da\u011f\u0131t\u0131m sekt\u00f6r\u00fcn\u00fcn yeti\u015fmi\u015f eleman ihtiyac\u0131 i\u00e7in harekete ge\u00e7en BEDA\u015e, AEDA\u015e ve \u00c7EDA\u015e, \u201cEnerjinin Y\u0131ld\u0131zlar\u0131\u201d projesini ba\u015flatt\u0131. \u0130lk ad\u0131m olarak Mill\u00ee E\u011fitim Bakanl\u0131\u011f\u0131 [&hellip;]<\/p>\n","protected":false},"author":1,"featured_media":75642,"comment_status":"open","ping_status":"open","sticky":false,"template":"","format":"standard","meta":[],"categories":[51,53],"tags":[31338,1506,5179,15016,34979,19638,26353,67,1009],"views":491,"_links":{"self":[{"href":"https:\/\/www.enerjigazetesi.ist\/en\/wp-json\/wp\/v2\/posts\/75641"}],"collection":[{"href":"https:\/\/www.enerjigazetesi.ist\/en\/wp-json\/wp\/v2\/posts"}],"about":[{"href":"https:\/\/www.enerjigazetesi.ist\/en\/wp-json\/wp\/v2\/types\/post"}],"author":[{"embeddable":true,"href":"https:\/\/www.enerjigazetesi.ist\/en\/wp-json\/wp\/v2\/users\/1"}],"replies":[{"embeddable":true,"href":"https:\/\/www.enerjigazetesi.ist\/en\/wp-json\/wp\/v2\/comments?post=75641"}],"version-history":[{"count":1,"href":"https:\/\/www.enerjigazetesi.ist\/en\/wp-json\/wp\/v2\/posts\/75641\/revisions"}],"predecessor-version":[{"id":75643,"href":"https:\/\/www.enerjigazetesi.ist\/en\/wp-json\/wp\/v2\/posts\/75641\/revisions\/75643"}],"wp:featuredmedia":[{"embeddable":true,"href":"https:\/\/www.enerjigazetesi.ist\/en\/wp-json\/wp\/v2\/media\/75642"}],"wp:attachment":[{"href":"https:\/\/www.enerjigazetesi.ist\/en\/wp-json\/wp\/v2\/media?parent=75641"}],"wp:term":[{"taxonomy":"category","embeddable":true,"href":"https:\/\/www.enerjigazetesi.ist\/en\/wp-json\/wp\/v2\/categories?post=75641"},{"taxonomy":"post_tag","embeddable":true,"href":"https:\/\/www.enerjigazetesi.ist\/en\/wp-json\/wp\/v2\/tags?post=75641"}],"curies":[{"name":"wp","href":"https:\/\/api.w.org\/{rel}","templated":true}]}}