{"id":75598,"date":"2018-06-26T13:54:45","date_gmt":"2018-06-26T10:54:45","guid":{"rendered":"https:\/\/www.enerjigazetesi.ist\/?p=75598"},"modified":"2018-06-26T13:54:45","modified_gmt":"2018-06-26T10:54:45","slug":"cw-enerji-avrupanin-en-buyuk-gunes-enerjisi-fuari-intersolarda","status":"publish","type":"post","link":"https:\/\/www.enerjigazetesi.ist\/en\/cw-enerji-avrupanin-en-buyuk-gunes-enerjisi-fuari-intersolarda\/","title":{"rendered":"(Turkish) CW Enerji Avrupa\u2019n\u0131n En B\u00fcy\u00fck G\u00fcne\u015f Enerjisi Fuar\u0131 Intersolar\u2019da\u2026"},"content":{"rendered":"<p class=\"qtranxs-available-languages-message qtranxs-available-languages-message-en\">Sorry, this entry is only available in <a href=\"https:\/\/www.enerjigazetesi.ist\/tr\/wp-json\/wp\/v2\/posts\/75598\" class=\"qtranxs-available-language-link qtranxs-available-language-link-tr\" title=\"Turkish\">Turkish<\/a>. For the sake of viewer convenience, the content is shown below in the alternative language. You may click the link to switch the active language.<\/p><p><strong>CW Enerji, 20 \u2013 22 Haziran tarihleri aras\u0131nda Almanya\u2019n\u0131n M\u00fcnih kentinde d\u00fczenlenen \u0130ntersolar Avrupa Fuar\u0131n\u0131 ba\u015far\u0131yla tamamlad\u0131.<\/strong><\/p>\n<p>G\u00fcne\u015f enerjisi ve teknolojileri konusunda en kapsaml\u0131 etkinlik olan \u0130ntersolar Avrupa Fuar\u0131, 20 \u2013 22 Haziran tarihleri aras\u0131nda sekt\u00f6r\u00fcn profesyonelleri ile yarat\u0131c\u0131-yenilik i\u00e7eren sistemleri Almanya\u2019n\u0131n M\u00fcnih kentinde bulu\u015fturdu. Firmam\u0131z CW Enerji M\u00fchendislik Ticaret ve Sanayi Anonim \u015eirketi, \u0130ntersolar Avrupa, ees Avrupa, Power2Drive Avrupa ve EM-Power gibi d\u00f6rt paralel enerji fuar\u0131n\u0131n Messe <img loading=\"lazy\" class=\"alignright size-medium wp-image-75599\" src=\"https:\/\/www.enerjigazetesi.ist\/wp-content\/uploads\/2018\/06\/cw-enerji-avrupanin-en-buyuk-gunes-enerjisi-fuari-intersolarda-300x225.jpg\" alt=\"\" width=\"300\" height=\"225\" srcset=\"https:\/\/www.enerjigazetesi.ist\/wp-content\/uploads\/2018\/06\/cw-enerji-avrupanin-en-buyuk-gunes-enerjisi-fuari-intersolarda-300x225.jpg 300w, https:\/\/www.enerjigazetesi.ist\/wp-content\/uploads\/2018\/06\/cw-enerji-avrupanin-en-buyuk-gunes-enerjisi-fuari-intersolarda-768x576.jpg 768w, https:\/\/www.enerjigazetesi.ist\/wp-content\/uploads\/2018\/06\/cw-enerji-avrupanin-en-buyuk-gunes-enerjisi-fuari-intersolarda-1024x768.jpg 1024w, https:\/\/www.enerjigazetesi.ist\/wp-content\/uploads\/2018\/06\/cw-enerji-avrupanin-en-buyuk-gunes-enerjisi-fuari-intersolarda-500x375.jpg 500w, https:\/\/www.enerjigazetesi.ist\/wp-content\/uploads\/2018\/06\/cw-enerji-avrupanin-en-buyuk-gunes-enerjisi-fuari-intersolarda-67x50.jpg 67w, https:\/\/www.enerjigazetesi.ist\/wp-content\/uploads\/2018\/06\/cw-enerji-avrupanin-en-buyuk-gunes-enerjisi-fuari-intersolarda.jpg 1600w\" sizes=\"(max-width: 300px) 100vw, 300px\" \/>M\u00fcnchen fuar merkezinde tek \u00e7at\u0131 alt\u0131nda topland\u0131\u011f\u0131 \u0130ntersolar Avrupa Fuar\u0131nda A2 &#8211; 510 numaral\u0131 stantta yerini ald\u0131. G\u00fcne\u015f enerjisi end\u00fcstrisi ve ortaklar\u0131 i\u00e7in d\u00fcnyan\u0131n \u00f6nde gelen fuarlar\u0131ndan biri olan ve her y\u0131l Almanya&#8217;n\u0131n M\u00fcnih kentindeki Messe M\u00fcnchen fuar merkezinde d\u00fczenlenen \u0130ntersolar Avrupa fuar\u0131, fotovoltaik, g\u00fcne\u015f enerjisi teknolojileri, g\u00fcne\u015f enerjisi tesisleri, \u015febeke altyap\u0131s\u0131 ve yenilenebilir enerjinin entegrasyonu i\u00e7in \u00e7\u00f6z\u00fcmler \u00fczerine yo\u011funla\u015ft\u0131\u011f\u0131 i\u00e7in \u00fcreticiler, tedarik\u00e7iler, distrib\u00fct\u00f6rler, servis sa\u011flay\u0131c\u0131lar ve g\u00fcne\u015f end\u00fcstrisinin ortaklar\u0131 i\u00e7in en \u00f6nemli end\u00fcstri platformlar\u0131ndan biri haline gelmi\u015ftir. 1.200 kat\u0131l\u0131mc\u0131 firman\u0131n yer ald\u0131\u011f\u0131 sekiz salondan olu\u015fan 86.000 m2\u2019lik alanda 3 g\u00fcn s\u00fcren \u0130ntersolar Avrupa fuar\u0131, yakla\u015f\u0131k 50.000 ziyaret\u00e7iye kap\u0131lar\u0131n\u0131 aralad\u0131.<\/p>\n<p>CW Enerji olarak fuarda bize ayr\u0131lan A2 &#8211; 510 numaral\u0131 40 m\u00b2\u2019lik stant alan\u0131nda firmalar\u0131m\u0131z\u0131n tan\u0131t\u0131mlar\u0131n\u0131 ger\u00e7ekle\u015ftirdik ve ba\u015fta CEO\u2019lar, politikac\u0131lar, \u00fcreticiler, tedarik\u00e7iler, distrib\u00fct\u00f6rler, servis sa\u011flay\u0131c\u0131lar\u0131, g\u00fcne\u015f end\u00fcstrisinin ortaklar\u0131, m\u00fchendisler, proje geli\u015ftirme uzmanlar\u0131, teknik m\u00fchendisler ve ara\u015ft\u0131rma geli\u015ftirme uzmanlar\u0131 olmak \u00fczere \u00e7ok say\u0131da yabanc\u0131 firma temsilcisi ile bir\u00e7ok uluslararas\u0131 ziyaret\u00e7iyi stant alan\u0131m\u0131zda a\u011f\u0131rlad\u0131k. \u00dc\u00e7 g\u00fcnl\u00fck yo\u011fun faaliyetimizde ortalama 600 konu\u011fu kendi stant alan\u0131m\u0131zda a\u011f\u0131rlarken, fiyat teklifleri ve tekrar ileti\u015fim kurmak i\u00e7in 250\u2019nin \u00fczerinde m\u00fc\u015fteri talep formlar\u0131 olu\u015fturduk. Ayr\u0131ca sat\u0131n alma ve distrib\u00fct\u00f6r olma \u015feklinde gelen talepleri de\u011ferlendirdik.<\/p>\n<p>Ge\u00e7mi\u015f y\u0131llara g\u00f6re \u00e7ok daha verimli ge\u00e7en fuarda T\u00fcrkiye\u2019nin her taraf\u0131nda 300 MW\u2019\u0131n \u00fczerinde tamamlam\u0131\u015f oldu\u011fumuz \u00e7at\u0131 ve arazi tipi fotovoltaik projelerimiz tan\u0131t\u0131ld\u0131. Ayr\u0131ca firmam\u0131z\u0131n Alman teknolojisi ve T\u00fcrk m\u00fchendisli\u011fi ile kendi \u00fcretimi olan SOLAR POWER PACK, AKILLI KUTU kompakt ( invert\u00f6r, ak\u00fc, \u015farj kontrol cihaz\u0131n\u0131 bir arada bar\u0131ndan tak kullan cihaz) sistemlerimizde ziyaret\u00e7ilerimizden b\u00fcy\u00fck ilgi g\u00f6rm\u00fc\u015ft\u00fcr. \u00dc\u00e7 g\u00fcn s\u00fcren fuar boyunca, CW Enerji Y\u00f6netim Kurulu Ba\u015fkan\u0131 Tar\u0131k Sarvan, stand\u0131m\u0131za gelen ziyaret\u00e7ilerle birebir g\u00f6r\u00fc\u015ferek, firmam\u0131z ve fotovoltaik sistemler hakk\u0131nda bilgiler aktard\u0131.<\/p>\n<p>Ayr\u0131ca fuarda, g\u00fcne\u015f enerji sistemlerinin en \u00f6nemli cihazlar\u0131ndan biri olan &#8220;invert\u00f6r&#8221; \u00fcr\u00fcnleri ile d\u00fcnya g\u00fcne\u015f enerjisi piyasas\u0131nda adlar\u0131ndan s\u0131k\u00e7a s\u00f6z ettiren Huawei, Kostal ve ABB ile i\u015f birli\u011fi g\u00f6r\u00fc\u015fmelerimizi s\u00fcrd\u00fcrd\u00fck. D\u00fcnyan\u0131n \u00f6nemli h\u00fccre \u00fcreticileri ile \u00f6zel g\u00f6r\u00fc\u015fmeler ger\u00e7ekle\u015ftirdik. \u0130novatif fotovoltaik \u00fcr\u00fcn geli\u015ftirme ve \u00fcretmeye y\u00f6nelik Ar-Ge g\u00f6r\u00fc\u015fmeleri ger\u00e7ekle\u015ftirdik. Enerji depolama sistemleri ile alakal\u0131 bu sekt\u00f6re s\u00f6z sahibi firmalarla g\u00f6r\u00fc\u015fmelerde bulunarak \u00fcretilen enerjinin depolanmas\u0131na ili\u015fkin ara\u015ft\u0131rmalarda bulunduk. Tunus, Rusya, M\u0131s\u0131r, Bel\u00e7ika gibi \u00fclkelerden gelen \u00f6zel \u00fcr\u00fcn sipari\u015fleri de\u011ferlendirilerek, \u00f6n anla\u015fmalar\u0131 bu fuarda imzalanm\u0131\u015ft\u0131r. Talep edilen \u00f6zel \u00fcr\u00fcn sipari\u015flerine y\u00f6nelik firmam\u0131zda \u00fcretim faaliyetlerine ba\u015flanm\u0131\u015ft\u0131r. Stand\u0131m\u0131z\u0131 M\u00fcnih T\u00fcrk konsoloslu\u011fu y\u00f6neticileri ziyaret ederek firmam\u0131z\u0131 onurland\u0131rm\u0131\u015ft\u0131r.<\/p>\n<p>Fuarda, firmam\u0131z CW Enerji M\u00fchendislik Ticaret ve Sanayi A\u015e CEO\u2019su Tar\u0131k Sarvan, \u00fcretti\u011fi g\u00fcne\u015f panellerine d\u00fcnyan\u0131n \u00f6nde gelen reas\u00fcrans \u015firketlerinden Munich RE&#8217;e yapt\u0131rd\u0131\u011f\u0131 25 y\u0131ll\u0131k &#8220;verimlilik garanti sigortas\u0131&#8221; sertifikas\u0131n\u0131 Munich RE yetkililerinden ald\u0131.<\/p>\n<p>CW Enerji CEO\u2019su Tar\u0131k Sarvan, g\u00fcne\u015f enerjisi alan\u0131nda Avrupa\u2019n\u0131n en b\u00fcy\u00fck fuar\u0131 \u0130ntersolar Europe\u2019un T\u00fcrk solar sekt\u00f6r\u00fcne \u00f6nemli katk\u0131lar sa\u011flad\u0131\u011f\u0131na inand\u0131klar\u0131n\u0131 belirterek, \u201c5 y\u0131ld\u0131r kat\u0131ld\u0131\u011f\u0131m\u0131z bu fuar, sekt\u00f6r\u00fcm\u00fcz\u00fcn geli\u015fmesi, ilerlemesi a\u00e7\u0131s\u0131ndan \u015fahane bir f\u0131rsat. Fuar kat\u0131l\u0131m\u0131yla uluslararas\u0131 d\u00fczeyde hem T\u00fcrkiye\u2019nin potansiyelini yabanc\u0131 yat\u0131r\u0131mc\u0131lara tan\u0131tmak; hem de \u00fclkemizde geli\u015fen fotovoltaik sanayisine yurt d\u0131\u015f\u0131ndan olanaklar sunmay\u0131 ama\u00e7l\u0131yoruz. Sekt\u00f6rdeki ana trendleri, yeni teknolojileri takip edebiliyoruz. Yenilenebilir enerji sekt\u00f6r\u00fcnde do\u011fabilecek yeni i\u015f modellerini, \u00e7\u00f6z\u00fcm f\u0131rsatlar\u0131n\u0131 yerinde inceleme imkan\u0131m\u0131z oldu. Verimi ve enerjisi y\u00fcksek bir fuar ge\u00e7irdik.\u201d<\/p>\n<p>T\u00fcrkiye\u2019nin d\u00fcnyada solar sekt\u00f6r\u00fcnde y\u00fckselen pazar olarak g\u00f6r\u00fcld\u00fc\u011f\u00fcn\u00fc ifade eden Sarvan, \u201cBiz de bu pazarda yerimizi sa\u011flamla\u015ft\u0131rmak i\u00e7in projelerimize aral\u0131ks\u0131z devam ediyoruz. Fuarda CW Enerji stand\u0131n\u0131 ziyaret eden yerel kamu temsilcileri ve solar firmalar\u0131yla sekt\u00f6rel i\u015f f\u0131rsatlar\u0131 hakk\u0131nda g\u00f6r\u00fc\u015fmeler yapt\u0131k. \u00c7al\u0131\u015fmalar\u0131m\u0131z s\u00fcrecek\u201d diye konu\u015ftu.<\/p>","protected":false},"excerpt":{"rendered":"<p>Sorry, this entry is only available in Turkish. For the sake of viewer convenience, the content is shown below in the alternative language. You may click the link to switch the active language.CW Enerji, 20 \u2013 22 Haziran tarihleri aras\u0131nda Almanya\u2019n\u0131n M\u00fcnih kentinde d\u00fczenlenen \u0130ntersolar Avrupa Fuar\u0131n\u0131 ba\u015far\u0131yla tamamlad\u0131. G\u00fcne\u015f enerjisi ve teknolojileri konusunda en [&hellip;]<\/p>\n","protected":false},"author":1,"featured_media":75599,"comment_status":"open","ping_status":"open","sticky":false,"template":"","format":"standard","meta":[],"categories":[53,49],"tags":[34868,67,1009,23416,1876,23133,142,23131,15740],"views":1049,"_links":{"self":[{"href":"https:\/\/www.enerjigazetesi.ist\/en\/wp-json\/wp\/v2\/posts\/75598"}],"collection":[{"href":"https:\/\/www.enerjigazetesi.ist\/en\/wp-json\/wp\/v2\/posts"}],"about":[{"href":"https:\/\/www.enerjigazetesi.ist\/en\/wp-json\/wp\/v2\/types\/post"}],"author":[{"embeddable":true,"href":"https:\/\/www.enerjigazetesi.ist\/en\/wp-json\/wp\/v2\/users\/1"}],"replies":[{"embeddable":true,"href":"https:\/\/www.enerjigazetesi.ist\/en\/wp-json\/wp\/v2\/comments?post=75598"}],"version-history":[{"count":1,"href":"https:\/\/www.enerjigazetesi.ist\/en\/wp-json\/wp\/v2\/posts\/75598\/revisions"}],"predecessor-version":[{"id":75600,"href":"https:\/\/www.enerjigazetesi.ist\/en\/wp-json\/wp\/v2\/posts\/75598\/revisions\/75600"}],"wp:featuredmedia":[{"embeddable":true,"href":"https:\/\/www.enerjigazetesi.ist\/en\/wp-json\/wp\/v2\/media\/75599"}],"wp:attachment":[{"href":"https:\/\/www.enerjigazetesi.ist\/en\/wp-json\/wp\/v2\/media?parent=75598"}],"wp:term":[{"taxonomy":"category","embeddable":true,"href":"https:\/\/www.enerjigazetesi.ist\/en\/wp-json\/wp\/v2\/categories?post=75598"},{"taxonomy":"post_tag","embeddable":true,"href":"https:\/\/www.enerjigazetesi.ist\/en\/wp-json\/wp\/v2\/tags?post=75598"}],"curies":[{"name":"wp","href":"https:\/\/api.w.org\/{rel}","templated":true}]}}