{"id":75540,"date":"2018-06-24T15:48:13","date_gmt":"2018-06-24T12:48:13","guid":{"rendered":"https:\/\/www.enerjigazetesi.ist\/?p=75540"},"modified":"2018-06-24T15:48:13","modified_gmt":"2018-06-24T12:48:13","slug":"fransanin-marsilya-kentinde-4-gun-elektrik-kesintisi-meydana-geldi","status":"publish","type":"post","link":"https:\/\/www.enerjigazetesi.ist\/en\/fransanin-marsilya-kentinde-4-gun-elektrik-kesintisi-meydana-geldi\/","title":{"rendered":"(Turkish) Fransa\u2019n\u0131n Marsilya Kentinde 4 G\u00fcn Elektrik Kesintisi Meydana Geldi"},"content":{"rendered":"<p class=\"qtranxs-available-languages-message qtranxs-available-languages-message-en\">Sorry, this entry is only available in <a href=\"https:\/\/www.enerjigazetesi.ist\/tr\/wp-json\/wp\/v2\/posts\/75540\" class=\"qtranxs-available-language-link qtranxs-available-language-link-tr\" title=\"Turkish\">Turkish<\/a>. For the sake of viewer convenience, the content is shown below in the alternative language. You may click the link to switch the active language.<\/p><p><strong>Fransa\u2019n\u0131n Marsilya kentinde d\u00f6rt g\u00fcn s\u00fcren elektrik kesintisi hayat\u0131 alt\u00fcst etti. Kentin kuzeyinde Cezayir as\u0131ll\u0131 Frans\u0131zlar\u0131n ve g\u00f6\u00e7menlerin yo\u011fun olarak ya\u015fad\u0131\u011f\u0131 Castellas semtindeki 5 bin ki\u015finin g\u00fcnl\u00fck ya\u015fam\u0131n\u0131 olumsuz etkiledi. D\u00f6rt g\u00fcn\u00fcn sonunda kesintinin basit bir ar\u0131zadan kaynakland\u0131\u011f\u0131 anla\u015f\u0131ld\u0131.<\/strong><\/p>\n<p><span id=\"more-100511\"><img loading=\"lazy\" class=\"alignleft size-medium wp-image-75541\" src=\"https:\/\/www.enerjigazetesi.ist\/wp-content\/uploads\/2018\/06\/elektrik-Enerji-fransa-Fransa039da-elektrik-kesintisi-300x162.jpg\" alt=\"\" width=\"300\" height=\"162\" srcset=\"https:\/\/www.enerjigazetesi.ist\/wp-content\/uploads\/2018\/06\/elektrik-Enerji-fransa-Fransa039da-elektrik-kesintisi-300x162.jpg 300w, https:\/\/www.enerjigazetesi.ist\/wp-content\/uploads\/2018\/06\/elektrik-Enerji-fransa-Fransa039da-elektrik-kesintisi-768x415.jpg 768w, https:\/\/www.enerjigazetesi.ist\/wp-content\/uploads\/2018\/06\/elektrik-Enerji-fransa-Fransa039da-elektrik-kesintisi-500x271.jpg 500w, https:\/\/www.enerjigazetesi.ist\/wp-content\/uploads\/2018\/06\/elektrik-Enerji-fransa-Fransa039da-elektrik-kesintisi-80x43.jpg 80w, https:\/\/www.enerjigazetesi.ist\/wp-content\/uploads\/2018\/06\/elektrik-Enerji-fransa-Fransa039da-elektrik-kesintisi.jpg 1000w\" sizes=\"(max-width: 300px) 100vw, 300px\" \/><\/span>Semt sakinleri geceleri karanl\u0131kta kal\u0131rken, g\u00fcnd\u00fczleri de g\u00fcndelik i\u015flerini yapamaz hale geldi. S\u0131cak su kesildi, \u00e7ama\u015f\u0131r makinesi gibi ev aletleri \u00e7al\u0131\u015fmad\u0131, hatta bilgisayar ve cep telefonlar\u0131 bile \u015farj edilemedi. Karanl\u0131k nedeniyle ya\u015fl\u0131 bir kad\u0131n\u0131n d\u00fc\u015ft\u00fc\u011f\u00fc ve hastaneye kald\u0131r\u0131ld\u0131\u011f\u0131 bildirildi.<\/p>\n<p>Semt sakinlerinin durumu aktard\u0131\u011f\u0131 Senat\u00f6r Samia Ghali ya\u015fanan kesintiye sosyal medya hesab\u0131 \u00fczerinden payla\u015ft\u0131\u011f\u0131 foto\u011fraf ve bilgilerle dikkat \u00e7ekti. Sorunun g\u00fcnlerce s\u00fcrmesi \u00fczerine elektrik \u015firketiyle de ba\u011flant\u0131ya giren Ghali ayr\u0131ca valili\u011fe \u015fikayette bulundu.<\/p>","protected":false},"excerpt":{"rendered":"<p>Sorry, this entry is only available in Turkish. For the sake of viewer convenience, the content is shown below in the alternative language. You may click the link to switch the active language.Fransa\u2019n\u0131n Marsilya kentinde d\u00f6rt g\u00fcn s\u00fcren elektrik kesintisi hayat\u0131 alt\u00fcst etti. Kentin kuzeyinde Cezayir as\u0131ll\u0131 Frans\u0131zlar\u0131n ve g\u00f6\u00e7menlerin yo\u011fun olarak ya\u015fad\u0131\u011f\u0131 Castellas semtindeki [&hellip;]<\/p>\n","protected":false},"author":1,"featured_media":75541,"comment_status":"open","ping_status":"open","sticky":false,"template":"","format":"standard","meta":[],"categories":[51,53],"tags":[68,34979,19638,26353,63,67,1009,1346,38076],"views":609,"_links":{"self":[{"href":"https:\/\/www.enerjigazetesi.ist\/en\/wp-json\/wp\/v2\/posts\/75540"}],"collection":[{"href":"https:\/\/www.enerjigazetesi.ist\/en\/wp-json\/wp\/v2\/posts"}],"about":[{"href":"https:\/\/www.enerjigazetesi.ist\/en\/wp-json\/wp\/v2\/types\/post"}],"author":[{"embeddable":true,"href":"https:\/\/www.enerjigazetesi.ist\/en\/wp-json\/wp\/v2\/users\/1"}],"replies":[{"embeddable":true,"href":"https:\/\/www.enerjigazetesi.ist\/en\/wp-json\/wp\/v2\/comments?post=75540"}],"version-history":[{"count":1,"href":"https:\/\/www.enerjigazetesi.ist\/en\/wp-json\/wp\/v2\/posts\/75540\/revisions"}],"predecessor-version":[{"id":75542,"href":"https:\/\/www.enerjigazetesi.ist\/en\/wp-json\/wp\/v2\/posts\/75540\/revisions\/75542"}],"wp:featuredmedia":[{"embeddable":true,"href":"https:\/\/www.enerjigazetesi.ist\/en\/wp-json\/wp\/v2\/media\/75541"}],"wp:attachment":[{"href":"https:\/\/www.enerjigazetesi.ist\/en\/wp-json\/wp\/v2\/media?parent=75540"}],"wp:term":[{"taxonomy":"category","embeddable":true,"href":"https:\/\/www.enerjigazetesi.ist\/en\/wp-json\/wp\/v2\/categories?post=75540"},{"taxonomy":"post_tag","embeddable":true,"href":"https:\/\/www.enerjigazetesi.ist\/en\/wp-json\/wp\/v2\/tags?post=75540"}],"curies":[{"name":"wp","href":"https:\/\/api.w.org\/{rel}","templated":true}]}}