{"id":75458,"date":"2018-06-22T13:26:34","date_gmt":"2018-06-22T10:26:34","guid":{"rendered":"https:\/\/www.enerjigazetesi.ist\/?p=75458"},"modified":"2018-06-22T13:26:34","modified_gmt":"2018-06-22T10:26:34","slug":"uludaga-dogalgaz-geliyor","status":"publish","type":"post","link":"https:\/\/www.enerjigazetesi.ist\/en\/uludaga-dogalgaz-geliyor\/","title":{"rendered":"(Turkish) Uluda\u011f\u2019a Do\u011falgaz Geliyor!"},"content":{"rendered":"<p class=\"qtranxs-available-languages-message qtranxs-available-languages-message-en\">Sorry, this entry is only available in <a href=\"https:\/\/www.enerjigazetesi.ist\/tr\/wp-json\/wp\/v2\/posts\/75458\" class=\"qtranxs-available-language-link qtranxs-available-language-link-tr\" title=\"Turkish\">Turkish<\/a>. For the sake of viewer convenience, the content is shown below in the alternative language. You may click the link to switch the active language.<\/p><p><strong>Uluda\u011f Oteller B\u00f6lgesine do\u011falgaz g\u00f6t\u00fcr\u00fclmesi i\u00e7in Heykel Tarihi Valilik Binas\u0131nda, Bursa Valisi \u0130zzettin K\u00fc\u00e7\u00fck\u2019\u00fcn ba\u015fkanl\u0131\u011f\u0131nda ger\u00e7ekle\u015fen toplant\u0131ya Milli Parklar B\u00f6lge M\u00fcd\u00fcr\u00fc Mustafa Bulut, BTSO Y\u00f6netim Kurulu Ba\u015fkan Yard\u0131mc\u0131s\u0131 C\u00fcneyt \u015eener, Bursagaz Genel M\u00fcd\u00fcr Yard\u0131mc\u0131s\u0131 \u015e\u00fckr\u00fc \u00d6zen ve di\u011fer yetkililer kat\u0131ld\u0131.<\/strong><\/p>\n<p>Temiz yak\u0131t, temiz \u00e7evre diyerek do\u011fa i\u00e7in koruyucu kimli\u011fini \u00f6ne \u00e7\u0131kartan Bursa Valisi \u0130zzettin K\u00fc\u00e7\u00fck Uluda\u011f\u2019a do\u011falgaz g\u00f6t\u00fcr\u00fclmesi i\u00e7in ger\u00e7ekle\u015fen toplant\u0131da; \u201cBug\u00fcn Bursa i\u00e7in, Uluda\u011f i\u00e7in hay\u0131rl\u0131 bir <img loading=\"lazy\" class=\"alignleft size-medium wp-image-75459\" src=\"https:\/\/www.enerjigazetesi.ist\/wp-content\/uploads\/2018\/06\/uludaga-dogalgaz-geliyor-300x166.jpg\" alt=\"\" width=\"300\" height=\"166\" srcset=\"https:\/\/www.enerjigazetesi.ist\/wp-content\/uploads\/2018\/06\/uludaga-dogalgaz-geliyor-300x166.jpg 300w, https:\/\/www.enerjigazetesi.ist\/wp-content\/uploads\/2018\/06\/uludaga-dogalgaz-geliyor-500x276.jpg 500w, https:\/\/www.enerjigazetesi.ist\/wp-content\/uploads\/2018\/06\/uludaga-dogalgaz-geliyor-80x44.jpg 80w, https:\/\/www.enerjigazetesi.ist\/wp-content\/uploads\/2018\/06\/uludaga-dogalgaz-geliyor.jpg 642w\" sizes=\"(max-width: 300px) 100vw, 300px\" \/>\u00e7al\u0131\u015fma ile g\u00fcn\u00fcm\u00fcze ba\u015flad\u0131k. Bursa Uluda\u011f Oteller B\u00f6lgesinde bulunan BTSO\u2019 nun restore ederek kullan\u0131ma a\u00e7t\u0131\u011f\u0131 eski sanatoryum, yeni kongre merkezine do\u011falgaz g\u00f6t\u00fcr\u00fclmesi ile ilgili olarak son kararlar\u0131m\u0131z\u0131 verdik. \u0130n\u015fallah \u00e7al\u0131\u015fmalar\u0131m\u0131za bu y\u0131l i\u00e7erisinde ba\u015flay\u0131p k\u0131sa zamanda da \u00e7al\u0131\u015fmalara son noktay\u0131 koyaca\u011f\u0131z. Bilindi\u011fi \u00fczere Uluda\u011f\u2019\u0131n en \u00f6nemli sorunlar\u0131ndan bir tanesi \u0131s\u0131nma sorunuydu. Oteller \u0131s\u0131tma sistemi i\u00e7in ta\u015f\u0131ma sistemi ile yak\u0131ta ula\u015fabiliyor. Bu hem maliyetli hem de tehlikeliydi. \u015eimdi yap\u0131lmas\u0131n\u0131 planlad\u0131\u011f\u0131m\u0131z do\u011falgaz boru hatt\u0131 ile Uluda\u011f Oteller B\u00f6lgesi g\u00fcvenli, temiz ve \u00e7evreci yak\u0131ta d\u00fc\u015f\u00fck maliyet ile ula\u015fm\u0131\u015f olacak. Ayr\u0131ca yap\u0131lacak olan bu hattan fiber optik kablolarda Uluda\u011f\u2019a ula\u015facak. Yani Uluda\u011f\u2019\u0131n ya\u015fam standartlar\u0131 \u00e7ok y\u00fckselecek ve Uluslararas\u0131 niteli\u011fe kavu\u015facakt\u0131r. Burada Bursagaz, Orman B\u00f6lge M\u00fcd\u00fcrl\u00fc\u011f\u00fc, Milli Parklar ve BTSO\u2019nun elbirli\u011fi ile \u00e7ok yak\u0131n zamanda bu \u00e7al\u0131\u015fmalara ba\u015flayaca\u011f\u0131z. Art\u0131k Uluda\u011f\u2019\u0131n hep s\u00f6ylenen do\u011falgaz sorunu ve \u0131s\u0131nma sorunu \u00e7\u00f6z\u00fcme kavu\u015fuyor. \u015eehrimize, Uluda\u011f\u2019a hay\u0131rl\u0131 olsun.\u201d dedi.<\/p>\n<p>Bursa\u2019n\u0131n da\u011f il\u00e7eleri i\u00e7in k\u0131sa s\u00fcre \u00f6nce projesi imzalanan ve yap\u0131m\u0131na ba\u015flanacak olan Orhaneli, Keles, B\u00fcy\u00fckorhan ve Harmanc\u0131k il\u00e7elerimizin yan\u0131 s\u0131ra Uluda\u011f da do\u011falgaza kavu\u015fmu\u015f olacak.<\/p>","protected":false},"excerpt":{"rendered":"<p>Sorry, this entry is only available in Turkish. For the sake of viewer convenience, the content is shown below in the alternative language. You may click the link to switch the active language.Uluda\u011f Oteller B\u00f6lgesine do\u011falgaz g\u00f6t\u00fcr\u00fclmesi i\u00e7in Heykel Tarihi Valilik Binas\u0131nda, Bursa Valisi \u0130zzettin K\u00fc\u00e7\u00fck\u2019\u00fcn ba\u015fkanl\u0131\u011f\u0131nda ger\u00e7ekle\u015fen toplant\u0131ya Milli Parklar B\u00f6lge M\u00fcd\u00fcr\u00fc Mustafa Bulut, [&hellip;]<\/p>\n","protected":false},"author":1,"featured_media":75459,"comment_status":"open","ping_status":"open","sticky":false,"template":"","format":"standard","meta":[],"categories":[46,53],"tags":[92,1128,19761,23219,67,1009,36088,34558,38042],"views":1054,"_links":{"self":[{"href":"https:\/\/www.enerjigazetesi.ist\/en\/wp-json\/wp\/v2\/posts\/75458"}],"collection":[{"href":"https:\/\/www.enerjigazetesi.ist\/en\/wp-json\/wp\/v2\/posts"}],"about":[{"href":"https:\/\/www.enerjigazetesi.ist\/en\/wp-json\/wp\/v2\/types\/post"}],"author":[{"embeddable":true,"href":"https:\/\/www.enerjigazetesi.ist\/en\/wp-json\/wp\/v2\/users\/1"}],"replies":[{"embeddable":true,"href":"https:\/\/www.enerjigazetesi.ist\/en\/wp-json\/wp\/v2\/comments?post=75458"}],"version-history":[{"count":1,"href":"https:\/\/www.enerjigazetesi.ist\/en\/wp-json\/wp\/v2\/posts\/75458\/revisions"}],"predecessor-version":[{"id":75460,"href":"https:\/\/www.enerjigazetesi.ist\/en\/wp-json\/wp\/v2\/posts\/75458\/revisions\/75460"}],"wp:featuredmedia":[{"embeddable":true,"href":"https:\/\/www.enerjigazetesi.ist\/en\/wp-json\/wp\/v2\/media\/75459"}],"wp:attachment":[{"href":"https:\/\/www.enerjigazetesi.ist\/en\/wp-json\/wp\/v2\/media?parent=75458"}],"wp:term":[{"taxonomy":"category","embeddable":true,"href":"https:\/\/www.enerjigazetesi.ist\/en\/wp-json\/wp\/v2\/categories?post=75458"},{"taxonomy":"post_tag","embeddable":true,"href":"https:\/\/www.enerjigazetesi.ist\/en\/wp-json\/wp\/v2\/tags?post=75458"}],"curies":[{"name":"wp","href":"https:\/\/api.w.org\/{rel}","templated":true}]}}