{"id":75431,"date":"2018-06-21T10:52:15","date_gmt":"2018-06-21T07:52:15","guid":{"rendered":"https:\/\/www.enerjigazetesi.ist\/?p=75431"},"modified":"2018-06-21T10:52:15","modified_gmt":"2018-06-21T07:52:15","slug":"avrupanin-yeni-yenilebilir-enerji-hedefine-yonelik-farkli-tepkiler-geliyor","status":"publish","type":"post","link":"https:\/\/www.enerjigazetesi.ist\/en\/avrupanin-yeni-yenilebilir-enerji-hedefine-yonelik-farkli-tepkiler-geliyor\/","title":{"rendered":"(Turkish) Avrupa\u2019n\u0131n Yeni Yenilebilir Enerji Hedefine Y\u00f6nelik Farkl\u0131 Tepkiler Geliyor"},"content":{"rendered":"<p class=\"qtranxs-available-languages-message qtranxs-available-languages-message-en\">Sorry, this entry is only available in <a href=\"https:\/\/www.enerjigazetesi.ist\/tr\/wp-json\/wp\/v2\/posts\/75431\" class=\"qtranxs-available-language-link qtranxs-available-language-link-tr\" title=\"Turkish\">Turkish<\/a>. For the sake of viewer convenience, the content is shown below in the alternative language. You may click the link to switch the active language.<\/p><p><\/p>\n<div id=\"wrapper\">\n<div id=\"main\">\n<section id=\"haber5\">\n<div class=\"container\">\n<p><strong>Avrupa Birli\u011fi yetkilileri, 2030 y\u0131l\u0131na kadar y\u00fczde 32&#8217;lik yenilenebilir enerji hedefini kabul ettikten sonra bu hafta ilgili gruplar\u0131ndan farkl\u0131 reaksiyonlar ald\u0131lar. Yeni hedef, daha \u00f6nce y\u00fczde 35 olarak \u00f6neride bulunmu\u015f olan Avrupa Parlamentosu i\u00e7in geri ad\u0131m\u0131 temsil ediyor.<\/strong><\/p>\n<p>Ama bu hedef yine de Avrupa Konseyi\u2019nin y\u00fczde 27\u2019lik kar\u015f\u0131 teklifi ile k\u0131yasland\u0131\u011f\u0131nda b\u00fcy\u00fck bir geli\u015fme <img loading=\"lazy\" class=\"alignright size-medium wp-image-75432\" src=\"https:\/\/www.enerjigazetesi.ist\/wp-content\/uploads\/2018\/06\/avrupanin-yeni-yenilebilir-enerji-hedefine-yonelik-farkli-tepkiler-geliyor-300x175.jpg\" alt=\"\" width=\"300\" height=\"175\" srcset=\"https:\/\/www.enerjigazetesi.ist\/wp-content\/uploads\/2018\/06\/avrupanin-yeni-yenilebilir-enerji-hedefine-yonelik-farkli-tepkiler-geliyor-300x175.jpg 300w, https:\/\/www.enerjigazetesi.ist\/wp-content\/uploads\/2018\/06\/avrupanin-yeni-yenilebilir-enerji-hedefine-yonelik-farkli-tepkiler-geliyor-500x291.jpg 500w, https:\/\/www.enerjigazetesi.ist\/wp-content\/uploads\/2018\/06\/avrupanin-yeni-yenilebilir-enerji-hedefine-yonelik-farkli-tepkiler-geliyor-80x47.jpg 80w, https:\/\/www.enerjigazetesi.ist\/wp-content\/uploads\/2018\/06\/avrupanin-yeni-yenilebilir-enerji-hedefine-yonelik-farkli-tepkiler-geliyor.jpg 640w\" sizes=\"(max-width: 300px) 100vw, 300px\" \/>oldu\u011funu g\u00f6steriyor. Anla\u015fma, hedefte 2023 y\u0131l\u0131na kadar art\u0131\u015f yap\u0131lmas\u0131na izin veren bir madde i\u00e7eriyor.<\/p>\n<p>AB \u0130klim Eylemi ve Enerji Komisyon \u00dcyesi Miguel Arias Ca\u00f1ete, m\u00fczakerecilerin gece boyunca s\u00fcren g\u00f6r\u00fc\u015fmelerinden sonra Avrupa&#8217;n\u0131n da \u201coyuna kat\u0131ld\u0131\u011f\u0131n\u0131\u201d att\u0131\u011f\u0131 tweet ile duyurdu.<\/p>\n<p>Avrupa g\u00fcne\u015f enerjisi sekt\u00f6r kurulu\u015fu SolarPower Europe, bu anla\u015fma ile \u201cg\u00fcne\u015f enerjisi kazan\u0131yor\u201d dedi. Bu, b\u00fcy\u00fck \u00f6l\u00e7\u00fcde AB vatanda\u015flar\u0131na kendi elektri\u011fini \u00fcretme, t\u00fcketme, saklama ve satma hakk\u0131 veren, t\u00fcr\u00fcn\u00fcn en geni\u015f kapsaml\u0131 oldu\u011fu d\u00fc\u015f\u00fcn\u00fclen bir h\u00fckm\u00fc sayesinde ger\u00e7ekle\u015febiliyor.<\/p>\n<p>SolarPower Europe\u2019un CEO&#8217;su James Watson bir bas\u0131n a\u00e7\u0131klamas\u0131nda \u201canla\u015fma g\u00fcne\u015f i\u00e7in olumlu bir geli\u015fme. Sadece birka\u00e7 ay \u00f6nce beklenenden \u00e7ok daha iddial\u0131 bir hedef g\u00f6r\u00fcyoruz ve daha da \u00f6nemlisi, \u00f6z t\u00fcketim ve prod\u00fckt\u00f6rler i\u00e7in g\u00fc\u00e7l\u00fc bir \u00e7er\u00e7eveye sahibiz\u201d dedi.<\/p>\n<p>Watson, \u201cKendi enerjisini \u00fcretme, t\u00fcketme ve depolama hakk\u0131 \u201cb\u00fcy\u00fck bir ba\u015far\u0131d\u0131r\u201d dedi.<\/p>\n<p>Vatanda\u015flara kendi enerjilerini \u00fcretme hakk\u0131n\u0131n verilmesinin zor bir konu olmas\u0131 bekleniyordu. D\u00fcnya \u00e7ap\u0131nda, g\u00fcne\u015f enerjisini y\u00f6neten politikalar, Nevada&#8217;da ve \u0130spanya&#8217;da oldu\u011fu gibi a\u015f\u0131r\u0131 derecede k\u0131s\u0131tlay\u0131c\u0131 olmaktan uzakla\u015fmaktad\u0131r.<\/p>\n<p>Ancak, AB&#8217;nin kendi kendine t\u00fcketim h\u00fckm\u00fc, beklenenden daha y\u00fcksek olan nihai hedefle birlikte, bu ay \u0130spanya h\u00fck\u00fcmetindeki ani de\u011fi\u015fiklik ile d\u00fczeltilecek gibi g\u00f6r\u00fcn\u00fcyor.<\/p>\n<p>D\u00fcnya Avrupa Dostlar\u0131&#8217;n\u0131n (Friends of the Earth Europe) yenilenebilir enerji kampanyac\u0131s\u0131 Molly Walsh, \u201c\u0130spanyol h\u00fck\u00fcmetindeki de\u011fi\u015fim, dinami\u011fi destekledi. Pazartesi g\u00fcn\u00fc, Enerji Konseyi&#8217;nde bir\u00e7ok \u00fcye devletin \u00e7ok daha y\u00fcksek hedefler lehine konu\u015ftu\u011funu g\u00f6rebiliriz\u201d dedi.<\/p>\n<p>&#8220;Bu, Bulgaristan cumhurba\u015fkanl\u0131\u011f\u0131 taraf\u0131ndan temsil edilen Avrupa Konseyi ve Avrupa Parlamentosu aras\u0131ndaki m\u00fczakerelerin kilidini a\u00e7t\u0131 ve anla\u015fman\u0131n yap\u0131lmas\u0131na izin verdi,&#8221; diye devam etti.<\/p>\n<p>Di\u011fer taraftan, Almanya\u2019n\u0131n temiz enerji liderli\u011fi referanslar\u0131, daha y\u00fcksek bir hedef \u00fczerindeki anla\u015fmay\u0131 engelleme \u00e7abalar\u0131 taraf\u0131ndan bozuldu.<\/p>\n<p>Reuters&#8217;in haberine g\u00f6re, Alman Federal Ekonomi ve Enerji Bakan\u0131 Peter Altmaier, y\u00fczde 27&#8217;lik yenilenebilir bir hedefin \u00fczerindeki t\u00fcm hedeflerin ula\u015f\u0131lamaz oldu\u011fu konusunu reddetti.<\/p>\n<p>Son olarak, Watson, yeni anla\u015fman\u0131n ayr\u0131ca \u00fclkelerin g\u00fcne\u015fe \u00f6zg\u00fc ihaleleri y\u00fcr\u00fctme \u00f6zg\u00fcrl\u00fc\u011f\u00fcn\u00fc de sa\u011flad\u0131\u011f\u0131n\u0131 kaydetti. \u201cGenel olarak, kutlanacak \u00e7ok \u015fey var. \u201cAvrupa politika yap\u0131c\u0131lar\u0131n\u0131 bu tarihi anla\u015fma i\u00e7in tebrik ediyoruz\u201d dedi.<\/p>\n<p><strong>Kaynak: <\/strong><a href=\"https:\/\/www.greentechmedia.com\/articles\/read\/european-union-new-renewable-energy-target?utm_source=Daily&amp;utm_medium=email&amp;utm_campaign=GTMDaily#gs.TaxAvXA\" target=\"_blank\" rel=\"noopener\"><strong><em>Greentech Media<\/em><\/strong><\/a><\/p>\n<\/div>\n<\/section>\n<\/div>\n<\/div>\n<p><\/p>","protected":false},"excerpt":{"rendered":"<p>Sorry, this entry is only available in Turkish. For the sake of viewer convenience, the content is shown below in the alternative language. You may click the link to switch the active language. Avrupa Birli\u011fi yetkilileri, 2030 y\u0131l\u0131na kadar y\u00fczde 32&#8217;lik yenilenebilir enerji hedefini kabul ettikten sonra bu hafta ilgili gruplar\u0131ndan farkl\u0131 reaksiyonlar ald\u0131lar. Yeni [&hellip;]<\/p>\n","protected":false},"author":1,"featured_media":75432,"comment_status":"open","ping_status":"open","sticky":false,"template":"","format":"standard","meta":[],"categories":[53,49,50],"tags":[1192,2132,67,1009,26829,1372],"views":878,"_links":{"self":[{"href":"https:\/\/www.enerjigazetesi.ist\/en\/wp-json\/wp\/v2\/posts\/75431"}],"collection":[{"href":"https:\/\/www.enerjigazetesi.ist\/en\/wp-json\/wp\/v2\/posts"}],"about":[{"href":"https:\/\/www.enerjigazetesi.ist\/en\/wp-json\/wp\/v2\/types\/post"}],"author":[{"embeddable":true,"href":"https:\/\/www.enerjigazetesi.ist\/en\/wp-json\/wp\/v2\/users\/1"}],"replies":[{"embeddable":true,"href":"https:\/\/www.enerjigazetesi.ist\/en\/wp-json\/wp\/v2\/comments?post=75431"}],"version-history":[{"count":1,"href":"https:\/\/www.enerjigazetesi.ist\/en\/wp-json\/wp\/v2\/posts\/75431\/revisions"}],"predecessor-version":[{"id":75433,"href":"https:\/\/www.enerjigazetesi.ist\/en\/wp-json\/wp\/v2\/posts\/75431\/revisions\/75433"}],"wp:featuredmedia":[{"embeddable":true,"href":"https:\/\/www.enerjigazetesi.ist\/en\/wp-json\/wp\/v2\/media\/75432"}],"wp:attachment":[{"href":"https:\/\/www.enerjigazetesi.ist\/en\/wp-json\/wp\/v2\/media?parent=75431"}],"wp:term":[{"taxonomy":"category","embeddable":true,"href":"https:\/\/www.enerjigazetesi.ist\/en\/wp-json\/wp\/v2\/categories?post=75431"},{"taxonomy":"post_tag","embeddable":true,"href":"https:\/\/www.enerjigazetesi.ist\/en\/wp-json\/wp\/v2\/tags?post=75431"}],"curies":[{"name":"wp","href":"https:\/\/api.w.org\/{rel}","templated":true}]}}