{"id":75395,"date":"2018-06-20T13:16:51","date_gmt":"2018-06-20T10:16:51","guid":{"rendered":"https:\/\/www.enerjigazetesi.ist\/?p=75395"},"modified":"2018-06-20T13:16:51","modified_gmt":"2018-06-20T10:16:51","slug":"kompozit-konteynerlar-koylere-kadar-dogalgaz-goturecek","status":"publish","type":"post","link":"https:\/\/www.enerjigazetesi.ist\/en\/kompozit-konteynerlar-koylere-kadar-dogalgaz-goturecek\/","title":{"rendered":"(Turkish) Kompozit Konteynerlar K\u00f6ylere Kadar Do\u011falgaz G\u00f6t\u00fcrecek"},"content":{"rendered":"<p class=\"qtranxs-available-languages-message qtranxs-available-languages-message-en\">Sorry, this entry is only available in <a href=\"https:\/\/www.enerjigazetesi.ist\/tr\/wp-json\/wp\/v2\/posts\/75395\" class=\"qtranxs-available-language-link qtranxs-available-language-link-tr\" title=\"Turkish\">Turkish<\/a>. For the sake of viewer convenience, the content is shown below in the alternative language. You may click the link to switch the active language.<\/p><p><strong>Almanya\u2019da faaliyet g\u00f6steren \u0130ran as\u0131ll\u0131 i\u015f adam\u0131 Mehdi Firuzi taraf\u0131ndan Van Y\u00fcz\u00fcnc\u00fc Y\u0131l \u00dcniversitesi (YY\u00dc) Teknokent b\u00fcnyesinde AR-GE merkezi kuruluyor. Van YY\u00dc Teknokent yerle\u015fkesinde yap\u0131m\u0131na ba\u015flanan ve yak\u0131n zamanda in\u015fas\u0131 tamamlanacak AR-GE merkezi, b\u00f6lgeye b\u00fcy\u00fck katk\u0131 meydana getirecektir.<\/strong><\/p>\n<p>One Composite Teknoloji Firmas\u0131, Alman teknolojisiyle \u00fcretti\u011fi ve 21. y\u00fczy\u0131l\u0131n do\u011fal gaz inovasyonu <img loading=\"lazy\" class=\"alignright size-medium wp-image-60567\" src=\"https:\/\/www.enerjigazetesi.ist\/wp-content\/uploads\/2017\/01\/ekimde-dogalgaz-ithalati-yuzde-773-oraninda-dustu-300x167.jpg\" alt=\"\" width=\"300\" height=\"167\" srcset=\"https:\/\/www.enerjigazetesi.ist\/wp-content\/uploads\/2017\/01\/ekimde-dogalgaz-ithalati-yuzde-773-oraninda-dustu-300x167.jpg 300w, https:\/\/www.enerjigazetesi.ist\/wp-content\/uploads\/2017\/01\/ekimde-dogalgaz-ithalati-yuzde-773-oraninda-dustu-80x44.jpg 80w, https:\/\/www.enerjigazetesi.ist\/wp-content\/uploads\/2017\/01\/ekimde-dogalgaz-ithalati-yuzde-773-oraninda-dustu.jpg 480w\" sizes=\"(max-width: 300px) 100vw, 300px\" \/>olarak bilinen kompozit malzemeden yap\u0131lan bas\u0131n\u00e7l\u0131 t\u00fcplerle k\u00f6ylere kadar boru ihtiyac\u0131 olmadan do\u011fal gaz ta\u015f\u0131nabilece\u011fi belirtiliyor. Van\u2019da kurulacak AR-GE merkeziyle birlikte do\u011fal gaz ta\u015f\u0131yan hafif konteynerler \u00fcretmeyi hedefleyen firma, \u00fclkeyi ilgilendirecek projelere de imza atacak.<\/p>\n<p>\u0130\u015f adam\u0131 Mehdi Firuzi, 30 y\u0131ld\u0131r Almanya\u2019da ya\u015fad\u0131\u011f\u0131n\u0131 ve 15 y\u0131ld\u0131r da bas\u0131n\u00e7l\u0131 t\u00fcpler konusunda Almanya ba\u015fta olmak \u00fczere Bel\u00e7ika ve \u0130ran\u2019da faaliyet g\u00f6sterdi\u011fini belirtti. Yeni nesil kompozit malzemeden yap\u0131lan bas\u0131n\u00e7l\u0131 t\u00fcplerin 21. y\u00fczy\u0131l\u0131n inovasyonu say\u0131ld\u0131\u011f\u0131n\u0131 ifade eden i\u015f adam\u0131 Firuzi, \u201cDo\u011fal gaz ta\u015f\u0131mac\u0131l\u0131\u011f\u0131nda Ortado\u011fu\u2019da faaliyet yapmay\u0131 d\u00fc\u015f\u00fcn\u00fcyoruz. YY\u00dc Teknokent ile birlikte \u00e7al\u0131\u015fma amac\u0131yla AR-GE merkezi olarak d\u00fc\u015f\u00fcn\u00fclm\u00fc\u015ft\u00fcr. \u015eirketimiz yakla\u015f\u0131k 7-8 ay \u00f6nce kuruldu ve AR-GE\u2019lerimiz ba\u015flad\u0131. YY\u00dc Teknokent\u2019te AR-GE\u2019lerimiz devam ediyor. AR-GE\u2019lere dayanarak \u00f6zel kompozit malzemesinden yap\u0131lan \u00fcr\u00fcnleri daha b\u00fcy\u00fck \u00f6l\u00e7ekli \u00fcretime bakaca\u011f\u0131z\u201d ifadelerini kulland\u0131.<\/p>","protected":false},"excerpt":{"rendered":"<p>Sorry, this entry is only available in Turkish. For the sake of viewer convenience, the content is shown below in the alternative language. You may click the link to switch the active language.Almanya\u2019da faaliyet g\u00f6steren \u0130ran as\u0131ll\u0131 i\u015f adam\u0131 Mehdi Firuzi taraf\u0131ndan Van Y\u00fcz\u00fcnc\u00fc Y\u0131l \u00dcniversitesi (YY\u00dc) Teknokent b\u00fcnyesinde AR-GE merkezi kuruluyor. Van YY\u00dc Teknokent [&hellip;]<\/p>\n","protected":false},"author":1,"featured_media":60567,"comment_status":"open","ping_status":"open","sticky":false,"template":"","format":"standard","meta":[],"categories":[46,53],"tags":[14412,5291,1128,38001,23219,67,1009,38002,38003,38004],"views":1122,"_links":{"self":[{"href":"https:\/\/www.enerjigazetesi.ist\/en\/wp-json\/wp\/v2\/posts\/75395"}],"collection":[{"href":"https:\/\/www.enerjigazetesi.ist\/en\/wp-json\/wp\/v2\/posts"}],"about":[{"href":"https:\/\/www.enerjigazetesi.ist\/en\/wp-json\/wp\/v2\/types\/post"}],"author":[{"embeddable":true,"href":"https:\/\/www.enerjigazetesi.ist\/en\/wp-json\/wp\/v2\/users\/1"}],"replies":[{"embeddable":true,"href":"https:\/\/www.enerjigazetesi.ist\/en\/wp-json\/wp\/v2\/comments?post=75395"}],"version-history":[{"count":1,"href":"https:\/\/www.enerjigazetesi.ist\/en\/wp-json\/wp\/v2\/posts\/75395\/revisions"}],"predecessor-version":[{"id":75396,"href":"https:\/\/www.enerjigazetesi.ist\/en\/wp-json\/wp\/v2\/posts\/75395\/revisions\/75396"}],"wp:featuredmedia":[{"embeddable":true,"href":"https:\/\/www.enerjigazetesi.ist\/en\/wp-json\/wp\/v2\/media\/60567"}],"wp:attachment":[{"href":"https:\/\/www.enerjigazetesi.ist\/en\/wp-json\/wp\/v2\/media?parent=75395"}],"wp:term":[{"taxonomy":"category","embeddable":true,"href":"https:\/\/www.enerjigazetesi.ist\/en\/wp-json\/wp\/v2\/categories?post=75395"},{"taxonomy":"post_tag","embeddable":true,"href":"https:\/\/www.enerjigazetesi.ist\/en\/wp-json\/wp\/v2\/tags?post=75395"}],"curies":[{"name":"wp","href":"https:\/\/api.w.org\/{rel}","templated":true}]}}