{"id":75358,"date":"2018-06-19T10:16:25","date_gmt":"2018-06-19T07:16:25","guid":{"rendered":"https:\/\/www.enerjigazetesi.ist\/?p=75358"},"modified":"2018-06-19T10:16:25","modified_gmt":"2018-06-19T07:16:25","slug":"avrupa-birliginden-tek-bir-enerji-piyasasi-vizyonu","status":"publish","type":"post","link":"https:\/\/www.enerjigazetesi.ist\/en\/avrupa-birliginden-tek-bir-enerji-piyasasi-vizyonu\/","title":{"rendered":"(Turkish) Avrupa Birli\u011fi\u2019nden Tek Bir Enerji Piyasas\u0131 Vizyonu"},"content":{"rendered":"<p class=\"qtranxs-available-languages-message qtranxs-available-languages-message-en\">Sorry, this entry is only available in <a href=\"https:\/\/www.enerjigazetesi.ist\/tr\/wp-json\/wp\/v2\/posts\/75358\" class=\"qtranxs-available-language-link qtranxs-available-language-link-tr\" title=\"Turkish\">Turkish<\/a>. For the sake of viewer convenience, the content is shown below in the alternative language. You may click the link to switch the active language.<\/p><p><strong>Avrupa Birli\u011fi\u2019nin tek bir enerji piyasas\u0131 vizyonu, ayn\u0131 g\u00fcn teslim edilecek olan elektrik i\u00e7in ortak bir pazar ba\u015flatarak, sal\u0131 g\u00fcn\u00fc hedefe bir ad\u0131m daha yakla\u015facak. <\/strong><\/p>\n<p><img loading=\"lazy\" class=\"alignleft size-medium wp-image-59826\" src=\"https:\/\/www.enerjigazetesi.ist\/wp-content\/uploads\/2016\/12\/ab-komisyonuna-enerji-anlasmalari-yetkisi-verildi-300x198.jpg\" alt=\"\" width=\"300\" height=\"198\" srcset=\"https:\/\/www.enerjigazetesi.ist\/wp-content\/uploads\/2016\/12\/ab-komisyonuna-enerji-anlasmalari-yetkisi-verildi-300x198.jpg 300w, https:\/\/www.enerjigazetesi.ist\/wp-content\/uploads\/2016\/12\/ab-komisyonuna-enerji-anlasmalari-yetkisi-verildi-500x330.jpg 500w, https:\/\/www.enerjigazetesi.ist\/wp-content\/uploads\/2016\/12\/ab-komisyonuna-enerji-anlasmalari-yetkisi-verildi-75x50.jpg 75w, https:\/\/www.enerjigazetesi.ist\/wp-content\/uploads\/2016\/12\/ab-komisyonuna-enerji-anlasmalari-yetkisi-verildi.jpg 620w\" sizes=\"(max-width: 300px) 100vw, 300px\" \/>Rakip borsalar ve \u015febeke operat\u00f6rleri aras\u0131nda yak\u0131n i\u015f birli\u011fi gerektiren proje, Letonya\u2019dan Almanya ve Portekiz\u2019e kadar uzanan 14 ulusal pazar\u0131 birbirine ba\u011flayacak.<\/p>\n<p>Di\u011fer bir\u00e7ok Avrupa \u00fclkesinin de bu s\u00fcrece \u00f6n\u00fcm\u00fczdeki yaz ay\u0131nda kat\u0131lmas\u0131 planlan\u0131yor. Piyasalar, gerekli uluslararas\u0131 iletim kapasitesi oldu\u011fu s\u00fcrece, adeta ayn\u0131 \u00fclke i\u00e7erisinde elektrik ticareti yapan tek bir b\u00f6lge olarak ele al\u0131narak \u015febekelerin kullan\u0131m\u0131n\u0131 daha iyi y\u00f6netebilmek i\u00e7in g\u00fcn i\u00e7i piyasalar\u0131n birbirine ba\u011flanmas\u0131 bir sonraki ad\u0131m olarak tasarlanacakt\u0131r. B\u00f6ylece, kuzey Almanya\u2019da r\u00fczgarl\u0131 bir g\u00fcnde elektrik t\u00fcrbininden \u00fcretilen elektrik Fransa\u2019da bir hastane taraf\u0131ndan kullan\u0131labilecektir.<\/p>\n<p><a href=\"https:\/\/www.bloomberg.com\/news\/articles\/2018-06-12\/single-european-power-market-draws-nearer-with-intraday-start\"><em>Bloomberg<\/em><\/a><\/p>","protected":false},"excerpt":{"rendered":"<p>Sorry, this entry is only available in Turkish. For the sake of viewer convenience, the content is shown below in the alternative language. You may click the link to switch the active language.Avrupa Birli\u011fi\u2019nin tek bir enerji piyasas\u0131 vizyonu, ayn\u0131 g\u00fcn teslim edilecek olan elektrik i\u00e7in ortak bir pazar ba\u015flatarak, sal\u0131 g\u00fcn\u00fc hedefe bir ad\u0131m [&hellip;]<\/p>\n","protected":false},"author":1,"featured_media":59826,"comment_status":"open","ping_status":"open","sticky":false,"template":"","format":"standard","meta":[],"categories":[51,53],"tags":[1192,2132,34979,1565,26353,8699,19,67,1009,23311],"views":581,"_links":{"self":[{"href":"https:\/\/www.enerjigazetesi.ist\/en\/wp-json\/wp\/v2\/posts\/75358"}],"collection":[{"href":"https:\/\/www.enerjigazetesi.ist\/en\/wp-json\/wp\/v2\/posts"}],"about":[{"href":"https:\/\/www.enerjigazetesi.ist\/en\/wp-json\/wp\/v2\/types\/post"}],"author":[{"embeddable":true,"href":"https:\/\/www.enerjigazetesi.ist\/en\/wp-json\/wp\/v2\/users\/1"}],"replies":[{"embeddable":true,"href":"https:\/\/www.enerjigazetesi.ist\/en\/wp-json\/wp\/v2\/comments?post=75358"}],"version-history":[{"count":1,"href":"https:\/\/www.enerjigazetesi.ist\/en\/wp-json\/wp\/v2\/posts\/75358\/revisions"}],"predecessor-version":[{"id":75359,"href":"https:\/\/www.enerjigazetesi.ist\/en\/wp-json\/wp\/v2\/posts\/75358\/revisions\/75359"}],"wp:featuredmedia":[{"embeddable":true,"href":"https:\/\/www.enerjigazetesi.ist\/en\/wp-json\/wp\/v2\/media\/59826"}],"wp:attachment":[{"href":"https:\/\/www.enerjigazetesi.ist\/en\/wp-json\/wp\/v2\/media?parent=75358"}],"wp:term":[{"taxonomy":"category","embeddable":true,"href":"https:\/\/www.enerjigazetesi.ist\/en\/wp-json\/wp\/v2\/categories?post=75358"},{"taxonomy":"post_tag","embeddable":true,"href":"https:\/\/www.enerjigazetesi.ist\/en\/wp-json\/wp\/v2\/tags?post=75358"}],"curies":[{"name":"wp","href":"https:\/\/api.w.org\/{rel}","templated":true}]}}