{"id":75356,"date":"2018-06-19T10:11:39","date_gmt":"2018-06-19T07:11:39","guid":{"rendered":"https:\/\/www.enerjigazetesi.ist\/?p=75356"},"modified":"2018-06-19T10:11:39","modified_gmt":"2018-06-19T07:11:39","slug":"kaya-gazi-almanyanin-gunes-enerjisi-yatirimlarinda-nasil-etki-yaratiyor","status":"publish","type":"post","link":"https:\/\/www.enerjigazetesi.ist\/en\/kaya-gazi-almanyanin-gunes-enerjisi-yatirimlarinda-nasil-etki-yaratiyor\/","title":{"rendered":"(Turkish) Kaya Gaz\u0131, Almanya\u2019n\u0131n G\u00fcne\u015f Enerjisi Yat\u0131r\u0131mlar\u0131nda Nas\u0131l Etki Yarat\u0131yor?"},"content":{"rendered":"<p class=\"qtranxs-available-languages-message qtranxs-available-languages-message-en\">Sorry, this entry is only available in <a href=\"https:\/\/www.enerjigazetesi.ist\/tr\/wp-json\/wp\/v2\/posts\/75356\" class=\"qtranxs-available-language-link qtranxs-available-language-link-tr\" title=\"Turkish\">Turkish<\/a>. For the sake of viewer convenience, the content is shown below in the alternative language. You may click the link to switch the active language.<\/p><p><strong>Alman bir yetkilinin Cuma g\u00fcn\u00fc yapt\u0131\u011f\u0131 a\u00e7\u0131klamada, Alman vatanda\u015flar\u0131n g\u00fcne\u015f end\u00fcstrisini geli\u015ftirmek i\u00e7in orant\u0131s\u0131z olan maliyetlere katlanmaya raz\u0131 oldu\u011funu \u00e7\u00fcnk\u00fc Almanlar\u0131n, di\u011fer \u00fclkelerdeki geli\u015fmelerden ve \u00f6zellikle ABD\u2019deki kaya gaz\u0131 devriminden faydaland\u0131\u011f\u0131n\u0131 vurgulad\u0131.<img loading=\"lazy\" class=\"alignright wp-image-68940 size-medium\" src=\"https:\/\/www.enerjigazetesi.ist\/wp-content\/uploads\/2017\/11\/gunes-santrali-danismanligi-hizmetlerinde-tercih-ozbilgin-enerji-300x169.jpg\" alt=\"kaya-gazi-almanyanin-gunes-enerjisi-yatirimlarinda-nasil-etki-yaratiyor\" width=\"300\" height=\"169\" srcset=\"https:\/\/www.enerjigazetesi.ist\/wp-content\/uploads\/2017\/11\/gunes-santrali-danismanligi-hizmetlerinde-tercih-ozbilgin-enerji-300x169.jpg 300w, https:\/\/www.enerjigazetesi.ist\/wp-content\/uploads\/2017\/11\/gunes-santrali-danismanligi-hizmetlerinde-tercih-ozbilgin-enerji-768x432.jpg 768w, https:\/\/www.enerjigazetesi.ist\/wp-content\/uploads\/2017\/11\/gunes-santrali-danismanligi-hizmetlerinde-tercih-ozbilgin-enerji-500x281.jpg 500w, https:\/\/www.enerjigazetesi.ist\/wp-content\/uploads\/2017\/11\/gunes-santrali-danismanligi-hizmetlerinde-tercih-ozbilgin-enerji-80x45.jpg 80w, https:\/\/www.enerjigazetesi.ist\/wp-content\/uploads\/2017\/11\/gunes-santrali-danismanligi-hizmetlerinde-tercih-ozbilgin-enerji.jpg 994w\" sizes=\"(max-width: 300px) 100vw, 300px\" \/> <\/strong><\/p>\n<p>Alman Federal Ekonomi ve Enerji Bakanl\u0131\u011f\u0131 Genel M\u00fcd\u00fcr\u00fc Thorsten Herdan \u201cABD\u2019deki hidrolik \u00e7atlatma y\u00f6ntemi sayesinde Avrupa\u2019da do\u011fal gaz fiyatlar\u0131n\u0131n d\u00fc\u015ft\u00fc\u011f\u00fcn\u00fc\u201d ve bu durumun Almanya\u2019n\u0131n k\u00f6m\u00fcrden uzakla\u015fmas\u0131na yard\u0131mc\u0131 olaca\u011f\u0131n\u0131 belirtti.<\/p>\n<p>Almanlar, Energiewende veya enerji d\u00f6n\u00fc\u015f\u00fcm\u00fc politikas\u0131n\u0131, g\u00fcne\u015f enerjisi \u00fcreticilerine kilovat saat ba\u015f\u0131na 50 eurocents \u00f6deyerek ba\u015flatt\u0131lar. Bu fiyat ABD t\u00fcketicisine yans\u0131yan ortalama elektrik fiyat\u0131n\u0131n neredeyse 5 kat\u0131. Ancak son iki y\u0131lda, Alman piyasas\u0131nda g\u00fcne\u015f enerjisi fiyatlar\u0131n\u0131n d\u00fc\u015fmesi sayesinde, PV g\u00fcne\u015f enerjisi i\u00e7in destek miktar\u0131 4 eurocente d\u00fc\u015ft\u00fc. R\u00fczgar da Almanya\u2019ya da yakla\u015f\u0131k 4 eurocente mal oluyor ve son zamanlarda deniz a\u015f\u0131r\u0131 (offshore) r\u00fczgar ihalelerinde h\u00fck\u00fcmet deste\u011fi verilmiyor.<\/p>\n<p><a href=\"https:\/\/www.forbes.com\/sites\/jeffmcmahon\/2018\/06\/11\/how-fracking-is-payback-for-germanys-energiewende-investment\/#6904f2d764b3\"><em>Forbes<\/em><\/a><\/p>","protected":false},"excerpt":{"rendered":"<p>Sorry, this entry is only available in Turkish. For the sake of viewer convenience, the content is shown below in the alternative language. You may click the link to switch the active language.Alman bir yetkilinin Cuma g\u00fcn\u00fc yapt\u0131\u011f\u0131 a\u00e7\u0131klamada, Alman vatanda\u015flar\u0131n g\u00fcne\u015f end\u00fcstrisini geli\u015ftirmek i\u00e7in orant\u0131s\u0131z olan maliyetlere katlanmaya raz\u0131 oldu\u011funu \u00e7\u00fcnk\u00fc Almanlar\u0131n, di\u011fer \u00fclkelerdeki [&hellip;]<\/p>\n","protected":false},"author":1,"featured_media":68940,"comment_status":"open","ping_status":"open","sticky":false,"template":"","format":"standard","meta":[],"categories":[46,53,49],"tags":[929,67,1009,2326,23416,2569,23131,14611,168],"views":738,"_links":{"self":[{"href":"https:\/\/www.enerjigazetesi.ist\/en\/wp-json\/wp\/v2\/posts\/75356"}],"collection":[{"href":"https:\/\/www.enerjigazetesi.ist\/en\/wp-json\/wp\/v2\/posts"}],"about":[{"href":"https:\/\/www.enerjigazetesi.ist\/en\/wp-json\/wp\/v2\/types\/post"}],"author":[{"embeddable":true,"href":"https:\/\/www.enerjigazetesi.ist\/en\/wp-json\/wp\/v2\/users\/1"}],"replies":[{"embeddable":true,"href":"https:\/\/www.enerjigazetesi.ist\/en\/wp-json\/wp\/v2\/comments?post=75356"}],"version-history":[{"count":1,"href":"https:\/\/www.enerjigazetesi.ist\/en\/wp-json\/wp\/v2\/posts\/75356\/revisions"}],"predecessor-version":[{"id":75357,"href":"https:\/\/www.enerjigazetesi.ist\/en\/wp-json\/wp\/v2\/posts\/75356\/revisions\/75357"}],"wp:featuredmedia":[{"embeddable":true,"href":"https:\/\/www.enerjigazetesi.ist\/en\/wp-json\/wp\/v2\/media\/68940"}],"wp:attachment":[{"href":"https:\/\/www.enerjigazetesi.ist\/en\/wp-json\/wp\/v2\/media?parent=75356"}],"wp:term":[{"taxonomy":"category","embeddable":true,"href":"https:\/\/www.enerjigazetesi.ist\/en\/wp-json\/wp\/v2\/categories?post=75356"},{"taxonomy":"post_tag","embeddable":true,"href":"https:\/\/www.enerjigazetesi.ist\/en\/wp-json\/wp\/v2\/tags?post=75356"}],"curies":[{"name":"wp","href":"https:\/\/api.w.org\/{rel}","templated":true}]}}