{"id":75348,"date":"2018-06-19T09:56:55","date_gmt":"2018-06-19T06:56:55","guid":{"rendered":"https:\/\/www.enerjigazetesi.ist\/?p=75348"},"modified":"2018-06-19T09:56:55","modified_gmt":"2018-06-19T06:56:55","slug":"simsek-artan-petrol-fiyatlari-turkiyeyi-olumsuz-etkiliyor","status":"publish","type":"post","link":"https:\/\/www.enerjigazetesi.ist\/en\/simsek-artan-petrol-fiyatlari-turkiyeyi-olumsuz-etkiliyor\/","title":{"rendered":"(Turkish) \u015eim\u015fek: &#8220;Artan Petrol Fiyatlar\u0131 T\u00fcrkiye\u2019yi Olumsuz Etkiliyor&#8221;"},"content":{"rendered":"<p class=\"qtranxs-available-languages-message qtranxs-available-languages-message-en\">Sorry, this entry is only available in <a href=\"https:\/\/www.enerjigazetesi.ist\/tr\/wp-json\/wp\/v2\/posts\/75348\" class=\"qtranxs-available-language-link qtranxs-available-language-link-tr\" title=\"Turkish\">Turkish<\/a>. For the sake of viewer convenience, the content is shown below in the alternative language. You may click the link to switch the active language.<\/p><p><strong>Ekonomiden sorumlu Ba\u015fbakan Yard\u0131mc\u0131s\u0131 Mehmet \u015eim\u015fek T\u00fcrkiye\u2019nin enflasyonu ve cari a\u00e7\u0131\u011f\u0131n\u0131n artan petrol fiyatlar\u0131ndan olumsuz etkilendi\u011fini s\u00f6yledi.\u00a0<span id=\"more-100474\"><\/span>Batman\u2019da bas\u0131na a\u00e7\u0131klamarda bulunan \u015eim\u015fek ABD dolar\u0131n\u0131n y\u0131lba\u015f\u0131ndan bu yana t\u00fcm para birimleri kar\u015f\u0131s\u0131nda de\u011fer kazand\u0131\u011f\u0131n\u0131 ancak T\u00fcrkiye\u2019de para politikas\u0131n\u0131n durumuna ili\u015fkin endi\u015feleri giderdiklerini de dile getirdi.<\/strong><\/p>\n<p>\u015eim\u015fek \u015fu ifadelere yer verdi:<\/p>\n<p><img loading=\"lazy\" class=\"alignleft size-medium wp-image-3782\" src=\"https:\/\/www.enerjigazetesi.ist\/wp-content\/uploads\/2012\/11\/bakan-simsek-enerji-faturasi-300x199.jpg\" alt=\"\" width=\"300\" height=\"199\" srcset=\"https:\/\/www.enerjigazetesi.ist\/wp-content\/uploads\/2012\/11\/bakan-simsek-enerji-faturasi-300x199.jpg 300w, https:\/\/www.enerjigazetesi.ist\/wp-content\/uploads\/2012\/11\/bakan-simsek-enerji-faturasi-75x50.jpg 75w, https:\/\/www.enerjigazetesi.ist\/wp-content\/uploads\/2012\/11\/bakan-simsek-enerji-faturasi.jpg 400w\" sizes=\"(max-width: 300px) 100vw, 300px\" \/>Amerika\u2019da faizler y\u00fckseliyor. Amerika Merkez Bankas\u0131, daha \u00f6nce bast\u0131\u011f\u0131 paralar\u0131 \u015fimdi piyasadan \u00e7ekiyor, yani bilan\u00e7o k\u00fc\u00e7\u00fclt\u00fcyor. Bir taraftan Amerikan Merkez Bankas\u0131 dolar likiditesini k\u0131s\u0131yor, faizini y\u00fckseltiyor, bir tarafta ise Amerika hazinesi daha \u00e7ok dolar talep ediyor. Bu da k\u00fcresel dolar likitidesini olumsuz etkiyor. Y\u0131l ba\u015f\u0131ndan bu yana, dolar t\u00fcm para birimleri kar\u015f\u0131s\u0131nda de\u011fer kazand\u0131. Dolay\u0131s\u0131yla birinci trend d\u0131\u015f kaynakl\u0131. Bu politika \u00e7er\u00e7evesinde ikinci fakt\u00f6r de, T\u00fcrkiye tabii petrol fiyatlar\u0131nda art\u0131\u015fta olumsuz etkilenen bir \u00fclke. Yani T\u00fcrkiye\u2019nin gerek enflasyonu gerekse cari a\u00e7\u0131\u011f\u0131, artan petrol fiyatlar\u0131 nedeniyle olumsuz etkilendi. Bu da yat\u0131r\u0131mc\u0131 beklentilerine olumsuz yans\u0131d\u0131. \u00dc\u00e7\u00fcnc\u00fc olarak tabii ki bir se\u00e7im arifesindeyiz.<\/p>","protected":false},"excerpt":{"rendered":"<p>Sorry, this entry is only available in Turkish. For the sake of viewer convenience, the content is shown below in the alternative language. You may click the link to switch the active language.Ekonomiden sorumlu Ba\u015fbakan Yard\u0131mc\u0131s\u0131 Mehmet \u015eim\u015fek T\u00fcrkiye\u2019nin enflasyonu ve cari a\u00e7\u0131\u011f\u0131n\u0131n artan petrol fiyatlar\u0131ndan olumsuz etkilendi\u011fini s\u00f6yledi.\u00a0Batman\u2019da bas\u0131na a\u00e7\u0131klamarda bulunan \u015eim\u015fek ABD dolar\u0131n\u0131n [&hellip;]<\/p>\n","protected":false},"author":1,"featured_media":3782,"comment_status":"open","ping_status":"open","sticky":false,"template":"","format":"standard","meta":[],"categories":[53,44],"tags":[37985,1575,67,1009,2254,4208,34935,347,34936],"views":596,"_links":{"self":[{"href":"https:\/\/www.enerjigazetesi.ist\/en\/wp-json\/wp\/v2\/posts\/75348"}],"collection":[{"href":"https:\/\/www.enerjigazetesi.ist\/en\/wp-json\/wp\/v2\/posts"}],"about":[{"href":"https:\/\/www.enerjigazetesi.ist\/en\/wp-json\/wp\/v2\/types\/post"}],"author":[{"embeddable":true,"href":"https:\/\/www.enerjigazetesi.ist\/en\/wp-json\/wp\/v2\/users\/1"}],"replies":[{"embeddable":true,"href":"https:\/\/www.enerjigazetesi.ist\/en\/wp-json\/wp\/v2\/comments?post=75348"}],"version-history":[{"count":1,"href":"https:\/\/www.enerjigazetesi.ist\/en\/wp-json\/wp\/v2\/posts\/75348\/revisions"}],"predecessor-version":[{"id":75349,"href":"https:\/\/www.enerjigazetesi.ist\/en\/wp-json\/wp\/v2\/posts\/75348\/revisions\/75349"}],"wp:featuredmedia":[{"embeddable":true,"href":"https:\/\/www.enerjigazetesi.ist\/en\/wp-json\/wp\/v2\/media\/3782"}],"wp:attachment":[{"href":"https:\/\/www.enerjigazetesi.ist\/en\/wp-json\/wp\/v2\/media?parent=75348"}],"wp:term":[{"taxonomy":"category","embeddable":true,"href":"https:\/\/www.enerjigazetesi.ist\/en\/wp-json\/wp\/v2\/categories?post=75348"},{"taxonomy":"post_tag","embeddable":true,"href":"https:\/\/www.enerjigazetesi.ist\/en\/wp-json\/wp\/v2\/tags?post=75348"}],"curies":[{"name":"wp","href":"https:\/\/api.w.org\/{rel}","templated":true}]}}