{"id":75342,"date":"2018-06-19T09:43:16","date_gmt":"2018-06-19T06:43:16","guid":{"rendered":"https:\/\/www.enerjigazetesi.ist\/?p=75342"},"modified":"2018-06-19T09:43:55","modified_gmt":"2018-06-19T06:43:55","slug":"abden-yenilenebilir-enerjide-kurulu-gucu-yukseltme-hedefi","status":"publish","type":"post","link":"https:\/\/www.enerjigazetesi.ist\/en\/abden-yenilenebilir-enerjide-kurulu-gucu-yukseltme-hedefi\/","title":{"rendered":"(Turkish) AB&#8217;den Yenilenebilir Enerjide Kurulu G\u00fcc\u00fc Y\u00fckseltme Hedefi"},"content":{"rendered":"<p class=\"qtranxs-available-languages-message qtranxs-available-languages-message-en\">Sorry, this entry is only available in <a href=\"https:\/\/www.enerjigazetesi.ist\/tr\/wp-json\/wp\/v2\/posts\/75342\" class=\"qtranxs-available-language-link qtranxs-available-language-link-tr\" title=\"Turkish\">Turkish<\/a>. For the sake of viewer convenience, the content is shown below in the alternative language. You may click the link to switch the active language.<\/p><p><strong>AB Komisyonu taraf\u0131ndan yenilenebilir enerji hedeflerinin g\u00fcncellenmesi konusunda AB Konseyi ve Avrupa Parlamentosu aras\u0131nda yap\u0131lan g\u00f6r\u00fc\u015fmelerde siyasi uzla\u015f\u0131 sa\u011fland\u0131\u011f\u0131 a\u00e7\u0131kland\u0131.<\/strong><\/p>\n<p><strong><img loading=\"lazy\" class=\"alignleft size-medium wp-image-75343\" src=\"https:\/\/www.enerjigazetesi.ist\/wp-content\/uploads\/2018\/06\/abden-yenilenebilir-enerjide-kurulu-gucu-yukseltme-hedefi-300x159.jpg\" alt=\"\" width=\"300\" height=\"159\" srcset=\"https:\/\/www.enerjigazetesi.ist\/wp-content\/uploads\/2018\/06\/abden-yenilenebilir-enerjide-kurulu-gucu-yukseltme-hedefi-300x159.jpg 300w, https:\/\/www.enerjigazetesi.ist\/wp-content\/uploads\/2018\/06\/abden-yenilenebilir-enerjide-kurulu-gucu-yukseltme-hedefi-768x407.jpg 768w, https:\/\/www.enerjigazetesi.ist\/wp-content\/uploads\/2018\/06\/abden-yenilenebilir-enerjide-kurulu-gucu-yukseltme-hedefi.jpg 1024w, https:\/\/www.enerjigazetesi.ist\/wp-content\/uploads\/2018\/06\/abden-yenilenebilir-enerjide-kurulu-gucu-yukseltme-hedefi-500x265.jpg 500w, https:\/\/www.enerjigazetesi.ist\/wp-content\/uploads\/2018\/06\/abden-yenilenebilir-enerjide-kurulu-gucu-yukseltme-hedefi-80x42.jpg 80w\" sizes=\"(max-width: 300px) 100vw, 300px\" \/><\/strong>AB\u2019nin 2030 y\u0131l\u0131 yenilenebilir enerji kaynaklar\u0131n\u0131n kullan\u0131m hedefi y\u00fczde 27\u2019den y\u00fczde 32\u2019ye \u00e7\u0131kart\u0131larak yenilenebilir enerji destek programlar\u0131n\u0131n planlamas\u0131 ve g\u00fcvenilirli\u011finin geli\u015ftirilmesi sa\u011flanacak.<\/p>\n<p>Yenilenebilir enerjinin y\u00f6netim ve idari prosed\u00fcrleri kolayla\u015ft\u0131r\u0131l\u0131p kendi enerji t\u00fcketimini kar\u015f\u0131layanlar i\u00e7in ise istikrarl\u0131 ve a\u00e7\u0131k d\u00fczenleyici \u00e7er\u00e7eve meydana getirilecek. Ula\u015f\u0131m ve iklimlendirme sekt\u00f6rlerinde yenilenebilir enerjiye verilen \u00f6nem art\u0131r\u0131lacak ve AB \u00fcyesi \u00fclkelerde biyoenerji kullan\u0131m\u0131 sa\u011flanacak.<\/p>","protected":false},"excerpt":{"rendered":"<p>Sorry, this entry is only available in Turkish. For the sake of viewer convenience, the content is shown below in the alternative language. You may click the link to switch the active language.AB Komisyonu taraf\u0131ndan yenilenebilir enerji hedeflerinin g\u00fcncellenmesi konusunda AB Konseyi ve Avrupa Parlamentosu aras\u0131nda yap\u0131lan g\u00f6r\u00fc\u015fmelerde siyasi uzla\u015f\u0131 sa\u011fland\u0131\u011f\u0131 a\u00e7\u0131kland\u0131. AB\u2019nin 2030 y\u0131l\u0131 [&hellip;]<\/p>\n","protected":false},"author":1,"featured_media":75343,"comment_status":"open","ping_status":"open","sticky":false,"template":"","format":"standard","meta":[],"categories":[53,49,50],"tags":[1192,67,1009,2326,23416,474,24949,26829],"views":882,"_links":{"self":[{"href":"https:\/\/www.enerjigazetesi.ist\/en\/wp-json\/wp\/v2\/posts\/75342"}],"collection":[{"href":"https:\/\/www.enerjigazetesi.ist\/en\/wp-json\/wp\/v2\/posts"}],"about":[{"href":"https:\/\/www.enerjigazetesi.ist\/en\/wp-json\/wp\/v2\/types\/post"}],"author":[{"embeddable":true,"href":"https:\/\/www.enerjigazetesi.ist\/en\/wp-json\/wp\/v2\/users\/1"}],"replies":[{"embeddable":true,"href":"https:\/\/www.enerjigazetesi.ist\/en\/wp-json\/wp\/v2\/comments?post=75342"}],"version-history":[{"count":2,"href":"https:\/\/www.enerjigazetesi.ist\/en\/wp-json\/wp\/v2\/posts\/75342\/revisions"}],"predecessor-version":[{"id":75345,"href":"https:\/\/www.enerjigazetesi.ist\/en\/wp-json\/wp\/v2\/posts\/75342\/revisions\/75345"}],"wp:featuredmedia":[{"embeddable":true,"href":"https:\/\/www.enerjigazetesi.ist\/en\/wp-json\/wp\/v2\/media\/75343"}],"wp:attachment":[{"href":"https:\/\/www.enerjigazetesi.ist\/en\/wp-json\/wp\/v2\/media?parent=75342"}],"wp:term":[{"taxonomy":"category","embeddable":true,"href":"https:\/\/www.enerjigazetesi.ist\/en\/wp-json\/wp\/v2\/categories?post=75342"},{"taxonomy":"post_tag","embeddable":true,"href":"https:\/\/www.enerjigazetesi.ist\/en\/wp-json\/wp\/v2\/tags?post=75342"}],"curies":[{"name":"wp","href":"https:\/\/api.w.org\/{rel}","templated":true}]}}