{"id":75316,"date":"2018-06-18T11:02:24","date_gmt":"2018-06-18T08:02:24","guid":{"rendered":"https:\/\/www.enerjigazetesi.ist\/?p=75316"},"modified":"2018-06-18T11:02:24","modified_gmt":"2018-06-18T08:02:24","slug":"tanap-avrupanin-enerji-guvenligi-icin-cok-onemli","status":"publish","type":"post","link":"https:\/\/www.enerjigazetesi.ist\/en\/tanap-avrupanin-enerji-guvenligi-icin-cok-onemli\/","title":{"rendered":"(Turkish) &#8221;TANAP, Avrupa\u2019n\u0131n Enerji G\u00fcvenli\u011fi \u0130\u00e7in \u00c7ok \u00d6nemli&#8221;"},"content":{"rendered":"<p class=\"qtranxs-available-languages-message qtranxs-available-languages-message-en\">Sorry, this entry is only available in <a href=\"https:\/\/www.enerjigazetesi.ist\/tr\/wp-json\/wp\/v2\/posts\/75316\" class=\"qtranxs-available-language-link qtranxs-available-language-link-tr\" title=\"Turkish\">Turkish<\/a>. For the sake of viewer convenience, the content is shown below in the alternative language. You may click the link to switch the active language.<\/p><p><strong>TANAP\u2019\u0131n a\u00e7\u0131l\u0131\u015f t\u00f6renine kat\u0131lan Ukrayna Cumhurba\u015fkan\u0131 Petro Poro\u015fenko, projenin Avrupa\u2019n\u0131n enerji g\u00fcvenli\u011fi ve rekabeti i\u00e7in \u00e7ok \u00f6nemli oldu\u011funu belirtti.<\/strong><span id=\"more-100404\"><\/span><\/p>\n<p>S\u0131rbistan Cumhurba\u015fkan\u0131 Aleksandar Vuc\u0131c, Cumhurba\u015fkan\u0131 Recep Tayyip Erdo\u011fan\u2019\u0131n kendisini a\u00e7\u0131la\u015fa davet etti\u011fi i\u00e7in te\u015fekk\u00fcr ederek \u015f\u00f6yle konu\u015ftu; \u201c\u00d6nemli bir stratejik ba\u011flant\u0131 olu\u015fmu\u015f olacak. Bu <img loading=\"lazy\" class=\"alignleft size-medium wp-image-75317\" src=\"https:\/\/www.enerjigazetesi.ist\/wp-content\/uploads\/2018\/06\/tanap-avrupanin-enerji-guvenligi-icin-cok-onemli-300x150.jpg\" alt=\"\" width=\"300\" height=\"150\" srcset=\"https:\/\/www.enerjigazetesi.ist\/wp-content\/uploads\/2018\/06\/tanap-avrupanin-enerji-guvenligi-icin-cok-onemli-300x150.jpg 300w, https:\/\/www.enerjigazetesi.ist\/wp-content\/uploads\/2018\/06\/tanap-avrupanin-enerji-guvenligi-icin-cok-onemli-500x250.jpg 500w, https:\/\/www.enerjigazetesi.ist\/wp-content\/uploads\/2018\/06\/tanap-avrupanin-enerji-guvenligi-icin-cok-onemli-80x40.jpg 80w, https:\/\/www.enerjigazetesi.ist\/wp-content\/uploads\/2018\/06\/tanap-avrupanin-enerji-guvenligi-icin-cok-onemli.jpg 696w\" sizes=\"(max-width: 300px) 100vw, 300px\" \/>konudaki tebriklerimi ileterek ba\u015flamak istiyorum. Say\u0131n Cumhurba\u015fkan\u0131 Erdo\u011fan, Say\u0131n Cumhurba\u015fkan\u0131 Aliyev, t\u00fcm katk\u0131 verenlere tebriklerimi iletmek istiyorum. T\u00fcrkiye\u2019de bir kez daha bulunmaktan memnuniyet duyuyorum. Do\u011falgaz boru hatt\u0131n\u0131n olu\u015fturulmas\u0131yla ilgili iki \u00f6nemli hususu kutluyoruz. G\u00fcneydo\u011fu Avrupa\u2019da b\u00fcy\u00fck bir ad\u0131m atm\u0131\u015f oluyoruz. Ayn\u0131 zamanda proje, Avrupa\u2019n\u0131n bu k\u0131sm\u0131n\u0131n enerji ba\u011flant\u0131s\u0131n\u0131 da garanti alt\u0131na alacakt\u0131r.\u201d<\/p>\n<p>Ukrayna Cumhurba\u015fkan\u0131 Petro Poro\u015fenko projenin \u00e7ok \u00f6nemli bir ad\u0131m oldu\u011funu belirterek \u015funlar\u0131 s\u00f6yledi; \u201cTANAP, \u00e7ok \u00f6nemli bir ad\u0131md\u0131r. Bu konuda ba\u011f\u0131ml\u0131l\u0131k art\u0131k sona ermektedir. Son 10 y\u0131lda net bi\u00e7imde g\u00f6rd\u00fc\u011f\u00fcm\u00fcz bir ger\u00e7ek Rusya Federasyonu taraf\u0131ndan s\u00f6m\u00fcr\u00fcld\u00fc. Putin\u2019in bask\u0131 yapmas\u0131 i\u00e7in bir ara\u00e7 haline geldi. Tabi ki bunun ticari etkisinin yan\u0131 s\u0131ra ayn\u0131 zamanda siyasi bir etkisi de var. Avrupa\u2019n\u0131n da enerji g\u00fcvenli\u011fi i\u00e7in \u00e7ok \u00f6nemli. Avrupa\u2019n\u0131n rekabeti i\u00e7in \u00f6nemli. \u00c7\u00fcnk\u00fc iki b\u00fcy\u00fck liderin birle\u015fmesiyle bu garanti edilmi\u015f oldu.\u201d<\/p>","protected":false},"excerpt":{"rendered":"<p>Sorry, this entry is only available in Turkish. For the sake of viewer convenience, the content is shown below in the alternative language. You may click the link to switch the active language.TANAP\u2019\u0131n a\u00e7\u0131l\u0131\u015f t\u00f6renine kat\u0131lan Ukrayna Cumhurba\u015fkan\u0131 Petro Poro\u015fenko, projenin Avrupa\u2019n\u0131n enerji g\u00fcvenli\u011fi ve rekabeti i\u00e7in \u00e7ok \u00f6nemli oldu\u011funu belirtti. S\u0131rbistan Cumhurba\u015fkan\u0131 Aleksandar Vuc\u0131c, [&hellip;]<\/p>\n","protected":false},"author":1,"featured_media":75317,"comment_status":"open","ping_status":"open","sticky":false,"template":"","format":"standard","meta":[],"categories":[46,53],"tags":[13718,1128,19761,23219,67,1009,18974,2297,37977],"views":581,"_links":{"self":[{"href":"https:\/\/www.enerjigazetesi.ist\/en\/wp-json\/wp\/v2\/posts\/75316"}],"collection":[{"href":"https:\/\/www.enerjigazetesi.ist\/en\/wp-json\/wp\/v2\/posts"}],"about":[{"href":"https:\/\/www.enerjigazetesi.ist\/en\/wp-json\/wp\/v2\/types\/post"}],"author":[{"embeddable":true,"href":"https:\/\/www.enerjigazetesi.ist\/en\/wp-json\/wp\/v2\/users\/1"}],"replies":[{"embeddable":true,"href":"https:\/\/www.enerjigazetesi.ist\/en\/wp-json\/wp\/v2\/comments?post=75316"}],"version-history":[{"count":1,"href":"https:\/\/www.enerjigazetesi.ist\/en\/wp-json\/wp\/v2\/posts\/75316\/revisions"}],"predecessor-version":[{"id":75318,"href":"https:\/\/www.enerjigazetesi.ist\/en\/wp-json\/wp\/v2\/posts\/75316\/revisions\/75318"}],"wp:featuredmedia":[{"embeddable":true,"href":"https:\/\/www.enerjigazetesi.ist\/en\/wp-json\/wp\/v2\/media\/75317"}],"wp:attachment":[{"href":"https:\/\/www.enerjigazetesi.ist\/en\/wp-json\/wp\/v2\/media?parent=75316"}],"wp:term":[{"taxonomy":"category","embeddable":true,"href":"https:\/\/www.enerjigazetesi.ist\/en\/wp-json\/wp\/v2\/categories?post=75316"},{"taxonomy":"post_tag","embeddable":true,"href":"https:\/\/www.enerjigazetesi.ist\/en\/wp-json\/wp\/v2\/tags?post=75316"}],"curies":[{"name":"wp","href":"https:\/\/api.w.org\/{rel}","templated":true}]}}