{"id":75306,"date":"2018-06-18T10:38:12","date_gmt":"2018-06-18T07:38:12","guid":{"rendered":"https:\/\/www.enerjigazetesi.ist\/?p=75306"},"modified":"2018-06-18T10:38:12","modified_gmt":"2018-06-18T07:38:12","slug":"nusaybin-belediyesinden-gunes-enerjili-3-arac","status":"publish","type":"post","link":"https:\/\/www.enerjigazetesi.ist\/en\/nusaybin-belediyesinden-gunes-enerjili-3-arac\/","title":{"rendered":"(Turkish) Nusaybin Belediyesi&#8217;nden G\u00fcne\u015f Enerjili 3 Ara\u00e7!"},"content":{"rendered":"<p class=\"qtranxs-available-languages-message qtranxs-available-languages-message-en\">Sorry, this entry is only available in <a href=\"https:\/\/www.enerjigazetesi.ist\/tr\/wp-json\/wp\/v2\/posts\/75306\" class=\"qtranxs-available-language-link qtranxs-available-language-link-tr\" title=\"Turkish\">Turkish<\/a>. For the sake of viewer convenience, the content is shown below in the alternative language. You may click the link to switch the active language.<\/p><p><strong>Mardin\u2019in Nusaybin \u0130l\u00e7e Belediyesi taraf\u0131ndan filosuna g\u00fcne\u015f enerjisiyle \u00e7al\u0131\u015fan 3 ara\u00e7 dahil edildi.<img loading=\"lazy\" class=\"alignright size-medium wp-image-75307\" src=\"https:\/\/www.enerjigazetesi.ist\/wp-content\/uploads\/2018\/06\/nusaybin-belediyesinden-gunes-enerjili-3-arac-300x150.jpg\" alt=\"\" width=\"300\" height=\"150\" srcset=\"https:\/\/www.enerjigazetesi.ist\/wp-content\/uploads\/2018\/06\/nusaybin-belediyesinden-gunes-enerjili-3-arac-300x150.jpg 300w, https:\/\/www.enerjigazetesi.ist\/wp-content\/uploads\/2018\/06\/nusaybin-belediyesinden-gunes-enerjili-3-arac-500x250.jpg 500w, https:\/\/www.enerjigazetesi.ist\/wp-content\/uploads\/2018\/06\/nusaybin-belediyesinden-gunes-enerjili-3-arac-80x40.jpg 80w, https:\/\/www.enerjigazetesi.ist\/wp-content\/uploads\/2018\/06\/nusaybin-belediyesinden-gunes-enerjili-3-arac.jpg 640w\" sizes=\"(max-width: 300px) 100vw, 300px\" \/><\/strong><\/p>\n<p>Ter\u00f6r \u00f6rg\u00fct\u00fc PKK\u2019n\u0131n hendek ve barikat olaylar\u0131ndan sonra \u0130\u00e7i\u015fleri Bakanl\u0131\u011f\u0131nca g\u00f6revlendirme yap\u0131ld\u0131ktan sonra Nusaybin\u2019i aya\u011f\u0131 kald\u0131ran belediye, y\u0131l\u0131n 9 ay\u0131 g\u00fcne\u015f alan il\u00e7ede filosuna 3 g\u00fcne\u015f enerjisiyle \u00e7al\u0131\u015fan ara\u00e7 dahil etti.<\/p>\n<p>\u0130l\u00e7e Kaymakam\u0131 ve Belediye Ba\u015fkan Vekili Erg\u00fcn Baysal\u2019\u0131n talimat\u0131yla al\u0131nan ara\u00e7lar, hizmete sunuldu. \u00c7evre dostu ara\u00e7lar, Mardinmasa ile Sosyal Hizmetler \u015eube M\u00fcd\u00fcrl\u00fc\u011f\u00fc personelinin vatanda\u015fa ula\u015f\u0131m\u0131n\u0131 sa\u011flayacak.<\/p>","protected":false},"excerpt":{"rendered":"<p>Sorry, this entry is only available in Turkish. For the sake of viewer convenience, the content is shown below in the alternative language. You may click the link to switch the active language.Mardin\u2019in Nusaybin \u0130l\u00e7e Belediyesi taraf\u0131ndan filosuna g\u00fcne\u015f enerjisiyle \u00e7al\u0131\u015fan 3 ara\u00e7 dahil edildi. Ter\u00f6r \u00f6rg\u00fct\u00fc PKK\u2019n\u0131n hendek ve barikat olaylar\u0131ndan sonra \u0130\u00e7i\u015fleri Bakanl\u0131\u011f\u0131nca [&hellip;]<\/p>\n","protected":false},"author":1,"featured_media":75307,"comment_status":"open","ping_status":"open","sticky":false,"template":"","format":"standard","meta":[],"categories":[53,49],"tags":[67,1009,23416,23133,23131],"views":373,"_links":{"self":[{"href":"https:\/\/www.enerjigazetesi.ist\/en\/wp-json\/wp\/v2\/posts\/75306"}],"collection":[{"href":"https:\/\/www.enerjigazetesi.ist\/en\/wp-json\/wp\/v2\/posts"}],"about":[{"href":"https:\/\/www.enerjigazetesi.ist\/en\/wp-json\/wp\/v2\/types\/post"}],"author":[{"embeddable":true,"href":"https:\/\/www.enerjigazetesi.ist\/en\/wp-json\/wp\/v2\/users\/1"}],"replies":[{"embeddable":true,"href":"https:\/\/www.enerjigazetesi.ist\/en\/wp-json\/wp\/v2\/comments?post=75306"}],"version-history":[{"count":1,"href":"https:\/\/www.enerjigazetesi.ist\/en\/wp-json\/wp\/v2\/posts\/75306\/revisions"}],"predecessor-version":[{"id":75308,"href":"https:\/\/www.enerjigazetesi.ist\/en\/wp-json\/wp\/v2\/posts\/75306\/revisions\/75308"}],"wp:featuredmedia":[{"embeddable":true,"href":"https:\/\/www.enerjigazetesi.ist\/en\/wp-json\/wp\/v2\/media\/75307"}],"wp:attachment":[{"href":"https:\/\/www.enerjigazetesi.ist\/en\/wp-json\/wp\/v2\/media?parent=75306"}],"wp:term":[{"taxonomy":"category","embeddable":true,"href":"https:\/\/www.enerjigazetesi.ist\/en\/wp-json\/wp\/v2\/categories?post=75306"},{"taxonomy":"post_tag","embeddable":true,"href":"https:\/\/www.enerjigazetesi.ist\/en\/wp-json\/wp\/v2\/tags?post=75306"}],"curies":[{"name":"wp","href":"https:\/\/api.w.org\/{rel}","templated":true}]}}