{"id":75297,"date":"2018-06-16T23:36:05","date_gmt":"2018-06-16T20:36:05","guid":{"rendered":"https:\/\/www.enerjigazetesi.ist\/?p=75297"},"modified":"2018-06-16T23:36:05","modified_gmt":"2018-06-16T20:36:05","slug":"samsungtan-63-000-metrekarelik-alana-gunes-panelleri-kurma-plani","status":"publish","type":"post","link":"https:\/\/www.enerjigazetesi.ist\/en\/samsungtan-63-000-metrekarelik-alana-gunes-panelleri-kurma-plani\/","title":{"rendered":"(Turkish) Samsung&#8217;tan 63.000 Metrekarelik Alana G\u00fcne\u015f Panelleri Kurma Plan\u0131"},"content":{"rendered":"<p class=\"qtranxs-available-languages-message qtranxs-available-languages-message-en\">Sorry, this entry is only available in <a href=\"https:\/\/www.enerjigazetesi.ist\/tr\/wp-json\/wp\/v2\/posts\/75297\" class=\"qtranxs-available-language-link qtranxs-available-language-link-tr\" title=\"Turkish\">Turkish<\/a>. For the sake of viewer convenience, the content is shown below in the alternative language. You may click the link to switch the active language.<\/p><p><strong>Samsung Electronics, G\u00fcney Kore\u2019deki kamp\u00fcslerinde, 2020 y\u0131l\u0131na kadar 63.000 metrekarelik alana g\u00fcne\u015f panelleri kurmay\u0131 planl\u0131yor.<span id=\"more-100458\"><\/span>\u00a0ABD, Avrupa ve \u00c7in\u2019de fabrikalar\u0131nda ve binalar\u0131nda enerji kullan\u0131m\u0131n\u0131n y\u00fczde 100\u2019\u00fcn\u00fc yenilenebilir enerji ile sa\u011flayacak.<\/strong><\/p>\n<p><img loading=\"lazy\" class=\"alignleft size-medium wp-image-75298\" src=\"https:\/\/www.enerjigazetesi.ist\/wp-content\/uploads\/2018\/06\/samsungtan-63-000-metrekarelik-alana-gunes-panelleri-kurma-plani-300x225.jpg\" alt=\"\" width=\"300\" height=\"225\" srcset=\"https:\/\/www.enerjigazetesi.ist\/wp-content\/uploads\/2018\/06\/samsungtan-63-000-metrekarelik-alana-gunes-panelleri-kurma-plani-300x225.jpg 300w, https:\/\/www.enerjigazetesi.ist\/wp-content\/uploads\/2018\/06\/samsungtan-63-000-metrekarelik-alana-gunes-panelleri-kurma-plani-500x375.jpg 500w, https:\/\/www.enerjigazetesi.ist\/wp-content\/uploads\/2018\/06\/samsungtan-63-000-metrekarelik-alana-gunes-panelleri-kurma-plani-67x50.jpg 67w, https:\/\/www.enerjigazetesi.ist\/wp-content\/uploads\/2018\/06\/samsungtan-63-000-metrekarelik-alana-gunes-panelleri-kurma-plani.jpg 650w\" sizes=\"(max-width: 300px) 100vw, 300px\" \/>\u015eirket, G\u00fcney Kore\u2019de \u00fclkenin yenilenebilir enerji kullan\u0131m\u0131n\u0131 2030 y\u0131l\u0131na kadar y\u00fczde 20\u2019ye \u00e7\u0131karmak i\u00e7in h\u00fck\u00fcmetin ulusal stratejik plan\u0131n\u0131 izleyecek.<\/p>\n<p>Samsung, Seul\u2019\u00fcn g\u00fcneyindeki Suwon\u2019daki merkezi Samsung Digital City\u2019de yakla\u015f\u0131k 42.000 metrekare g\u00fcne\u015f paneli kuracak. Daha sonra 2019\u2019da Pyeongtaek kamp\u00fcs\u00fcnde ve 2020\u2019de Hwaseong kamp\u00fcs\u00fcnde 21.000 metrekarelik g\u00fcne\u015f enerjisi ve jeotermal enerji \u00fcretim tesisleri ekleyecek. Pyeongtaek ve Hwaseong, \u015firketin yar\u0131 iletken operasyonlar\u0131n\u0131n y\u00fcr\u00fct\u00fcld\u00fc\u011f\u00fc yerler oldu\u011fu i\u00e7in olduk\u00e7a kritik bir \u00f6neme sahip.<\/p>","protected":false},"excerpt":{"rendered":"<p>Sorry, this entry is only available in Turkish. For the sake of viewer convenience, the content is shown below in the alternative language. You may click the link to switch the active language.Samsung Electronics, G\u00fcney Kore\u2019deki kamp\u00fcslerinde, 2020 y\u0131l\u0131na kadar 63.000 metrekarelik alana g\u00fcne\u015f panelleri kurmay\u0131 planl\u0131yor.\u00a0ABD, Avrupa ve \u00c7in\u2019de fabrikalar\u0131nda ve binalar\u0131nda enerji kullan\u0131m\u0131n\u0131n [&hellip;]<\/p>\n","protected":false},"author":1,"featured_media":75298,"comment_status":"open","ping_status":"open","sticky":false,"template":"","format":"standard","meta":[],"categories":[53,49],"tags":[67,1009,2091,13,23416,23133,142,108,23131,1863,37972,37973],"views":1179,"_links":{"self":[{"href":"https:\/\/www.enerjigazetesi.ist\/en\/wp-json\/wp\/v2\/posts\/75297"}],"collection":[{"href":"https:\/\/www.enerjigazetesi.ist\/en\/wp-json\/wp\/v2\/posts"}],"about":[{"href":"https:\/\/www.enerjigazetesi.ist\/en\/wp-json\/wp\/v2\/types\/post"}],"author":[{"embeddable":true,"href":"https:\/\/www.enerjigazetesi.ist\/en\/wp-json\/wp\/v2\/users\/1"}],"replies":[{"embeddable":true,"href":"https:\/\/www.enerjigazetesi.ist\/en\/wp-json\/wp\/v2\/comments?post=75297"}],"version-history":[{"count":1,"href":"https:\/\/www.enerjigazetesi.ist\/en\/wp-json\/wp\/v2\/posts\/75297\/revisions"}],"predecessor-version":[{"id":75299,"href":"https:\/\/www.enerjigazetesi.ist\/en\/wp-json\/wp\/v2\/posts\/75297\/revisions\/75299"}],"wp:featuredmedia":[{"embeddable":true,"href":"https:\/\/www.enerjigazetesi.ist\/en\/wp-json\/wp\/v2\/media\/75298"}],"wp:attachment":[{"href":"https:\/\/www.enerjigazetesi.ist\/en\/wp-json\/wp\/v2\/media?parent=75297"}],"wp:term":[{"taxonomy":"category","embeddable":true,"href":"https:\/\/www.enerjigazetesi.ist\/en\/wp-json\/wp\/v2\/categories?post=75297"},{"taxonomy":"post_tag","embeddable":true,"href":"https:\/\/www.enerjigazetesi.ist\/en\/wp-json\/wp\/v2\/tags?post=75297"}],"curies":[{"name":"wp","href":"https:\/\/api.w.org\/{rel}","templated":true}]}}