{"id":75275,"date":"2018-06-15T09:20:48","date_gmt":"2018-06-15T06:20:48","guid":{"rendered":"https:\/\/www.enerjigazetesi.ist\/?p=75275"},"modified":"2018-06-15T09:20:48","modified_gmt":"2018-06-15T06:20:48","slug":"tesla-3-bin-kisiyi-isten-cikaracak","status":"publish","type":"post","link":"https:\/\/www.enerjigazetesi.ist\/en\/tesla-3-bin-kisiyi-isten-cikaracak\/","title":{"rendered":"(Turkish) Tesla 3 Bin Ki\u015fiyi \u0130\u015ften \u00c7\u0131karacak"},"content":{"rendered":"<p class=\"qtranxs-available-languages-message qtranxs-available-languages-message-en\">Sorry, this entry is only available in <a href=\"https:\/\/www.enerjigazetesi.ist\/tr\/wp-json\/wp\/v2\/posts\/75275\" class=\"qtranxs-available-language-link qtranxs-available-language-link-tr\" title=\"Turkish\">Turkish<\/a>. For the sake of viewer convenience, the content is shown below in the alternative language. You may click the link to switch the active language.<\/p><p><strong>Tesla\u2019n\u0131n patronu Elon Musk Twitter hesab\u0131ndan yapt\u0131\u011f\u0131 payla\u015f\u0131mda \u015firketin i\u015fg\u00fcc\u00fcn\u00fcn y\u00fczde 9\u2019una kar\u015f\u0131l\u0131k gelen 3 bin ki\u015finin \u00e7\u0131kar\u0131laca\u011f\u0131n\u0131 duyurdu. Musk s\u00f6z konusu karar\u0131n zor bir karar oldu\u011funu ancak \u015firketin yeniden organizasyonunun gerekli oldu\u011funu belirtti.<img loading=\"lazy\" class=\"alignright size-medium wp-image-75276\" src=\"https:\/\/www.enerjigazetesi.ist\/wp-content\/uploads\/2018\/06\/tesla-3-bin-kisiyi-isten-cikaracak-300x169.jpg\" alt=\"\" width=\"300\" height=\"169\" srcset=\"https:\/\/www.enerjigazetesi.ist\/wp-content\/uploads\/2018\/06\/tesla-3-bin-kisiyi-isten-cikaracak-300x169.jpg 300w, https:\/\/www.enerjigazetesi.ist\/wp-content\/uploads\/2018\/06\/tesla-3-bin-kisiyi-isten-cikaracak-500x281.jpg 500w, https:\/\/www.enerjigazetesi.ist\/wp-content\/uploads\/2018\/06\/tesla-3-bin-kisiyi-isten-cikaracak-80x45.jpg 80w, https:\/\/www.enerjigazetesi.ist\/wp-content\/uploads\/2018\/06\/tesla-3-bin-kisiyi-isten-cikaracak.jpg 696w\" sizes=\"(max-width: 300px) 100vw, 300px\" \/><\/strong><\/p>\n<p>A\u00e7\u0131klamada i\u015ften \u00e7\u0131karmalar\u0131n hemen hemen t\u00fcm\u00fcyle maa\u015fl\u0131 \u00e7al\u0131\u015fanlar\u0131 etkileyece\u011fi, \u015firketin Model 3\u2019\u00fcn \u00fcretimine odaklanmas\u0131 dolay\u0131s\u0131yla hi\u00e7bir \u00fcretim hatt\u0131 \u00e7al\u0131\u015fan\u0131n\u0131n bu i\u015ften \u00e7\u0131karmalar aras\u0131nda yer almayaca\u011f\u0131 belirtildi.<\/p>\n<p>Musk yay\u0131mlad\u0131\u011f\u0131 notta \u201cNeredeyse 15 senelik tarihimizde hi\u00e7 kar etmedik. Bu durum bizi karl\u0131l\u0131\u011f\u0131n bizi motive etmedi\u011fini g\u00f6steriyor. Bizi motive eden d\u00fcnyan\u0131n s\u00fcrd\u00fcr\u00fclebilir, temiz enerjiye ge\u00e7i\u015f hedefi. Ancak s\u00fcrd\u00fcr\u00fclebilir karl\u0131l\u0131\u011fa ge\u00e7meden bu hedefe yakalamayaca\u011f\u0131z.\u201d dedi.<\/p>","protected":false},"excerpt":{"rendered":"<p>Sorry, this entry is only available in Turkish. For the sake of viewer convenience, the content is shown below in the alternative language. You may click the link to switch the active language.Tesla\u2019n\u0131n patronu Elon Musk Twitter hesab\u0131ndan yapt\u0131\u011f\u0131 payla\u015f\u0131mda \u015firketin i\u015fg\u00fcc\u00fcn\u00fcn y\u00fczde 9\u2019una kar\u015f\u0131l\u0131k gelen 3 bin ki\u015finin \u00e7\u0131kar\u0131laca\u011f\u0131n\u0131 duyurdu. Musk s\u00f6z konusu karar\u0131n [&hellip;]<\/p>\n","protected":false},"author":1,"featured_media":75276,"comment_status":"open","ping_status":"open","sticky":false,"template":"","format":"standard","meta":[],"categories":[51,53],"tags":[215,19436,67,1009,30577,19437],"views":709,"_links":{"self":[{"href":"https:\/\/www.enerjigazetesi.ist\/en\/wp-json\/wp\/v2\/posts\/75275"}],"collection":[{"href":"https:\/\/www.enerjigazetesi.ist\/en\/wp-json\/wp\/v2\/posts"}],"about":[{"href":"https:\/\/www.enerjigazetesi.ist\/en\/wp-json\/wp\/v2\/types\/post"}],"author":[{"embeddable":true,"href":"https:\/\/www.enerjigazetesi.ist\/en\/wp-json\/wp\/v2\/users\/1"}],"replies":[{"embeddable":true,"href":"https:\/\/www.enerjigazetesi.ist\/en\/wp-json\/wp\/v2\/comments?post=75275"}],"version-history":[{"count":1,"href":"https:\/\/www.enerjigazetesi.ist\/en\/wp-json\/wp\/v2\/posts\/75275\/revisions"}],"predecessor-version":[{"id":75277,"href":"https:\/\/www.enerjigazetesi.ist\/en\/wp-json\/wp\/v2\/posts\/75275\/revisions\/75277"}],"wp:featuredmedia":[{"embeddable":true,"href":"https:\/\/www.enerjigazetesi.ist\/en\/wp-json\/wp\/v2\/media\/75276"}],"wp:attachment":[{"href":"https:\/\/www.enerjigazetesi.ist\/en\/wp-json\/wp\/v2\/media?parent=75275"}],"wp:term":[{"taxonomy":"category","embeddable":true,"href":"https:\/\/www.enerjigazetesi.ist\/en\/wp-json\/wp\/v2\/categories?post=75275"},{"taxonomy":"post_tag","embeddable":true,"href":"https:\/\/www.enerjigazetesi.ist\/en\/wp-json\/wp\/v2\/tags?post=75275"}],"curies":[{"name":"wp","href":"https:\/\/api.w.org\/{rel}","templated":true}]}}