{"id":75259,"date":"2018-06-14T22:45:27","date_gmt":"2018-06-14T19:45:27","guid":{"rendered":"https:\/\/www.enerjigazetesi.ist\/?p=75259"},"modified":"2018-06-14T22:45:27","modified_gmt":"2018-06-14T19:45:27","slug":"mercedes-benz-meskenlerde-enerji-depolama-emellerinden-vazgeciyor","status":"publish","type":"post","link":"https:\/\/www.enerjigazetesi.ist\/en\/mercedes-benz-meskenlerde-enerji-depolama-emellerinden-vazgeciyor\/","title":{"rendered":"(Turkish) Mercedes-Benz Meskenlerde Enerji Depolama Emellerinden Vazge\u00e7iyor"},"content":{"rendered":"<p class=\"qtranxs-available-languages-message qtranxs-available-languages-message-en\">Sorry, this entry is only available in <a href=\"https:\/\/www.enerjigazetesi.ist\/tr\/wp-json\/wp\/v2\/posts\/75259\" class=\"qtranxs-available-language-link qtranxs-available-language-link-tr\" title=\"Turkish\">Turkish<\/a>. For the sake of viewer convenience, the content is shown below in the alternative language. You may click the link to switch the active language.<\/p><p><\/p>\n<div id=\"wrapper\">\n<div id=\"main\">\n<section id=\"haber6\">\n<div class=\"container\">\n<p><strong>Mercedes-Benz, lansman\u0131ndan bir y\u0131l sonra mesken enerji depolama sisteminin \u00fcretimini durdurmaya karar verdi.<\/strong><\/p>\n<p>Elektrikli ta\u015f\u0131t \u00fcreticileri yak\u0131n zaman \u00f6nce sabit depolama alan\u0131na ge\u00e7meyi denediler. Mercedes-Benz, Tesla&#8217;n\u0131n enerji depolamas\u0131yla rekabet edebilmek i\u00e7in \u00fcr\u00fcn\u00fcn\u00fc piyasaya s\u00fcrd\u00fckten sonra, Audi ve <img loading=\"lazy\" class=\"alignleft size-medium wp-image-75260\" src=\"https:\/\/www.enerjigazetesi.ist\/wp-content\/uploads\/2018\/06\/mercedes-benz-meskenlerde-enerji-depolama-emellerinden-vazgeciyor-300x142.jpg\" alt=\"\" width=\"300\" height=\"142\" srcset=\"https:\/\/www.enerjigazetesi.ist\/wp-content\/uploads\/2018\/06\/mercedes-benz-meskenlerde-enerji-depolama-emellerinden-vazgeciyor-300x142.jpg 300w, https:\/\/www.enerjigazetesi.ist\/wp-content\/uploads\/2018\/06\/mercedes-benz-meskenlerde-enerji-depolama-emellerinden-vazgeciyor-500x237.jpg 500w, https:\/\/www.enerjigazetesi.ist\/wp-content\/uploads\/2018\/06\/mercedes-benz-meskenlerde-enerji-depolama-emellerinden-vazgeciyor-80x38.jpg 80w, https:\/\/www.enerjigazetesi.ist\/wp-content\/uploads\/2018\/06\/mercedes-benz-meskenlerde-enerji-depolama-emellerinden-vazgeciyor.jpg 640w\" sizes=\"(max-width: 300px) 100vw, 300px\" \/>Nissan da mesken sekt\u00f6r\u00fcne y\u00f6nelik projelerini a\u00e7\u0131klad\u0131.<\/p>\n<p>\u0130\u015faretler, t\u00fcketicilerin enerji depolama alan\u0131ndaki artan ilgisine i\u015faret ediyor. EnergySage taraf\u0131ndan yay\u0131nlanan yak\u0131n tarihli bir raporda, 2017 y\u0131l\u0131nda ankete kat\u0131lan g\u00fcne\u015f paneli m\u00fc\u015fterilerinin yakla\u015f\u0131k d\u00f6rtte \u00fc\u00e7\u00fcn\u00fcn bir ev enerji depolama sistemi de almay\u0131 d\u00fc\u015f\u00fcnd\u00fckleri belirtildi.<\/p>\n<p>Mercedes-Benz\u2019in duyurusu, elektrikli ta\u015f\u0131t \u00fcreticilerinin s\u0131rf her iki segment de b\u00fcy\u00fck bataryalar kullan\u0131yor diye mesken depolama i\u015fine girmelerinin kolay olmayaca\u011f\u0131n\u0131 g\u00f6steriyor.<\/p>\n<p>Mercedes \u015firketi s\u00f6zc\u00fcs\u00fc Greentech Media&#8217;ya, meskenlerdeki batarya sistemlerinin gere\u011finden fazla in\u015fa edildi\u011fini, bir eve elektrik sa\u011flamaktansa bir arac\u0131 hareket ettirmek i\u00e7in tasarland\u0131\u011f\u0131n\u0131 s\u00f6yledi. Mercedes-Benz&#8217;den Madeleine Herdlitschka, GTM&#8217;ye verdi\u011fi deme\u00e7te, &#8220;Evlerde araba bataryas\u0131n\u0131n olmas\u0131n\u0131 gerektirmiyor\u201d dedi.<\/p>\n<p>Meskenlerdeki g\u00fcne\u015f paneli kurulumlar\u0131n\u0131n yakla\u015f\u0131k %90&#8217;\u0131nda bir enerji depolama bile\u015feni bulunmamaktad\u0131r. GTM Research, ABD mesken depolama pazar\u0131n\u0131n 2018 y\u0131l\u0131nda d\u00f6rt kat b\u00fcy\u00fcyece\u011fini \u00f6ng\u00f6r\u00fcyor. Firma, 2017 y\u0131l\u0131nda 19 MW mesken enerji depolama kurulumu kaydetti, bu y\u0131l da 74 MW&#8217;\u0131 g\u00f6rmeyi bekliyor.<\/p>\n<p>Pazar olgunla\u015fm\u0131\u015f olabilir, ancak \u015fu ana kadarki en g\u00fc\u00e7l\u00fc isim Tesla. \u015eirket, Powerwall bataryas\u0131n\u0131 SolarCity i\u015ftiraki taraf\u0131ndan kurulan g\u00fcne\u015f panelleri ile birlikte sunuyor.<\/p>\n<p>Ba\u015fka bir mesken g\u00fcne\u015f enerjisi tesisat\u00e7\u0131s\u0131 olan Vivint Solar, Amerika Birle\u015fik Devletleri&#8217;nde Mercedes-Benz Energy Storage&#8217;i sunan ve satan ilk tedarik\u00e7iydi.<\/p>\n<p>Ocak ay\u0131nda, Audi, Almanya&#8217;n\u0131n Ingolstadt b\u00f6lgesinde ve \u0130svi\u00e7re&#8217;nin Z\u00fcrih b\u00f6lgesinde bir pilot proje ba\u015flatt\u0131 ve \u00e7at\u0131 tipi g\u00fcne\u015f panelleri, sabit enerji depolama ve \u015febeke y\u00f6netimi i\u00e7in elektrikli ara\u00e7 \u015farj istasyonlar\u0131n\u0131 birle\u015ftirdi. Ayn\u0131 zamanda, Nissan, ABD&#8217;li m\u00fc\u015fterilere entegre bir g\u00fcne\u015f paneli ve batarya depolama sistemi paketi sunan bir program duyurdu.<\/p>\n<p><strong>Kaynak: <\/strong><a href=\"https:\/\/www.utilitydive.com\/news\/mercedes-benz-abandons-residential-storage-ambitions\/522483\/\" target=\"_blank\" rel=\"noopener\"><strong><em>Utility Dive<\/em><\/strong><\/a><\/p>\n<\/div>\n<\/section>\n<\/div>\n<\/div>\n<p><\/p>","protected":false},"excerpt":{"rendered":"<p>Sorry, this entry is only available in Turkish. For the sake of viewer convenience, the content is shown below in the alternative language. You may click the link to switch the active language. Mercedes-Benz, lansman\u0131ndan bir y\u0131l sonra mesken enerji depolama sisteminin \u00fcretimini durdurmaya karar verdi. Elektrikli ta\u015f\u0131t \u00fcreticileri yak\u0131n zaman \u00f6nce sabit depolama alan\u0131na [&hellip;]<\/p>\n","protected":false},"author":1,"featured_media":75260,"comment_status":"open","ping_status":"open","sticky":false,"template":"","format":"standard","meta":[],"categories":[51,53],"tags":[2625,67,1009,16148],"views":867,"_links":{"self":[{"href":"https:\/\/www.enerjigazetesi.ist\/en\/wp-json\/wp\/v2\/posts\/75259"}],"collection":[{"href":"https:\/\/www.enerjigazetesi.ist\/en\/wp-json\/wp\/v2\/posts"}],"about":[{"href":"https:\/\/www.enerjigazetesi.ist\/en\/wp-json\/wp\/v2\/types\/post"}],"author":[{"embeddable":true,"href":"https:\/\/www.enerjigazetesi.ist\/en\/wp-json\/wp\/v2\/users\/1"}],"replies":[{"embeddable":true,"href":"https:\/\/www.enerjigazetesi.ist\/en\/wp-json\/wp\/v2\/comments?post=75259"}],"version-history":[{"count":1,"href":"https:\/\/www.enerjigazetesi.ist\/en\/wp-json\/wp\/v2\/posts\/75259\/revisions"}],"predecessor-version":[{"id":75261,"href":"https:\/\/www.enerjigazetesi.ist\/en\/wp-json\/wp\/v2\/posts\/75259\/revisions\/75261"}],"wp:featuredmedia":[{"embeddable":true,"href":"https:\/\/www.enerjigazetesi.ist\/en\/wp-json\/wp\/v2\/media\/75260"}],"wp:attachment":[{"href":"https:\/\/www.enerjigazetesi.ist\/en\/wp-json\/wp\/v2\/media?parent=75259"}],"wp:term":[{"taxonomy":"category","embeddable":true,"href":"https:\/\/www.enerjigazetesi.ist\/en\/wp-json\/wp\/v2\/categories?post=75259"},{"taxonomy":"post_tag","embeddable":true,"href":"https:\/\/www.enerjigazetesi.ist\/en\/wp-json\/wp\/v2\/tags?post=75259"}],"curies":[{"name":"wp","href":"https:\/\/api.w.org\/{rel}","templated":true}]}}