{"id":75192,"date":"2018-06-13T12:24:52","date_gmt":"2018-06-13T09:24:52","guid":{"rendered":"https:\/\/www.enerjigazetesi.ist\/?p=75192"},"modified":"2018-06-13T12:24:52","modified_gmt":"2018-06-13T09:24:52","slug":"multi-konfor-binalar-yuzde-90-enerji-tasarrufu-sagliyor","status":"publish","type":"post","link":"https:\/\/www.enerjigazetesi.ist\/en\/multi-konfor-binalar-yuzde-90-enerji-tasarrufu-sagliyor\/","title":{"rendered":"(Turkish) Multi Konfor Binalar Y\u00fczde 90 Enerji Tasarrufu Sa\u011fl\u0131yor"},"content":{"rendered":"<p class=\"qtranxs-available-languages-message qtranxs-available-languages-message-en\">Sorry, this entry is only available in <a href=\"https:\/\/www.enerjigazetesi.ist\/tr\/wp-json\/wp\/v2\/posts\/75192\" class=\"qtranxs-available-language-link qtranxs-available-language-link-tr\" title=\"Turkish\">Turkish<\/a>. For the sake of viewer convenience, the content is shown below in the alternative language. You may click the link to switch the active language.<\/p><p><strong>3. Ulusal Yap\u0131 Fizi\u011fi ve \u00c7evre Kontrol\u00fc Kongresi sponsoru \u0130zocam, do\u011fru yal\u0131t\u0131m\u0131n enerji verimlili\u011fi, \u0131s\u0131, ses yal\u0131t\u0131m\u0131 ve yang\u0131n \u00f6nlemedeki rol\u00fc ile binalarda ya\u015fayan insanlar\u0131n sa\u011fl\u0131\u011f\u0131 ve ya\u015fanan ortam\u0131n kalitesi \u00fczerindeki etkilerine dikkat \u00e7ekti.<\/strong><\/p>\n<p>Yap\u0131 Fizi\u011fi Derne\u011fi ve \u0130T\u00dc Mimarl\u0131k Fak\u00fcltesi\u00a0 i\u015f birli\u011finde d\u00fczenlenen 3. Ulusal Yap\u0131 Fizi\u011fi ve \u00c7evre Kontrol\u00fc Kongresi \u0130zocam\u2019\u0131n sponsorlu\u011funda 10-11 May\u0131s 2018 tarihlerinde ger\u00e7ekle\u015ftirildi. 3. Ulusal Yap\u0131 Fizi\u011fi ve \u00c7evre Kontrol\u00fc Kongresi\u2019nde, istenilen nitelikte yapma \u00e7evreyi yaratabilmek i\u00e7in; \u0131s\u0131, \u0131\u015f\u0131k, ses, yang\u0131n gibi yapma \u00e7evre kontrol sistemlerini; iklimlendirme, ayd\u0131nlatma, yang\u0131n emniyeti gibi yap\u0131 <img loading=\"lazy\" class=\"alignleft size-medium wp-image-75193\" src=\"https:\/\/www.enerjigazetesi.ist\/wp-content\/uploads\/2018\/06\/multi-konfor-binalar-yuzde-90-enerji-tasarrufu-sagliyor-300x169.jpg\" alt=\"\" width=\"300\" height=\"169\" srcset=\"https:\/\/www.enerjigazetesi.ist\/wp-content\/uploads\/2018\/06\/multi-konfor-binalar-yuzde-90-enerji-tasarrufu-sagliyor-300x169.jpg 300w, https:\/\/www.enerjigazetesi.ist\/wp-content\/uploads\/2018\/06\/multi-konfor-binalar-yuzde-90-enerji-tasarrufu-sagliyor-768x432.jpg 768w, https:\/\/www.enerjigazetesi.ist\/wp-content\/uploads\/2018\/06\/multi-konfor-binalar-yuzde-90-enerji-tasarrufu-sagliyor-500x281.jpg 500w, https:\/\/www.enerjigazetesi.ist\/wp-content\/uploads\/2018\/06\/multi-konfor-binalar-yuzde-90-enerji-tasarrufu-sagliyor-80x45.jpg 80w, https:\/\/www.enerjigazetesi.ist\/wp-content\/uploads\/2018\/06\/multi-konfor-binalar-yuzde-90-enerji-tasarrufu-sagliyor.jpg 960w\" sizes=\"(max-width: 300px) 100vw, 300px\" \/>servis sistemlerini; enerji denetimi, alternatif enerji kaynaklar\u0131, s\u00fcrd\u00fcr\u00fclebilirlik ve su korunumu konular\u0131n\u0131 kapsayan Yap\u0131 Fizi\u011fi ve \u00c7evre Kontrol\u00fc alan\u0131nda etkili \u00e7\u00f6z\u00fcmlerin geli\u015ftirilmesi konular\u0131 ele al\u0131nd\u0131.<\/p>\n<p>Enerji verimlili\u011fi konusunu en \u00f6nemli g\u00fcndem konusu olarak benimseyen \u0130zocam, her platformda yal\u0131t\u0131m-enerji verimlili\u011fi-multi konfor evler ili\u015fkisinin alt\u0131n\u0131 \u00e7iziyor. Yal\u0131t\u0131m ile sa\u011flanacak enerji verimlili\u011finin \u00fclke ekonomisine sa\u011flayaca\u011f\u0131 b\u00fcy\u00fck katk\u0131ya dikkat \u00e7eken \u0130zocam en fazla enerji verimlili\u011fine multi konfor binalar ile ula\u015f\u0131ld\u0131\u011f\u0131n\u0131 ve kentsel d\u00f6n\u00fc\u015f\u00fcm\u00fcn bu \u00e7er\u00e7evede b\u00fcy\u00fck bir f\u0131rsat sundu\u011fu g\u00f6r\u00fc\u015f\u00fcnde.<\/p>\n<p>2017 y\u0131l\u0131nda enerji hammaddeleri ithalat\u0131na 37 milyar dolardan fazla \u00f6deme yapan T\u00fcrkiye\u2019nin son 10 y\u0131ldaki enerji ithalat\u0131n\u0131n \u00fclke ekonomisine bedeli 400 milyar dolar\u0131n \u00fczerinde bulunuyor.\u00a0 T\u00fcketilen enerjinin yakla\u015f\u0131k d\u00f6rtte \u00fc\u00e7\u00fc d\u0131\u015far\u0131dan ithal ediliyor ve enerji ithalat\u0131, d\u0131\u015f ticaret a\u00e7\u0131\u011f\u0131n\u0131n en \u00f6nemli k\u0131sm\u0131n\u0131 olu\u015fturuyor. Cari a\u00e7\u0131\u011f\u0131 daha d\u00fc\u015f\u00fck seviyelere indirmek ve enerjide a\u015f\u0131r\u0131 d\u0131\u015fa ba\u011f\u0131ml\u0131l\u0131\u011f\u0131 azaltmak a\u00e7\u0131s\u0131ndan binalarda yap\u0131lacak enerji tasarrufu b\u00fcy\u00fck \u00f6nem ta\u015f\u0131yor.\u00a0 Do\u011fru malzeme ve uygun kal\u0131nl\u0131k ile yal\u0131t\u0131m yap\u0131lan binalar enerji tasarrufu i\u00e7in at\u0131lacak en b\u00fcy\u00fck ad\u0131m ve en y\u00fcksek enerji tasarrufunu sa\u011flayan \u00e7\u00f6z\u00fcm ise multi konfor binalar.<\/p>\n<p><strong>En y\u00fcksek enerji tasarrufu sa\u011flayan \u00e7\u00f6z\u00fcm; Multi Konfor Binalar<\/strong><\/p>\n<p>S\u0131f\u0131ra yak\u0131n enerjili ev kavram\u0131ndan t\u00fcremi\u015f ve biyo iklimsel tasar\u0131m\u0131 hedefleyen, s\u00fcrd\u00fcr\u00fclebilir, ekolojik, ekonomik ve sosyal etmenleri g\u00f6z \u00f6n\u00fcnde bulunduran \u201cMulti Konfor Binalar\u201d, y\u00fcksek enerji tasarrufuyla birlikte azami \u0131s\u0131l konforu sunuyor. Kusursuz akustik ve g\u00f6rsel konfor, kaliteli i\u00e7 ortam havas\u0131, yang\u0131n korunumu ve g\u00fcvenli\u011fi sa\u011flayan, hem i\u00e7 mek\u00e2nlarda hem de d\u0131\u015f mek\u00e2nlarda son derece esnek tasar\u0131m \u00e7\u00f6z\u00fcmleri bar\u0131nd\u0131rabilen Multi Konfor Binalar en az % 90 enerji tasarrufu hedefliyor. Bu binalar, T\u00fcrkiye gibi enerjisinin d\u00f6rtte \u00fc\u00e7\u00fcnden fazlas\u0131n\u0131 ithal etmekte olan \u00fclkelerde d\u0131\u015fa ba\u011f\u0131ml\u0131l\u0131\u011f\u0131 azalt\u0131c\u0131 katk\u0131lar sa\u011fl\u0131yor.<\/p>\n<p>\u00d6zellikle \u00e7arp\u0131k yap\u0131la\u015fma i\u00e7indeki niteliksiz konut stokunun h\u0131zla ve g\u00fcvenli yenilenmesi, etkin enerji verimlili\u011fi sa\u011flanmas\u0131, sa\u011fl\u0131kl\u0131 \u00e7evre ortam\u0131na kavu\u015fulmas\u0131 a\u00e7\u0131s\u0131ndan kentsel d\u00f6n\u00fc\u015f\u00fcm \u00f6nemli bir f\u0131rsat yarat\u0131yor. Is\u0131 ve ses yal\u0131t\u0131ml\u0131, enerji verimlili\u011fi y\u00fcksek, yang\u0131n g\u00fcvenli\u011fi sa\u011flanm\u0131\u015f yeni binalar\u0131n in\u015fa edilmesi enerji t\u00fcketiminin azalmas\u0131n\u0131 sa\u011flayacak.<\/p>\n<p>\u0130zocam\u2019\u0131n g\u00fcr\u00fclt\u00fc kirlili\u011fine kar\u015f\u0131 kendine \u00f6zg\u00fc ifadesi olan \u201csessiz \u015fehirler\u201d ile ba\u015flatt\u0131\u011f\u0131 m\u00fccadelede de Multi Konfor Binalar \u00f6ne \u00e7\u0131k\u0131yor. \u015eehir g\u00fcr\u00fclt\u00fcs\u00fcn\u00fcn yaratt\u0131\u011f\u0131 stresten uzak durmak i\u00e7in al\u0131nabilecek \u00f6nlemler aras\u0131nda g\u00fcr\u00fclt\u00fcy\u00fc \u00e7ok\u00e7a zaman ge\u00e7irilen ya\u015fam ve \u00e7al\u0131\u015fma alanlar\u0131ndan uzak tutmak gerekiyor. Geli\u015fmi\u015f \u015fehirlerde insanlar zaman\u0131n\u0131n %90\u2019\u0131n\u0131 kapal\u0131 alanlarda ge\u00e7iriyor. D\u0131\u015fardan gelen \u015fehir g\u00fcr\u00fclt\u00fcs\u00fc ile birlikte bina i\u00e7inde olu\u015fan g\u00fcr\u00fclt\u00fclere de \u00f6nlem al\u0131nmas\u0131 gerekiyor. Evde hacimler aras\u0131 ve sokak g\u00fcr\u00fclt\u00fcs\u00fc, fabrikalarda i\u015f\u00e7i sa\u011fl\u0131\u011f\u0131, ofislerde sessiz \u00e7al\u0131\u015fma ortamlar\u0131 sa\u011flayabilmek Multi Konfor \u015fartlar\u0131yla m\u00fcmk\u00fcn olabiliyor. Multi Konfor Bina \u015fartlar\u0131, bunlara ek olarak tiyatro, sinema, konser ve benzeri k\u00fclt\u00fcrel etkinliklerin sergilendi\u011fi yerlerde de do\u011fru akustik uygulamalar ve ses ge\u00e7irgenli\u011finin \u00f6nlenmesi i\u00e7in de \u00f6zel alanlar\u0131n korunmas\u0131na hizmet ediyor.<\/p>\n<p>Bu alanlarda istenen sessizli\u011fe ula\u015fmada ise d\u0131\u015f cephe yal\u0131t\u0131m\u0131yla birlikte yap\u0131lar\u0131n i\u00e7 duvar y\u00fczeyleri, ara b\u00f6lmelerinde ve katlar aras\u0131nda do\u011fru \u00fcr\u00fcnlerle do\u011fru yal\u0131t\u0131m uygulanmas\u0131 \u00f6nem ta\u015f\u0131yor. \u0130zocam\u2019\u0131n \u201csessiz \u015fehirler\u201d yaratmada etkili olan ta\u015fy\u00fcn\u00fc ve camy\u00fcn\u00fc \u00fcr\u00fcnleri ses yutucu \u00f6zellikleriyle ses yal\u0131t\u0131m\u0131 i\u00e7in iddial\u0131 \u00e7\u00f6z\u00fcmler sunuyor.<\/p>\n<p><strong>Yal\u0131t\u0131m &#8211; insan sa\u011fl\u0131\u011f\u0131 ili\u015fkisi<\/strong><\/p>\n<p>Yal\u0131t\u0131m\u0131n enerji verimlili\u011fi, \u0131s\u0131, ses yal\u0131t\u0131m\u0131 ve yang\u0131n g\u00fcvenli\u011fi alanlar\u0131ndaki \u00f6nemine odaklanan \u0130zocam, yal\u0131t\u0131m\u0131 olmayan ya da yanl\u0131\u015f yal\u0131t\u0131m uygulanm\u0131\u015f binalarda ya\u015fayan insanlar\u0131n binadaki a\u015f\u0131r\u0131 \u0131s\u0131 kayb\u0131, g\u00fcr\u00fclt\u00fc ve yang\u0131n emniyeti eksikli\u011fi gibi nedenlerle sa\u011fl\u0131k sorunlar\u0131 ve ekonomik dezavantajlar ya\u015fad\u0131klar\u0131na da dikkat \u00e7ekti.<\/p>\n<p>Yal\u0131t\u0131m\u0131n daha proje safhas\u0131nda ele al\u0131nmas\u0131 gerekti\u011finin alt\u0131n\u0131 \u00e7izen \u0130zocam, yal\u0131t\u0131ml\u0131 binalarda ya\u015faman\u0131n insan sa\u011fl\u0131\u011f\u0131 \u00fczerindeki olumlu etkisini de vurgulayarak, binalar\u0131n sadece yap\u0131m maliyeti de\u011fil kullan\u0131m maliyetleri de dikkate al\u0131narak projelendirilmesi gerekti\u011fini belirtti.<\/p>\n<p>Hem binalar\u0131n korunmas\u0131 hem bu binalarda ya\u015fayan insanlar\u0131n sa\u011fl\u0131\u011f\u0131n\u0131n korunmas\u0131 ve hem de insanlar\u0131n ya\u015fad\u0131klar\u0131 binalarda iyi ya\u015fam ko\u015fullar\u0131na sahip olmalar\u0131, binalar\u0131n do\u011fru yal\u0131t\u0131m uygulamalar\u0131na sahip olmalar\u0131yla m\u00fcmk\u00fcn.<\/p>\n<p>&#8211; Bir konutun, evin veya odan\u0131n konfor de\u011feri, insan ve oda klimas\u0131 aras\u0131ndaki hassas denge taraf\u0131ndan belirlenir. \u0130nsan ve \u00e7evre aras\u0131ndaki \u0131\u015f\u0131nlama dengesinin yerinde olmas\u0131, oda havas\u0131n\u0131n s\u0131cakl\u0131k seviyesinden daha \u00f6nemlidir.<\/p>\n<p>&#8211; So\u011fuk d\u0131\u015f duvarlar sadece \u0131\u015f\u0131nlama dengesini bozmakla kalmaz; pencerelerde oldu\u011fu gibi oda s\u0131cakl\u0131\u011f\u0131n\u0131 azalt\u0131r. So\u011fuk pencere ve duvarlardan gelen ve d\u00f6\u015feme \u00fczerinden akan so\u011fuk hava rahats\u0131z edici bir ortam yarat\u0131r ve \u00e7e\u015fitli hastal\u0131klara yol a\u00e7abilir.<\/p>\n<p>&#8211; D\u0131\u015f yap\u0131 elemanlar\u0131 i\u00e7 y\u00fczeylerinde su yo\u011fu\u015fmas\u0131na izin vermeyecek yap\u0131da olsalar da yal\u0131t\u0131m\u0131 olmayan ya da do\u011fru yal\u0131t\u0131m uygulamas\u0131 yap\u0131lmam\u0131\u015f binalarda su buhar\u0131 y\u00fcksek olan mutfak ve banyolardan ba\u015fka az \u0131s\u0131t\u0131lan odalarda da yo\u011fu\u015fma oldu\u011fu g\u00f6r\u00fcl\u00fcr. Yo\u011fu\u015fan su d\u0131\u015f yap\u0131 elemanlar\u0131n\u0131n tamamen nemlenmesine ve b\u00f6ylece \u0131s\u0131 korunum veriminin azalmas\u0131na ve koku olu\u015fumuna neden olur. Sa\u011fl\u0131k i\u00e7in zararl\u0131 olan nem, k\u00fcf ve koku d\u0131\u015f yap\u0131 elemanlar\u0131n\u0131n y\u00fczey s\u0131cakl\u0131\u011f\u0131n\u0131 fark edilebilir \u00f6l\u00e7\u00fcde art\u0131rabilecek do\u011fru yal\u0131t\u0131mla engellenebilir.<\/p>\n<p>&#8211; Yaz mevsiminde de yetersiz \u0131s\u0131 yal\u0131t\u0131m\u0131 nedeniyle sa\u011fl\u0131k a\u00e7\u0131s\u0131ndan ho\u015f olmayan durumlar g\u00f6r\u00fcl\u00fcr. G\u00fcneye ve bat\u0131ya bakan duvarlar, \u0131\u015f\u0131nlanan g\u00fcne\u015f \u0131s\u0131s\u0131n\u0131 \u00f6nemli \u00f6l\u00e7\u00fcde depolarlar. D\u0131\u015f duvarda nitelikli bir \u0131s\u0131 yal\u0131t\u0131m tabakas\u0131 mevcut de\u011filse, bu \u0131s\u0131 k\u00fctlesinin \u00f6nemli bir b\u00f6l\u00fcm\u00fc d\u0131\u015f duvar\u0131n arkas\u0131ndaki odaya girer ve s\u0131cakl\u0131k dayan\u0131lmaz boyutlara ula\u015fabilir. Bu da so\u011futma y\u00fck\u00fcn\u00fc ve so\u011futma i\u00e7in enerji t\u00fcketimini art\u0131racakt\u0131r.<\/p>\n<p>Unutmamak gerekir ki; korunmal\u0131 olan g\u00fcn\u00fcm\u00fcz yap\u0131lar\u0131 yal\u0131t\u0131mla anlam bulmaktad\u0131r. E\u011fer yap\u0131n\u0131n yap\u0131m maliyeti d\u0131\u015f\u0131nda, kullan\u0131m giderleri de d\u00fc\u015f\u00fcn\u00fclecek olursa, yal\u0131t\u0131m\u0131n tasarruf d\u00f6n\u00fc\u015f\u00fcn\u00fcn \u00e7ok daha fazla oldu\u011fu g\u00f6r\u00fclecektir.<\/p>","protected":false},"excerpt":{"rendered":"<p>Sorry, this entry is only available in Turkish. For the sake of viewer convenience, the content is shown below in the alternative language. You may click the link to switch the active language.3. Ulusal Yap\u0131 Fizi\u011fi ve \u00c7evre Kontrol\u00fc Kongresi sponsoru \u0130zocam, do\u011fru yal\u0131t\u0131m\u0131n enerji verimlili\u011fi, \u0131s\u0131, ses yal\u0131t\u0131m\u0131 ve yang\u0131n \u00f6nlemedeki rol\u00fc ile binalarda [&hellip;]<\/p>\n","protected":false},"author":1,"featured_media":75193,"comment_status":"open","ping_status":"open","sticky":false,"template":"","format":"standard","meta":[],"categories":[53,52],"tags":[67,1009,103,12,380,793],"views":1034,"_links":{"self":[{"href":"https:\/\/www.enerjigazetesi.ist\/en\/wp-json\/wp\/v2\/posts\/75192"}],"collection":[{"href":"https:\/\/www.enerjigazetesi.ist\/en\/wp-json\/wp\/v2\/posts"}],"about":[{"href":"https:\/\/www.enerjigazetesi.ist\/en\/wp-json\/wp\/v2\/types\/post"}],"author":[{"embeddable":true,"href":"https:\/\/www.enerjigazetesi.ist\/en\/wp-json\/wp\/v2\/users\/1"}],"replies":[{"embeddable":true,"href":"https:\/\/www.enerjigazetesi.ist\/en\/wp-json\/wp\/v2\/comments?post=75192"}],"version-history":[{"count":1,"href":"https:\/\/www.enerjigazetesi.ist\/en\/wp-json\/wp\/v2\/posts\/75192\/revisions"}],"predecessor-version":[{"id":75194,"href":"https:\/\/www.enerjigazetesi.ist\/en\/wp-json\/wp\/v2\/posts\/75192\/revisions\/75194"}],"wp:featuredmedia":[{"embeddable":true,"href":"https:\/\/www.enerjigazetesi.ist\/en\/wp-json\/wp\/v2\/media\/75193"}],"wp:attachment":[{"href":"https:\/\/www.enerjigazetesi.ist\/en\/wp-json\/wp\/v2\/media?parent=75192"}],"wp:term":[{"taxonomy":"category","embeddable":true,"href":"https:\/\/www.enerjigazetesi.ist\/en\/wp-json\/wp\/v2\/categories?post=75192"},{"taxonomy":"post_tag","embeddable":true,"href":"https:\/\/www.enerjigazetesi.ist\/en\/wp-json\/wp\/v2\/tags?post=75192"}],"curies":[{"name":"wp","href":"https:\/\/api.w.org\/{rel}","templated":true}]}}