{"id":75189,"date":"2018-06-13T12:10:03","date_gmt":"2018-06-13T09:10:03","guid":{"rendered":"https:\/\/www.enerjigazetesi.ist\/?p=75189"},"modified":"2018-06-13T12:10:03","modified_gmt":"2018-06-13T09:10:03","slug":"kayserigazdan-bayram-mesaisi","status":"publish","type":"post","link":"https:\/\/www.enerjigazetesi.ist\/en\/kayserigazdan-bayram-mesaisi\/","title":{"rendered":"(Turkish) Kayserigaz\u2019dan Bayram Mesaisi"},"content":{"rendered":"<p class=\"qtranxs-available-languages-message qtranxs-available-languages-message-en\">Sorry, this entry is only available in <a href=\"https:\/\/www.enerjigazetesi.ist\/tr\/wp-json\/wp\/v2\/posts\/75189\" class=\"qtranxs-available-language-link qtranxs-available-language-link-tr\" title=\"Turkish\">Turkish<\/a>. For the sake of viewer convenience, the content is shown below in the alternative language. You may click the link to switch the active language.<\/p><p><strong>Kayseri\u2019ye sorunsuz ve g\u00fcvenli do\u011falgaz arz\u0131 sa\u011flamak i\u00e7in \u00e7al\u0131\u015fmalar\u0131na h\u0131z veren Kayserigaz, Ramazan Bayram\u0131 \u00f6ncesinde mesaiye ba\u015flad\u0131.<\/strong><\/p>\n<p>Ramazan Bayram\u0131na say\u0131l\u0131 g\u00fcnler kala Kayserigaz, abonelere sa\u011flanan do\u011falgaz\u0131n bayramda herhangi bir aksakl\u0131\u011fa u\u011framamas\u0131 ad\u0131na gerekli \u00f6nlemleri almay\u0131 s\u00fcrd\u00fcr\u00fcyor. Do\u011falgaz abonelik i\u015flemlerini <img loading=\"lazy\" class=\"alignright size-medium wp-image-75190\" src=\"https:\/\/www.enerjigazetesi.ist\/wp-content\/uploads\/2018\/06\/kayserigazdan-bayram-mesaisi-300x237.jpg\" alt=\"\" width=\"300\" height=\"237\" srcset=\"https:\/\/www.enerjigazetesi.ist\/wp-content\/uploads\/2018\/06\/kayserigazdan-bayram-mesaisi-300x237.jpg 300w, https:\/\/www.enerjigazetesi.ist\/wp-content\/uploads\/2018\/06\/kayserigazdan-bayram-mesaisi-500x394.jpg 500w, https:\/\/www.enerjigazetesi.ist\/wp-content\/uploads\/2018\/06\/kayserigazdan-bayram-mesaisi-63x50.jpg 63w, https:\/\/www.enerjigazetesi.ist\/wp-content\/uploads\/2018\/06\/kayserigazdan-bayram-mesaisi.jpg 619w\" sizes=\"(max-width: 300px) 100vw, 300px\" \/>tamamlayan ve do\u011falgaz arz\u0131 sa\u011flanmas\u0131n\u0131 bekleyen abonelerin yakla\u015fan Ramazan Bayram\u0131 \u00f6ncesi ma\u011fdur olmamalar\u0131 i\u00e7in Kayserigaz \u0130\u00e7 Tesisat Birimi bayrama kadar, iftardan sonra da mesai yaparak \u00e7al\u0131\u015fmalar\u0131na devam edecek.<\/p>\n<p>\u0130\u00e7 tesisat kontrol, gaz a\u00e7ma i\u015flemlerine bayram \u00f6ncesi \u00e7al\u0131\u015fma saatlerini artt\u0131rarak devam edilece\u011fini duyuran ilgili birim, b\u00f6ylece bayram \u00f6ncesinde vatanda\u015flar\u0131n sorunsuz gaz kullan\u0131m\u0131na devam etmesini ama\u00e7l\u0131yor.<\/p>\n<p>M\u00fc\u015fteri memnuniyetinin kendileri i\u00e7in olduk\u00e7a \u00f6nemli oldu\u011funu vurgulayan \u0130\u00e7 Tesisat Birim Y\u00f6neticisi Mehmet Onur Ayd\u0131n \u2018\u2018hi\u00e7bir abonemizin sorun ya\u015famas\u0131n\u0131 istemeyiz, bu hassasiyetle, kesintisiz gaz arz\u0131n\u0131n sa\u011flanmas\u0131 i\u00e7in gerekli \u00f6nlemleri al\u0131p bayram \u00f6ncesinde hafta i\u00e7i \u00e7al\u0131\u015fma saatlerimizi uzatarak abonelerimizi ma\u011fdur etmeyece\u011fiz\u2019\u2019 diyerek t\u00fcm abonelerin bayramlar\u0131n\u0131 kutlad\u0131.<\/p>","protected":false},"excerpt":{"rendered":"<p>Sorry, this entry is only available in Turkish. For the sake of viewer convenience, the content is shown below in the alternative language. You may click the link to switch the active language.Kayseri\u2019ye sorunsuz ve g\u00fcvenli do\u011falgaz arz\u0131 sa\u011flamak i\u00e7in \u00e7al\u0131\u015fmalar\u0131na h\u0131z veren Kayserigaz, Ramazan Bayram\u0131 \u00f6ncesinde mesaiye ba\u015flad\u0131. Ramazan Bayram\u0131na say\u0131l\u0131 g\u00fcnler kala Kayserigaz, [&hellip;]<\/p>\n","protected":false},"author":1,"featured_media":75190,"comment_status":"open","ping_status":"open","sticky":false,"template":"","format":"standard","meta":[],"categories":[46,53],"tags":[1128,19761,23219,67,1009,8908],"views":867,"_links":{"self":[{"href":"https:\/\/www.enerjigazetesi.ist\/en\/wp-json\/wp\/v2\/posts\/75189"}],"collection":[{"href":"https:\/\/www.enerjigazetesi.ist\/en\/wp-json\/wp\/v2\/posts"}],"about":[{"href":"https:\/\/www.enerjigazetesi.ist\/en\/wp-json\/wp\/v2\/types\/post"}],"author":[{"embeddable":true,"href":"https:\/\/www.enerjigazetesi.ist\/en\/wp-json\/wp\/v2\/users\/1"}],"replies":[{"embeddable":true,"href":"https:\/\/www.enerjigazetesi.ist\/en\/wp-json\/wp\/v2\/comments?post=75189"}],"version-history":[{"count":1,"href":"https:\/\/www.enerjigazetesi.ist\/en\/wp-json\/wp\/v2\/posts\/75189\/revisions"}],"predecessor-version":[{"id":75191,"href":"https:\/\/www.enerjigazetesi.ist\/en\/wp-json\/wp\/v2\/posts\/75189\/revisions\/75191"}],"wp:featuredmedia":[{"embeddable":true,"href":"https:\/\/www.enerjigazetesi.ist\/en\/wp-json\/wp\/v2\/media\/75190"}],"wp:attachment":[{"href":"https:\/\/www.enerjigazetesi.ist\/en\/wp-json\/wp\/v2\/media?parent=75189"}],"wp:term":[{"taxonomy":"category","embeddable":true,"href":"https:\/\/www.enerjigazetesi.ist\/en\/wp-json\/wp\/v2\/categories?post=75189"},{"taxonomy":"post_tag","embeddable":true,"href":"https:\/\/www.enerjigazetesi.ist\/en\/wp-json\/wp\/v2\/tags?post=75189"}],"curies":[{"name":"wp","href":"https:\/\/api.w.org\/{rel}","templated":true}]}}