{"id":75165,"date":"2018-06-13T00:40:17","date_gmt":"2018-06-12T21:40:17","guid":{"rendered":"https:\/\/www.enerjigazetesi.ist\/?p=75165"},"modified":"2018-06-13T00:40:17","modified_gmt":"2018-06-12T21:40:17","slug":"kadin-uretici-pazari-gunes-enerjisi-ile-serinliyor","status":"publish","type":"post","link":"https:\/\/www.enerjigazetesi.ist\/en\/kadin-uretici-pazari-gunes-enerjisi-ile-serinliyor\/","title":{"rendered":"(Turkish) Kad\u0131n \u00dcretici Pazar\u0131 G\u00fcne\u015f Enerjisi \u0130le Serinliyor"},"content":{"rendered":"<p class=\"qtranxs-available-languages-message qtranxs-available-languages-message-en\">Sorry, this entry is only available in <a href=\"https:\/\/www.enerjigazetesi.ist\/tr\/wp-json\/wp\/v2\/posts\/75165\" class=\"qtranxs-available-language-link qtranxs-available-language-link-tr\" title=\"Turkish\">Turkish<\/a>. For the sake of viewer convenience, the content is shown below in the alternative language. You may click the link to switch the active language.<\/p><p><strong>MERS\u0130N\u2019in merkez Mezitli il\u00e7esinde Kad\u0131n \u00dcretici Pazar\u0131 ve Bal\u0131k Pazar\u0131 g\u00fcne\u015f enerjisiyle \u00e7al\u0131\u015ft\u0131r\u0131lan merkezi klima sistemi ile serinletilmeye\u00a0ba\u015flad\u0131. Yeni sistem daha serin bir ortamda al\u0131\u015fveri\u015f imk\u00e2n\u0131 ve\u00a0\u00fcr\u00fcnlerin de daha uzun \u00f6m\u00fcrl\u00fc olmas\u0131n\u0131 sa\u011fl\u0131yor.<\/strong><\/p>\n<p>Pazar\u0131 ziyaret ederek esnaf ve vatanda\u015flarla sohbet eden Belediye Ba\u015fkan\u0131 Ne\u015fet Tarhan,\u00a0\u201cSadece Kad\u0131n <img loading=\"lazy\" class=\"alignright size-medium wp-image-75166\" src=\"https:\/\/www.enerjigazetesi.ist\/wp-content\/uploads\/2018\/06\/kadin-uretici-pazari-gunes-enerjisi-ile-serinliyor-300x150.jpg\" alt=\"\" width=\"300\" height=\"150\" srcset=\"https:\/\/www.enerjigazetesi.ist\/wp-content\/uploads\/2018\/06\/kadin-uretici-pazari-gunes-enerjisi-ile-serinliyor-300x150.jpg 300w, https:\/\/www.enerjigazetesi.ist\/wp-content\/uploads\/2018\/06\/kadin-uretici-pazari-gunes-enerjisi-ile-serinliyor-500x250.jpg 500w, https:\/\/www.enerjigazetesi.ist\/wp-content\/uploads\/2018\/06\/kadin-uretici-pazari-gunes-enerjisi-ile-serinliyor-80x40.jpg 80w, https:\/\/www.enerjigazetesi.ist\/wp-content\/uploads\/2018\/06\/kadin-uretici-pazari-gunes-enerjisi-ile-serinliyor.jpg 640w\" sizes=\"(max-width: 300px) 100vw, 300px\" \/>\u00dcretici Pazar\u0131m\u0131zda de\u011fil, Belediye Bal\u0131k Pazar\u0131\u2019n\u0131 da g\u00fcne\u015f enerjisi ile so\u011futmaya ba\u015flad\u0131k. \u0130mk\u00e2nlar\u0131m\u0131z ve b\u00fct\u00e7emiz d\u00e2hilinde t\u00fcm pazarlar\u0131m\u0131zda bunu yayg\u0131nla\u015ft\u0131rmak istiyoruz. Ku\u015fkusuz ihtiya\u00e7lar sonsuzdur ama biz insan\u0131m\u0131z\u0131n daha mutlu olmas\u0131 i\u00e7in elimizden gelen gayreti g\u00f6steriyoruz. Geli\u015fmi\u015f \u00fclkeler ne yap\u0131yorsa ayn\u0131 hizmeti halk\u0131m\u0131za sunaca\u011f\u0131z\u201d dedi.<\/p>\n<p>Tarhan ayr\u0131ca, \u201cPazar yapmakla kalmad\u0131k, burada verilen hizmetin sa\u011fl\u0131kl\u0131 ve modern olmas\u0131 i\u00e7in her t\u00fcrl\u00fc ihtiyac\u0131n\u0131 da kar\u015f\u0131lad\u0131k. Kad\u0131nlar daha rahat ortamda \u00e7al\u0131\u015fs\u0131n derken, t\u00fcketiciler de daha iyi ortamda al\u0131\u015fveri\u015f yaps\u0131n istedik. Bu kliman\u0131n ba\u015fka bir y\u00f6n\u00fc de g\u00fcne\u015f enerjisi ile havay\u0131 so\u011futmas\u0131d\u0131r. Hem daha ekonomik hem de daha sa\u011fl\u0131kl\u0131 bir ortam sa\u011flam\u0131\u015f olduk. Temiz enerji kulland\u0131k. Bu uygulamadan herkes \u00e7ok memnun kald\u0131. Kad\u0131nlar\u0131m\u0131z her \u015feyin en iyisine lay\u0131k.\u201d ifadelerini kulland\u0131.<\/p>","protected":false},"excerpt":{"rendered":"<p>Sorry, this entry is only available in Turkish. For the sake of viewer convenience, the content is shown below in the alternative language. You may click the link to switch the active language.MERS\u0130N\u2019in merkez Mezitli il\u00e7esinde Kad\u0131n \u00dcretici Pazar\u0131 ve Bal\u0131k Pazar\u0131 g\u00fcne\u015f enerjisiyle \u00e7al\u0131\u015ft\u0131r\u0131lan merkezi klima sistemi ile serinletilmeye\u00a0ba\u015flad\u0131. Yeni sistem daha serin bir [&hellip;]<\/p>\n","protected":false},"author":1,"featured_media":75166,"comment_status":"open","ping_status":"open","sticky":false,"template":"","format":"standard","meta":[],"categories":[53,49],"tags":[67,1009,23416,37938,23131],"views":641,"_links":{"self":[{"href":"https:\/\/www.enerjigazetesi.ist\/en\/wp-json\/wp\/v2\/posts\/75165"}],"collection":[{"href":"https:\/\/www.enerjigazetesi.ist\/en\/wp-json\/wp\/v2\/posts"}],"about":[{"href":"https:\/\/www.enerjigazetesi.ist\/en\/wp-json\/wp\/v2\/types\/post"}],"author":[{"embeddable":true,"href":"https:\/\/www.enerjigazetesi.ist\/en\/wp-json\/wp\/v2\/users\/1"}],"replies":[{"embeddable":true,"href":"https:\/\/www.enerjigazetesi.ist\/en\/wp-json\/wp\/v2\/comments?post=75165"}],"version-history":[{"count":1,"href":"https:\/\/www.enerjigazetesi.ist\/en\/wp-json\/wp\/v2\/posts\/75165\/revisions"}],"predecessor-version":[{"id":75167,"href":"https:\/\/www.enerjigazetesi.ist\/en\/wp-json\/wp\/v2\/posts\/75165\/revisions\/75167"}],"wp:featuredmedia":[{"embeddable":true,"href":"https:\/\/www.enerjigazetesi.ist\/en\/wp-json\/wp\/v2\/media\/75166"}],"wp:attachment":[{"href":"https:\/\/www.enerjigazetesi.ist\/en\/wp-json\/wp\/v2\/media?parent=75165"}],"wp:term":[{"taxonomy":"category","embeddable":true,"href":"https:\/\/www.enerjigazetesi.ist\/en\/wp-json\/wp\/v2\/categories?post=75165"},{"taxonomy":"post_tag","embeddable":true,"href":"https:\/\/www.enerjigazetesi.ist\/en\/wp-json\/wp\/v2\/tags?post=75165"}],"curies":[{"name":"wp","href":"https:\/\/api.w.org\/{rel}","templated":true}]}}