{"id":75113,"date":"2018-06-11T12:37:33","date_gmt":"2018-06-11T09:37:33","guid":{"rendered":"https:\/\/www.enerjigazetesi.ist\/?p=75113"},"modified":"2018-06-11T12:38:07","modified_gmt":"2018-06-11T09:38:07","slug":"benzin-de-otvnin-sabitlenmesinin-devlete-masrafi-300-milyon-tl","status":"publish","type":"post","link":"https:\/\/www.enerjigazetesi.ist\/en\/benzin-de-otvnin-sabitlenmesinin-devlete-masrafi-300-milyon-tl\/","title":{"rendered":"(Turkish) &#8221;Benzin de \u00d6TV\u2019nin Sabitlenmesinin Devlete Masraf\u0131 300 Milyon TL&#8221;"},"content":{"rendered":"<p class=\"qtranxs-available-languages-message qtranxs-available-languages-message-en\">Sorry, this entry is only available in <a href=\"https:\/\/www.enerjigazetesi.ist\/tr\/wp-json\/wp\/v2\/posts\/75113\" class=\"qtranxs-available-language-link qtranxs-available-language-link-tr\" title=\"Turkish\">Turkish<\/a>. For the sake of viewer convenience, the content is shown below in the alternative language. You may click the link to switch the active language.<\/p><p><strong>Maliye Bakan\u0131 Naci A\u011fbal sabitlenen benzin ve akaryak\u0131t fiyatlar\u0131yla ilgili konu\u015ftu. A\u011fbal burada yapt\u0131\u011f\u0131 a\u00e7\u0131klamada benzinin fiyat\u0131n\u0131n 6 lira 24 kuru\u015fa sabitlenmesinin devlete bug\u00fcne kadar masraf\u0131n\u0131n 300 milyon TL oldu\u011funu s\u00f6yledi.<\/strong><\/p>\n<p><strong><img loading=\"lazy\" class=\"alignleft size-medium wp-image-13827\" src=\"https:\/\/www.enerjigazetesi.ist\/wp-content\/uploads\/2013\/08\/akaryakit-fiyatlarini-5-firma-ortak-belirliyor-300x191.jpg\" alt=\"\" width=\"300\" height=\"191\" srcset=\"https:\/\/www.enerjigazetesi.ist\/wp-content\/uploads\/2013\/08\/akaryakit-fiyatlarini-5-firma-ortak-belirliyor-300x191.jpg 300w, https:\/\/www.enerjigazetesi.ist\/wp-content\/uploads\/2013\/08\/akaryakit-fiyatlarini-5-firma-ortak-belirliyor-78x50.jpg 78w, https:\/\/www.enerjigazetesi.ist\/wp-content\/uploads\/2013\/08\/akaryakit-fiyatlarini-5-firma-ortak-belirliyor.jpg 443w\" sizes=\"(max-width: 300px) 100vw, 300px\" \/><\/strong>\u0130\u015fte A\u011fbal\u2019\u0131n NTV canl\u0131 yay\u0131n\u0131nda yapt\u0131\u011f\u0131 a\u00e7\u0131klamalarda; &#8220;Petrol fiyatlar\u0131nda son zamanda h\u0131zl\u0131 bir hareketlenme var. Ya\u015fanan art\u0131\u015flar t\u00fcketiciye yans\u0131m\u0131yor. Bunun yerine \u00d6TV\u2019de d\u00fczenlemeler yap\u0131yoruz. Uygulamaya ba\u015flad\u0131\u011f\u0131m\u0131z tarihten itibaren benzinde 19 kuru\u015f motorinde 17 kuru\u015f vergi indirimi yapt\u0131k. Bu indirimlerden kaynakl\u0131 bu g\u00fcne kadar olu\u015fan maliyet 300 milyon lira.&#8221; dedi.<\/p>","protected":false},"excerpt":{"rendered":"<p>Sorry, this entry is only available in Turkish. For the sake of viewer convenience, the content is shown below in the alternative language. You may click the link to switch the active language.Maliye Bakan\u0131 Naci A\u011fbal sabitlenen benzin ve akaryak\u0131t fiyatlar\u0131yla ilgili konu\u015ftu. A\u011fbal burada yapt\u0131\u011f\u0131 a\u00e7\u0131klamada benzinin fiyat\u0131n\u0131n 6 lira 24 kuru\u015fa sabitlenmesinin devlete [&hellip;]<\/p>\n","protected":false},"author":1,"featured_media":13827,"comment_status":"open","ping_status":"open","sticky":false,"template":"","format":"standard","meta":[],"categories":[53,44],"tags":[2289,2142,734,67,1009,35369,36907,2279,34935,2388,34936],"views":524,"_links":{"self":[{"href":"https:\/\/www.enerjigazetesi.ist\/en\/wp-json\/wp\/v2\/posts\/75113"}],"collection":[{"href":"https:\/\/www.enerjigazetesi.ist\/en\/wp-json\/wp\/v2\/posts"}],"about":[{"href":"https:\/\/www.enerjigazetesi.ist\/en\/wp-json\/wp\/v2\/types\/post"}],"author":[{"embeddable":true,"href":"https:\/\/www.enerjigazetesi.ist\/en\/wp-json\/wp\/v2\/users\/1"}],"replies":[{"embeddable":true,"href":"https:\/\/www.enerjigazetesi.ist\/en\/wp-json\/wp\/v2\/comments?post=75113"}],"version-history":[{"count":2,"href":"https:\/\/www.enerjigazetesi.ist\/en\/wp-json\/wp\/v2\/posts\/75113\/revisions"}],"predecessor-version":[{"id":75115,"href":"https:\/\/www.enerjigazetesi.ist\/en\/wp-json\/wp\/v2\/posts\/75113\/revisions\/75115"}],"wp:featuredmedia":[{"embeddable":true,"href":"https:\/\/www.enerjigazetesi.ist\/en\/wp-json\/wp\/v2\/media\/13827"}],"wp:attachment":[{"href":"https:\/\/www.enerjigazetesi.ist\/en\/wp-json\/wp\/v2\/media?parent=75113"}],"wp:term":[{"taxonomy":"category","embeddable":true,"href":"https:\/\/www.enerjigazetesi.ist\/en\/wp-json\/wp\/v2\/categories?post=75113"},{"taxonomy":"post_tag","embeddable":true,"href":"https:\/\/www.enerjigazetesi.ist\/en\/wp-json\/wp\/v2\/tags?post=75113"}],"curies":[{"name":"wp","href":"https:\/\/api.w.org\/{rel}","templated":true}]}}