{"id":75005,"date":"2018-06-08T12:18:27","date_gmt":"2018-06-08T09:18:27","guid":{"rendered":"https:\/\/www.enerjigazetesi.ist\/?p=75005"},"modified":"2018-06-08T12:18:27","modified_gmt":"2018-06-08T09:18:27","slug":"abde-hanehalki-enerji-fiyatlari-2016-yilina-gore-neredeyse-sabit-kaldi","status":"publish","type":"post","link":"https:\/\/www.enerjigazetesi.ist\/en\/abde-hanehalki-enerji-fiyatlari-2016-yilina-gore-neredeyse-sabit-kaldi\/","title":{"rendered":"(Turkish) AB&#8217;de Hanehalk\u0131 Enerji Fiyatlar\u0131 2016 Y\u0131l\u0131na G\u00f6re Neredeyse Sabit Kald\u0131"},"content":{"rendered":"<p class=\"qtranxs-available-languages-message qtranxs-available-languages-message-en\">Sorry, this entry is only available in <a href=\"https:\/\/www.enerjigazetesi.ist\/tr\/wp-json\/wp\/v2\/posts\/75005\" class=\"qtranxs-available-language-link qtranxs-available-language-link-tr\" title=\"Turkish\">Turkish<\/a>. For the sake of viewer convenience, the content is shown below in the alternative language. You may click the link to switch the active language.<\/p><p><\/p>\n<div id=\"wrapper\">\n<div id=\"main\">\n<section id=\"haber7\">\n<div class=\"container\">\n<p><strong>Avrupa Birli\u011fi&#8217;nde (AB) hanehalk\u0131 elektrik fiyatlar\u0131, 2016 y\u0131l\u0131n\u0131n ikinci yar\u0131s\u0131 ile 2017 y\u0131l\u0131n\u0131n ikinci yar\u0131s\u0131 aras\u0131nda hafif\u00e7e gerileyerek (-%0,2) 100 kWh&#8217;de 20.5 \u20ac seviyesinde ger\u00e7ekle\u015fmi\u015ftir. AB \u00dcye \u00dclkeleri genelinde, 2017 y\u0131l\u0131n\u0131n ikinci yar\u0131s\u0131nda elektrik fiyatlar\u0131, Bulgaristan&#8217;da 100 kWh ba\u015f\u0131na 10 \u20ac &#8216;nun alt\u0131nda, Danimarka ve Almanya&#8217;da 100 kWh ba\u015f\u0131na 30 \u20ac&#8217; dan fazla olmu\u015ftur.<\/strong><\/p>\n<p>Hanehalk\u0131 gaz fiyatlar\u0131, AB\u2019de 2016 ve 2017&#8217;nin ikinci yar\u0131s\u0131 aras\u0131nda ortalama %0,5 azalarak 100 kWh ba\u015f\u0131na 6,3 \u20ac seviyesinde ger\u00e7ekle\u015fti. \u00dcye Devletler aras\u0131nda, 2017 y\u0131l\u0131n\u0131n ikinci yar\u0131s\u0131ndaki hane halk\u0131 <img loading=\"lazy\" class=\"alignright size-medium wp-image-75006\" src=\"https:\/\/www.enerjigazetesi.ist\/wp-content\/uploads\/2018\/06\/abde-hanehalki-enerji-fiyatlari-2016-yilina-gore-neredeyse-sabit-kaldi-300x172.jpg\" alt=\"\" width=\"300\" height=\"172\" srcset=\"https:\/\/www.enerjigazetesi.ist\/wp-content\/uploads\/2018\/06\/abde-hanehalki-enerji-fiyatlari-2016-yilina-gore-neredeyse-sabit-kaldi-300x172.jpg 300w, https:\/\/www.enerjigazetesi.ist\/wp-content\/uploads\/2018\/06\/abde-hanehalki-enerji-fiyatlari-2016-yilina-gore-neredeyse-sabit-kaldi-500x286.jpg 500w, https:\/\/www.enerjigazetesi.ist\/wp-content\/uploads\/2018\/06\/abde-hanehalki-enerji-fiyatlari-2016-yilina-gore-neredeyse-sabit-kaldi-80x46.jpg 80w, https:\/\/www.enerjigazetesi.ist\/wp-content\/uploads\/2018\/06\/abde-hanehalki-enerji-fiyatlari-2016-yilina-gore-neredeyse-sabit-kaldi.jpg 640w\" sizes=\"(max-width: 300px) 100vw, 300px\" \/>fiyatlar\u0131, Romanya&#8217;da 100 kWh ba\u015f\u0131na yakla\u015f\u0131k 3 \u20ac &#8216;dan Danimarka&#8217;da 100 kWh ba\u015f\u0131na yakla\u015f\u0131k 9 \u20ac&#8217;ya kadar geni\u015f bir yelpazede bulunmaktad\u0131r.<\/p>\n<p>AB&#8217;deki vergi ve har\u00e7lar, 2017 y\u0131l\u0131n\u0131n ikinci yar\u0131s\u0131nda hanehalklar\u0131na harcanan elektrik fiyat\u0131n\u0131n \u00fc\u00e7te birinden fazlas\u0131n\u0131 (%40), gaz fiyat\u0131n\u0131n d\u00f6rtte birinden fazlas\u0131n\u0131 (%27) olu\u015fturmu\u015ftur. AB&#8217;deki enerji fiyatlar\u0131na ili\u015fkin bu rakamlar, Avrupa Birli\u011fi istatistik b\u00fcrosu Eurostat taraf\u0131ndan yay\u0131nlanan bir makale ile tamamlanmaktad\u0131r.<\/p>\n<p>AB \u00dcye \u00dclkeler aras\u0131nda, hanehalk\u0131 elektrik fiyatlar\u0131ndaki en y\u00fcksek art\u0131\u015f %7,2 ile Romanya\u2019da ger\u00e7ekle\u015firken, onu %7,1 ile Malta, %6,5 ile Estonya, %5,3 ile \u0130ngiltere, %4,8 ile Bulgaristan ve Bel\u00e7ika ve %4,5 ile Polonya izlemektedir. \u00d6te yandan, en fazla g\u00f6ze \u00e7arpan d\u00fc\u015f\u00fc\u015fler ise s\u0131ras\u0131yla %11,1 ile \u0130talya\u2019da, %7,5 ile H\u0131rvatistan\u2019da, %6.2 ile Slovakya\u2019da ve %6 ile Yunanistan\u2019da ger\u00e7ekle\u015fmi\u015ftir.<\/p>\n<p>Euro baz\u0131nda bak\u0131ld\u0131\u011f\u0131nda ortalama hane halk\u0131 elektrik fiyatlar\u0131 2017\u2019nin ikinci yar\u0131nda s\u0131ras\u0131yla en d\u00fc\u015f\u00fck Bulgaristan\u2019da (\u20ac9.8), Litvanya\u2019da (\u20ac11,1) ve Macaristan\u2019da (\u20ac11,3) kaydedilirken, en y\u00fcksek Almanya\u2019da (\u20ac30,5), Danimarka\u2019da (\u20ac30,1) ve Bel\u00e7ika\u2019da (\u20ac28,8) kaydedilmi\u015ftir. Avrupa Birli\u011fi\u2019ndeki ortalama elektrik fiyat\u0131 ortalamada 100kWh ba\u015f\u0131na 20,5 Euro olarak ger\u00e7ekle\u015fmi\u015ftir.<\/p>\n<p>Sat\u0131n alma g\u00fcc\u00fc paritesi baz\u0131nda bak\u0131ld\u0131\u011f\u0131nda ise, \u00fclkelerdeki di\u011fer \u00fcr\u00fcn ve hizmetlerin fiyatlar\u0131na k\u0131yasla en d\u00fc\u015f\u00fck hane halk\u0131 elektrik fiyatlar\u0131 s\u0131ras\u0131yla Finlandiya, L\u00fcksemburg, Hollanda\u2019da; en y\u00fcksek fiyatlar ise Almanya, Portekiz, Bel\u00e7ika, Romanya ve Polonya\u2019da bulunmaktad\u0131r.<\/p>\n<p>Toplam hane halk\u0131 elektrik fiyatlar\u0131nda vergi ve har\u00e7lar\u0131n pay\u0131 \u00dcye \u00dclkeler aras\u0131nda ciddi oranda de\u011fi\u015fmektedir. Vergi ve har\u00e7lar\u0131n oran\u0131 Danimarka\u2019da %69, Almanya\u2019da %55, Portekiz\u2019de %52 iken; Malta\u2019da yaln\u0131zca %5 seviyesinde ger\u00e7ekle\u015fti. AB ortalamas\u0131 olarak bak\u0131ld\u0131\u011f\u0131nda ise vergilerin ortalama oran\u0131 %40 oldu.<\/p>\n<p>Kaynak: <a href=\"http:\/\/ec.europa.eu\/eurostat\/documents\/2995521\/8929363\/8-30052018-AP-EN.pdf\/d1cf8288-e3e1-444b-99ea-0abc2765e970\" target=\"_blank\" rel=\"noopener\"><em>Eurostat<\/em><\/a><\/p>\n<\/div>\n<\/section>\n<\/div>\n<\/div>\n<p><\/p>","protected":false},"excerpt":{"rendered":"<p>Sorry, this entry is only available in Turkish. For the sake of viewer convenience, the content is shown below in the alternative language. You may click the link to switch the active language. Avrupa Birli\u011fi&#8217;nde (AB) hanehalk\u0131 elektrik fiyatlar\u0131, 2016 y\u0131l\u0131n\u0131n ikinci yar\u0131s\u0131 ile 2017 y\u0131l\u0131n\u0131n ikinci yar\u0131s\u0131 aras\u0131nda hafif\u00e7e gerileyerek (-%0,2) 100 kWh&#8217;de 20.5 [&hellip;]<\/p>\n","protected":false},"author":1,"featured_media":75006,"comment_status":"open","ping_status":"open","sticky":false,"template":"","format":"standard","meta":[],"categories":[51,53],"tags":[1192,2132,34979,343,26353,67,1009],"views":702,"_links":{"self":[{"href":"https:\/\/www.enerjigazetesi.ist\/en\/wp-json\/wp\/v2\/posts\/75005"}],"collection":[{"href":"https:\/\/www.enerjigazetesi.ist\/en\/wp-json\/wp\/v2\/posts"}],"about":[{"href":"https:\/\/www.enerjigazetesi.ist\/en\/wp-json\/wp\/v2\/types\/post"}],"author":[{"embeddable":true,"href":"https:\/\/www.enerjigazetesi.ist\/en\/wp-json\/wp\/v2\/users\/1"}],"replies":[{"embeddable":true,"href":"https:\/\/www.enerjigazetesi.ist\/en\/wp-json\/wp\/v2\/comments?post=75005"}],"version-history":[{"count":1,"href":"https:\/\/www.enerjigazetesi.ist\/en\/wp-json\/wp\/v2\/posts\/75005\/revisions"}],"predecessor-version":[{"id":75007,"href":"https:\/\/www.enerjigazetesi.ist\/en\/wp-json\/wp\/v2\/posts\/75005\/revisions\/75007"}],"wp:featuredmedia":[{"embeddable":true,"href":"https:\/\/www.enerjigazetesi.ist\/en\/wp-json\/wp\/v2\/media\/75006"}],"wp:attachment":[{"href":"https:\/\/www.enerjigazetesi.ist\/en\/wp-json\/wp\/v2\/media?parent=75005"}],"wp:term":[{"taxonomy":"category","embeddable":true,"href":"https:\/\/www.enerjigazetesi.ist\/en\/wp-json\/wp\/v2\/categories?post=75005"},{"taxonomy":"post_tag","embeddable":true,"href":"https:\/\/www.enerjigazetesi.ist\/en\/wp-json\/wp\/v2\/tags?post=75005"}],"curies":[{"name":"wp","href":"https:\/\/api.w.org\/{rel}","templated":true}]}}