{"id":74977,"date":"2018-06-08T10:31:32","date_gmt":"2018-06-08T07:31:32","guid":{"rendered":"https:\/\/www.enerjigazetesi.ist\/?p=74977"},"modified":"2018-06-08T10:31:32","modified_gmt":"2018-06-08T07:31:32","slug":"turkiyenin-markasi-turkiye-petrolleri-dev-hedeflerini-acikladi","status":"publish","type":"post","link":"https:\/\/www.enerjigazetesi.ist\/en\/turkiyenin-markasi-turkiye-petrolleri-dev-hedeflerini-acikladi\/","title":{"rendered":"(Turkish) T\u00fcrkiye\u2019nin Markas\u0131 T\u00fcrkiye Petrolleri Dev Hedeflerini A\u00e7\u0131klad\u0131"},"content":{"rendered":"<p class=\"qtranxs-available-languages-message qtranxs-available-languages-message-en\">Sorry, this entry is only available in <a href=\"https:\/\/www.enerjigazetesi.ist\/tr\/wp-json\/wp\/v2\/posts\/74977\" class=\"qtranxs-available-language-link qtranxs-available-language-link-tr\" title=\"Turkish\">Turkish<\/a>. For the sake of viewer convenience, the content is shown below in the alternative language. You may click the link to switch the active language.<\/p><p><strong>Akaryak\u0131t sekt\u00f6r\u00fcn\u00fcn lider kurulu\u015fu T\u00fcrkiye Petrolleri Da\u011f\u0131t\u0131m A.\u015e., 19 ilde d\u00fczenledi\u011fi iftar davetleriyle b\u00f6lge bayilerini a\u011f\u0131rlad\u0131. Yakla\u015f\u0131k 1000 ki\u015finin kat\u0131ld\u0131\u011f\u0131 iftar davetlerinde, T\u00fcrkiye Petrolleri\u2019nin son d\u00f6nem \u00e7al\u0131\u015fmalar\u0131 ve gelecek hedefleri de konu\u015fuldu.<\/strong><\/p>\n<p>Akaryak\u0131t sekt\u00f6r\u00fcn\u00fcn lider kurulu\u015fu T\u00fcrkiye Petrolleri Da\u011f\u0131t\u0131m A.\u015e., yurt \u00e7ap\u0131ndaki bayilerini 19 ilde d\u00fczenledi\u011fi iftar davetlerinde bir araya getirdi. T\u00fcrkiye Petrolleri Y\u00f6netim Kurulu\u2019nun ev sahipli\u011finde <img loading=\"lazy\" class=\"alignright size-medium wp-image-74978\" src=\"https:\/\/www.enerjigazetesi.ist\/wp-content\/uploads\/2018\/06\/turkiyenin-markasi-turkiye-petrolleri-dev-hedeflerini-acikladi-300x292.jpg\" alt=\"\" width=\"300\" height=\"292\" srcset=\"https:\/\/www.enerjigazetesi.ist\/wp-content\/uploads\/2018\/06\/turkiyenin-markasi-turkiye-petrolleri-dev-hedeflerini-acikladi-300x292.jpg 300w, https:\/\/www.enerjigazetesi.ist\/wp-content\/uploads\/2018\/06\/turkiyenin-markasi-turkiye-petrolleri-dev-hedeflerini-acikladi-411x400.jpg 411w, https:\/\/www.enerjigazetesi.ist\/wp-content\/uploads\/2018\/06\/turkiyenin-markasi-turkiye-petrolleri-dev-hedeflerini-acikladi-51x50.jpg 51w, https:\/\/www.enerjigazetesi.ist\/wp-content\/uploads\/2018\/06\/turkiyenin-markasi-turkiye-petrolleri-dev-hedeflerini-acikladi.jpg 502w\" sizes=\"(max-width: 300px) 100vw, 300px\" \/>d\u00fczenlenen ve T\u00fcrkiye Petrolleri\u2019nin son d\u00f6nem projelerinin, bayilere y\u00f6nelik \u00e7al\u0131\u015fmalar\u0131n ve hedeflerinin masaya yat\u0131r\u0131ld\u0131\u011f\u0131 davetlere, 1000 ki\u015fi kat\u0131ld\u0131.<\/p>\n<p><strong>\u201c\u0130stikrarla dev hedeflere y\u00fcr\u00fcyoruz\u201d<\/strong><\/p>\n<p>Kat\u0131ld\u0131\u011f\u0131 davetlerde konu\u015fan T\u00fcrkiye Petrolleri Genel M\u00fcd\u00fcr\u00fc \u00c7a\u011fda\u015f Demira\u011f, T\u00fcrkiye Petrollerinin b\u00fcy\u00fck hedeflerini a\u00e7\u0131klad\u0131: \u201cT\u00fcrkiye\u2019nin markas\u0131 T\u00fcrkiye Petrolleri olarak, istikrarla dev hedeflere y\u00fcr\u00fcyoruz. Oda\u011f\u0131m\u0131zda s\u00fcrekli geli\u015fmek ve b\u00fcy\u00fcmek var. T\u00fcm planlamalar\u0131m\u0131z\u0131 bu ama\u00e7 ve odak noktam\u0131z etraf\u0131nda \u015fekillendiriyoruz. Bu hedefleri ger\u00e7ekle\u015ftirecek g\u00fcce sahibiz. T\u00fcrkiye\u2019nin k\u00f6klerinden gelen de\u011ferlerine ba\u011fl\u0131, g\u00fc\u00e7l\u00fc markas\u0131 T\u00fcrkiye Petrolleri olarak bu hedeflere ilerlerken toplum ve sekt\u00f6r\u00fcm\u00fcz yarar\u0131na faaliyetlerle markam\u0131z\u0131 daha da g\u00fc\u00e7lendirece\u011fiz.\u201d<\/p>\n<p><strong>\u201c\u00dclkemizin d\u00f6rt bir yan\u0131na T\u00fcrkiye Petrolleri\u2019nin ad\u0131n\u0131 yazaca\u011f\u0131z\u201d<\/strong><\/p>\n<p>Demira\u011f s\u00f6zlerine \u015f\u00f6yle devam etti: \u201cB\u00fcy\u00fcme hedeflerimiz do\u011frultusunda T\u00fcrkiye Petrolleri\u2019nin y\u00fcksek kalite ve hizmet anlay\u0131\u015f\u0131n\u0131 \u00fclkemizin her yerine g\u00f6t\u00fcrmeyi planl\u0131yoruz. Bu kapsamda titiz \u00e7al\u0131\u015fmalar y\u00fcr\u00fct\u00fcyoruz. \u0130lerleyen d\u00f6nemde istasyonlar\u0131m\u0131z\u0131n say\u0131s\u0131n\u0131 art\u0131rarak \u00fclkemizin d\u00f6rt bir yan\u0131na T\u00fcrkiye Petrolleri\u2019nin ad\u0131n\u0131 yazaca\u011f\u0131z.\u201d<\/p>\n<p><strong>T\u00fcrkiye Petrolleri bayileriyle birlikte b\u00fcy\u00fcyecek<\/strong><\/p>\n<p>T\u00fcrkiye Petrolleri\u2019nin en \u00f6nemli g\u00fc\u00e7 kaynaklar\u0131ndan birinin bayileri oldu\u011funu belirten T\u00fcrkiye Petrolleri Genel M\u00fcd\u00fcr\u00fc \u00c7a\u011fda\u015f Demira\u011f; \u201cDev hedeflere ilerlerken bayilerimizle birlikte b\u00fcy\u00fcmeyi planl\u0131yoruz. Bu s\u00fcre\u00e7te net prensibimiz her zaman bayilerimizin yan\u0131nda yer al\u0131p onlar\u0131n en b\u00fcy\u00fck destek\u00e7isi olmak. \u00d6n\u00fcm\u00fczde uzun bir yol olsa da hedeflerimize ula\u015faca\u011f\u0131m\u0131za inanc\u0131m\u0131z tam\u201d dedi<\/p>","protected":false},"excerpt":{"rendered":"<p>Sorry, this entry is only available in Turkish. For the sake of viewer convenience, the content is shown below in the alternative language. You may click the link to switch the active language.Akaryak\u0131t sekt\u00f6r\u00fcn\u00fcn lider kurulu\u015fu T\u00fcrkiye Petrolleri Da\u011f\u0131t\u0131m A.\u015e., 19 ilde d\u00fczenledi\u011fi iftar davetleriyle b\u00f6lge bayilerini a\u011f\u0131rlad\u0131. Yakla\u015f\u0131k 1000 ki\u015finin kat\u0131ld\u0131\u011f\u0131 iftar davetlerinde, T\u00fcrkiye [&hellip;]<\/p>\n","protected":false},"author":1,"featured_media":74978,"comment_status":"open","ping_status":"open","sticky":false,"template":"","format":"standard","meta":[],"categories":[53,44],"tags":[67,1009,34935,2388,34936,6154,2794,37875],"views":1232,"_links":{"self":[{"href":"https:\/\/www.enerjigazetesi.ist\/en\/wp-json\/wp\/v2\/posts\/74977"}],"collection":[{"href":"https:\/\/www.enerjigazetesi.ist\/en\/wp-json\/wp\/v2\/posts"}],"about":[{"href":"https:\/\/www.enerjigazetesi.ist\/en\/wp-json\/wp\/v2\/types\/post"}],"author":[{"embeddable":true,"href":"https:\/\/www.enerjigazetesi.ist\/en\/wp-json\/wp\/v2\/users\/1"}],"replies":[{"embeddable":true,"href":"https:\/\/www.enerjigazetesi.ist\/en\/wp-json\/wp\/v2\/comments?post=74977"}],"version-history":[{"count":1,"href":"https:\/\/www.enerjigazetesi.ist\/en\/wp-json\/wp\/v2\/posts\/74977\/revisions"}],"predecessor-version":[{"id":74979,"href":"https:\/\/www.enerjigazetesi.ist\/en\/wp-json\/wp\/v2\/posts\/74977\/revisions\/74979"}],"wp:featuredmedia":[{"embeddable":true,"href":"https:\/\/www.enerjigazetesi.ist\/en\/wp-json\/wp\/v2\/media\/74978"}],"wp:attachment":[{"href":"https:\/\/www.enerjigazetesi.ist\/en\/wp-json\/wp\/v2\/media?parent=74977"}],"wp:term":[{"taxonomy":"category","embeddable":true,"href":"https:\/\/www.enerjigazetesi.ist\/en\/wp-json\/wp\/v2\/categories?post=74977"},{"taxonomy":"post_tag","embeddable":true,"href":"https:\/\/www.enerjigazetesi.ist\/en\/wp-json\/wp\/v2\/tags?post=74977"}],"curies":[{"name":"wp","href":"https:\/\/api.w.org\/{rel}","templated":true}]}}