{"id":74940,"date":"2018-06-07T07:49:06","date_gmt":"2018-06-07T04:49:06","guid":{"rendered":"https:\/\/www.enerjigazetesi.ist\/?p=74940"},"modified":"2018-06-07T07:50:07","modified_gmt":"2018-06-07T04:50:07","slug":"irandan-uranyum-zenginlestirme-kapasitesini-yukseltmek-istegi","status":"publish","type":"post","link":"https:\/\/www.enerjigazetesi.ist\/en\/irandan-uranyum-zenginlestirme-kapasitesini-yukseltmek-istegi\/","title":{"rendered":"(Turkish) \u0130ran&#8217;dan Uranyum Zenginle\u015ftirme Kapasitesini Y\u00fckseltme \u0130ste\u011fi"},"content":{"rendered":"<p class=\"qtranxs-available-languages-message qtranxs-available-languages-message-en\">Sorry, this entry is only available in <a href=\"https:\/\/www.enerjigazetesi.ist\/tr\/wp-json\/wp\/v2\/posts\/74940\" class=\"qtranxs-available-language-link qtranxs-available-language-link-tr\" title=\"Turkish\">Turkish<\/a>. For the sake of viewer convenience, the content is shown below in the alternative language. You may click the link to switch the active language.<\/p><p><strong>\u0130ran Atom Enerjisi Kurumu Ba\u015fkan\u0131 Ali Ekber Salihi, \u00fclkesinin uranyum zenginle\u015ftirme kapasitesini y\u00fckseltecek plan\u0131 hayata ge\u00e7irdiklerini Uluslararas\u0131 Atom Enerjisi Ajans\u0131\u2019na bildirdiklerini duyurdu.<img loading=\"lazy\" class=\"alignright size-medium wp-image-74941\" src=\"https:\/\/www.enerjigazetesi.ist\/wp-content\/uploads\/2018\/06\/irandan-uranyum-zenginlestirme-kapasitesini-yukseltmek-istegi-300x200.jpg\" alt=\"\" width=\"300\" height=\"200\" srcset=\"https:\/\/www.enerjigazetesi.ist\/wp-content\/uploads\/2018\/06\/irandan-uranyum-zenginlestirme-kapasitesini-yukseltmek-istegi-300x200.jpg 300w, https:\/\/www.enerjigazetesi.ist\/wp-content\/uploads\/2018\/06\/irandan-uranyum-zenginlestirme-kapasitesini-yukseltmek-istegi-500x333.jpg 500w, https:\/\/www.enerjigazetesi.ist\/wp-content\/uploads\/2018\/06\/irandan-uranyum-zenginlestirme-kapasitesini-yukseltmek-istegi-75x50.jpg 75w, https:\/\/www.enerjigazetesi.ist\/wp-content\/uploads\/2018\/06\/irandan-uranyum-zenginlestirme-kapasitesini-yukseltmek-istegi.jpg 696w\" sizes=\"(max-width: 300px) 100vw, 300px\" \/><\/strong><\/p>\n<p><span id=\"more-100269\"><\/span>Salihi, \u0130ran\u2019\u0131n uranyum zenginle\u015ftirme kapasitesini y\u00fckseltecek plan\u0131 hayata ge\u00e7irdikleri konusunda Birle\u015fmi\u015f Milletler b\u00fcnyesinde faaliyet g\u00f6steren ba\u011f\u0131ms\u0131z kurum Uluslararas\u0131 Atom Enerjisi Ajans\u0131\u2019n\u0131 bilgilendirdiklerini s\u00f6yledi. Salihi\u201d Belirli faaliyetlerin ba\u015flayaca\u011f\u0131 konusundaki mektup ajansa g\u00f6nderildi\u201d dedi. Muhafazakarlara yak\u0131n Fars haber ajans\u0131n\u0131n aktard\u0131\u011f\u0131na g\u00f6re Salihi \u201d E\u011fer \u015fartlar olu\u015fursa belki yar\u0131n gece Natanz\u2019da yeni santrif\u00fcjlerin \u00fcretim merkezinin a\u00e7\u0131l\u0131\u015f\u0131n\u0131 ilan edebiliriz\u201d diye konu\u015ftu.<\/p>\n<p>Salihi\u2019den \u00f6nce a\u00e7\u0131klama yapan \u0130ran Atom Enerjisi Kurumu Ba\u015fkan Yard\u0131mc\u0131s\u0131 Behruz Kamalvandi d\u00fcn itibar\u0131yla UF6 (uranyum heksaflorid) ve UF4 (uranyum tetraflorid) \u00fcretmek i\u00e7in kapasite y\u00fckseltme i\u015flemine ba\u015flayacaklar\u0131n\u0131 ve bu konuda Uluslararas\u0131 Atom Enerjisi Ajans\u0131\u2019na mektup sunacaklar\u0131n\u0131 s\u00f6ylemi\u015fti. Pazartesi g\u00fcn\u00fc ise \u0130ran\u2019\u0131n dini lideri Ayetullah Ali Hamaney, \u0130ran Atom Enerjisi Kurumu\u2019na 2015 anla\u015fmas\u0131na ba\u011fl\u0131 olarak \u2018190 bin santrif\u00fcj \u00fcretilmesi haz\u0131rl\u0131klar\u0131na ba\u015flanmas\u0131\u2019 talimat\u0131n\u0131 vermi\u015fti.<\/p>","protected":false},"excerpt":{"rendered":"<p>Sorry, this entry is only available in Turkish. For the sake of viewer convenience, the content is shown below in the alternative language. You may click the link to switch the active language.\u0130ran Atom Enerjisi Kurumu Ba\u015fkan\u0131 Ali Ekber Salihi, \u00fclkesinin uranyum zenginle\u015ftirme kapasitesini y\u00fckseltecek plan\u0131 hayata ge\u00e7irdiklerini Uluslararas\u0131 Atom Enerjisi Ajans\u0131\u2019na bildirdiklerini duyurdu. Salihi, [&hellip;]<\/p>\n","protected":false},"author":1,"featured_media":74941,"comment_status":"open","ping_status":"open","sticky":false,"template":"","format":"standard","meta":[],"categories":[53,43],"tags":[67,1009,1333,37866,23134,33414,34930,6374,12635],"views":694,"_links":{"self":[{"href":"https:\/\/www.enerjigazetesi.ist\/en\/wp-json\/wp\/v2\/posts\/74940"}],"collection":[{"href":"https:\/\/www.enerjigazetesi.ist\/en\/wp-json\/wp\/v2\/posts"}],"about":[{"href":"https:\/\/www.enerjigazetesi.ist\/en\/wp-json\/wp\/v2\/types\/post"}],"author":[{"embeddable":true,"href":"https:\/\/www.enerjigazetesi.ist\/en\/wp-json\/wp\/v2\/users\/1"}],"replies":[{"embeddable":true,"href":"https:\/\/www.enerjigazetesi.ist\/en\/wp-json\/wp\/v2\/comments?post=74940"}],"version-history":[{"count":2,"href":"https:\/\/www.enerjigazetesi.ist\/en\/wp-json\/wp\/v2\/posts\/74940\/revisions"}],"predecessor-version":[{"id":74944,"href":"https:\/\/www.enerjigazetesi.ist\/en\/wp-json\/wp\/v2\/posts\/74940\/revisions\/74944"}],"wp:featuredmedia":[{"embeddable":true,"href":"https:\/\/www.enerjigazetesi.ist\/en\/wp-json\/wp\/v2\/media\/74941"}],"wp:attachment":[{"href":"https:\/\/www.enerjigazetesi.ist\/en\/wp-json\/wp\/v2\/media?parent=74940"}],"wp:term":[{"taxonomy":"category","embeddable":true,"href":"https:\/\/www.enerjigazetesi.ist\/en\/wp-json\/wp\/v2\/categories?post=74940"},{"taxonomy":"post_tag","embeddable":true,"href":"https:\/\/www.enerjigazetesi.ist\/en\/wp-json\/wp\/v2\/tags?post=74940"}],"curies":[{"name":"wp","href":"https:\/\/api.w.org\/{rel}","templated":true}]}}