{"id":74917,"date":"2018-06-06T17:09:22","date_gmt":"2018-06-06T14:09:22","guid":{"rendered":"https:\/\/www.enerjigazetesi.ist\/?p=74917"},"modified":"2018-06-06T17:09:22","modified_gmt":"2018-06-06T14:09:22","slug":"greeneco-enerji-turkiyenin-yesil-enerjisi-icin-calisiyor","status":"publish","type":"post","link":"https:\/\/www.enerjigazetesi.ist\/en\/greeneco-enerji-turkiyenin-yesil-enerjisi-icin-calisiyor\/","title":{"rendered":"(Turkish) Greeneco Enerji T\u00fcrkiye\u2019nin Ye\u015fil Enerjisi \u0130\u00e7in \u00c7al\u0131\u015f\u0131yor"},"content":{"rendered":"<p class=\"qtranxs-available-languages-message qtranxs-available-languages-message-en\">Sorry, this entry is only available in <a href=\"https:\/\/www.enerjigazetesi.ist\/tr\/wp-json\/wp\/v2\/posts\/74917\" class=\"qtranxs-available-language-link qtranxs-available-language-link-tr\" title=\"Turkish\">Turkish<\/a>. For the sake of viewer convenience, the content is shown below in the alternative language. You may click the link to switch the active language.<\/p><p><strong>T\u00fcrkiye\u2019nin yerli t\u00fcrbin kullan\u0131larak kurulan ilk jeotermal enerji santrali Greeneco Enerji, 420 milyon KW\u2019lik \u00fcretim hacmiyle \u00fclkemizin artan enerji ihtiyac\u0131n\u0131n \u00e7evreci ve yenilenebilir enerji kaynaklar\u0131 ile kar\u015f\u0131lanmas\u0131 i\u00e7in var g\u00fcc\u00fcyle \u00e7al\u0131\u015f\u0131yor. <\/strong><\/p>\n<p>Denizli-Sarayk\u00f6y-Tekke b\u00f6lgesinde 2 bin 250 hektarl\u0131k jeotermal \u00fcretim alan\u0131nda faaliyetlerini s\u00fcrd\u00fcren <strong>Greeneco Enerji<\/strong>, \u00fclkemizin artan enerji ihtiyac\u0131n\u0131n, ithal girdiye ihtiya\u00e7 duymaks\u0131z\u0131n, \u00e7evreci ve <img loading=\"lazy\" class=\"alignright size-medium wp-image-74918\" src=\"https:\/\/www.enerjigazetesi.ist\/wp-content\/uploads\/2018\/06\/greeneco-enerji-turkiyenin-yesil-enerjisi-icin-calisiyor-300x144.jpg\" alt=\"\" width=\"300\" height=\"144\" srcset=\"https:\/\/www.enerjigazetesi.ist\/wp-content\/uploads\/2018\/06\/greeneco-enerji-turkiyenin-yesil-enerjisi-icin-calisiyor-300x144.jpg 300w, https:\/\/www.enerjigazetesi.ist\/wp-content\/uploads\/2018\/06\/greeneco-enerji-turkiyenin-yesil-enerjisi-icin-calisiyor-768x368.jpg 768w, https:\/\/www.enerjigazetesi.ist\/wp-content\/uploads\/2018\/06\/greeneco-enerji-turkiyenin-yesil-enerjisi-icin-calisiyor-500x240.jpg 500w, https:\/\/www.enerjigazetesi.ist\/wp-content\/uploads\/2018\/06\/greeneco-enerji-turkiyenin-yesil-enerjisi-icin-calisiyor-80x38.jpg 80w, https:\/\/www.enerjigazetesi.ist\/wp-content\/uploads\/2018\/06\/greeneco-enerji-turkiyenin-yesil-enerjisi-icin-calisiyor.jpg 918w\" sizes=\"(max-width: 300px) 100vw, 300px\" \/>yenilenebilir enerji kaynaklar\u0131 ile kar\u015f\u0131lanmas\u0131 i\u00e7in \u00e7al\u0131\u015f\u0131yor. Yerli ve yenilenebilir enerji kaynaklar\u0131 ile s\u00fcrd\u00fcr\u00fclebilir, ekonomik, temiz, insanl\u0131k i\u00e7in faydal\u0131, \u00e7evreye sayg\u0131l\u0131 enerji \u00fcretmek amac\u0131yla \u00e7al\u0131\u015fan <strong>Greeneco Enerji<\/strong>, T\u00fcrkiye\u2019nin enerji \u00fcretim hedeflerine b\u00fcy\u00fck bir katk\u0131 sunuyor. D\u00fcnya \u00c7evre G\u00fcn\u00fc\u2019ne \u00f6zel a\u00e7\u0131klamalarda bulunan <strong>Greeneco Enerji Elektrik \u00dcretim A.\u015e. Y\u00f6netim Kurulu Ba\u015fkan\u0131 Kamil \u00d6zda\u011f<\/strong>, \u201cGreeneco Enerji olarak \u00e7evre dostu enerji \u00fcretmek amac\u0131yla \u00e7al\u0131\u015fmalar\u0131m\u0131z\u0131 t\u00fcm h\u0131z\u0131yla s\u00fcrd\u00fcr\u00fcyoruz. D\u00fcnya \u00c7evre G\u00fcn\u00fc\u2019n\u00fc kutlad\u0131\u011f\u0131m\u0131z bu \u00f6nemli g\u00fcnde, 420 milyon KW\u2019lik \u00fcretim hacmimizi k\u0131sa vadede y\u00fczde 100 art\u0131raca\u011f\u0131m\u0131z\u0131n bilgisini vermekten mutluluk duyuyorum. Greeneco olarak T\u00fcrkiye\u2019nin artan enerji ihtiyac\u0131n\u0131 ye\u015fil enerjiyle kar\u015f\u0131lamak ve \u00fclkemizin 2023 hedefleri kapsam\u0131nda yer alan; elektri\u011fin en az y\u00fczde 30&#8217;unun yenilenebilir kaynaklardan sa\u011flanmas\u0131 i\u00e7in \u00e7al\u0131\u015fmalar\u0131m\u0131z\u0131 ve yat\u0131r\u0131mlar\u0131m\u0131z\u0131 s\u00fcrd\u00fcr\u00fcyoruz\u201d dedi.<\/p>","protected":false},"excerpt":{"rendered":"<p>Sorry, this entry is only available in Turkish. For the sake of viewer convenience, the content is shown below in the alternative language. You may click the link to switch the active language.T\u00fcrkiye\u2019nin yerli t\u00fcrbin kullan\u0131larak kurulan ilk jeotermal enerji santrali Greeneco Enerji, 420 milyon KW\u2019lik \u00fcretim hacmiyle \u00fclkemizin artan enerji ihtiyac\u0131n\u0131n \u00e7evreci ve yenilenebilir [&hellip;]<\/p>\n","protected":false},"author":1,"featured_media":74918,"comment_status":"open","ping_status":"open","sticky":false,"template":"","format":"standard","meta":[],"categories":[51,53,48],"tags":[67,1009,5211,35040,34985,26829,218],"views":748,"_links":{"self":[{"href":"https:\/\/www.enerjigazetesi.ist\/en\/wp-json\/wp\/v2\/posts\/74917"}],"collection":[{"href":"https:\/\/www.enerjigazetesi.ist\/en\/wp-json\/wp\/v2\/posts"}],"about":[{"href":"https:\/\/www.enerjigazetesi.ist\/en\/wp-json\/wp\/v2\/types\/post"}],"author":[{"embeddable":true,"href":"https:\/\/www.enerjigazetesi.ist\/en\/wp-json\/wp\/v2\/users\/1"}],"replies":[{"embeddable":true,"href":"https:\/\/www.enerjigazetesi.ist\/en\/wp-json\/wp\/v2\/comments?post=74917"}],"version-history":[{"count":1,"href":"https:\/\/www.enerjigazetesi.ist\/en\/wp-json\/wp\/v2\/posts\/74917\/revisions"}],"predecessor-version":[{"id":74919,"href":"https:\/\/www.enerjigazetesi.ist\/en\/wp-json\/wp\/v2\/posts\/74917\/revisions\/74919"}],"wp:featuredmedia":[{"embeddable":true,"href":"https:\/\/www.enerjigazetesi.ist\/en\/wp-json\/wp\/v2\/media\/74918"}],"wp:attachment":[{"href":"https:\/\/www.enerjigazetesi.ist\/en\/wp-json\/wp\/v2\/media?parent=74917"}],"wp:term":[{"taxonomy":"category","embeddable":true,"href":"https:\/\/www.enerjigazetesi.ist\/en\/wp-json\/wp\/v2\/categories?post=74917"},{"taxonomy":"post_tag","embeddable":true,"href":"https:\/\/www.enerjigazetesi.ist\/en\/wp-json\/wp\/v2\/tags?post=74917"}],"curies":[{"name":"wp","href":"https:\/\/api.w.org\/{rel}","templated":true}]}}