{"id":74892,"date":"2018-06-05T14:33:02","date_gmt":"2018-06-05T11:33:02","guid":{"rendered":"https:\/\/www.enerjigazetesi.ist\/?p=74892"},"modified":"2018-06-05T14:33:02","modified_gmt":"2018-06-05T11:33:02","slug":"tekfen-insaattan-azerbaycanda-stratejik-isbirligi-imzasi","status":"publish","type":"post","link":"https:\/\/www.enerjigazetesi.ist\/en\/tekfen-insaattan-azerbaycanda-stratejik-isbirligi-imzasi\/","title":{"rendered":"(Turkish) Tekfen \u0130n\u015faat&#8217;tan Azerbaycan&#8217;da Stratejik \u0130\u015fbirli\u011fi \u0130mzas\u0131"},"content":{"rendered":"<p class=\"qtranxs-available-languages-message qtranxs-available-languages-message-en\">Sorry, this entry is only available in <a href=\"https:\/\/www.enerjigazetesi.ist\/tr\/wp-json\/wp\/v2\/posts\/74892\" class=\"qtranxs-available-language-link qtranxs-available-language-link-tr\" title=\"Turkish\">Turkish<\/a>. For the sake of viewer convenience, the content is shown below in the alternative language. You may click the link to switch the active language.<\/p><p><strong>Tekfen \u0130n\u015faat, Azerbaycan Enerji Bakanl\u0131\u011f\u0131 ile \u201cYenilenebilir Enerji Projelerinin Geli\u015ftirilmesi Konusunda Stratejik \u0130\u015fbirli\u011fi\u201d niyet mektubunu imzalad\u0131.<\/strong><\/p>\n<p>Tekfen \u0130n\u015faat Genel M\u00fcd\u00fcr\u00fc Levent Kafkasl\u0131, 25. Caspian Oil &amp; Gas Fuar\u0131\u2019nda Azerbaycan Enerji Bakan Yard\u0131mc\u0131s\u0131 Samir Veliyev ile bir araya geldi. Bu bulu\u015fmada yenilenebilir enerji projelerinin geli\u015ftirilmesi <img loading=\"lazy\" class=\"alignright size-medium wp-image-74893\" src=\"https:\/\/www.enerjigazetesi.ist\/wp-content\/uploads\/2018\/06\/tekfen-insaattan-azerbaycanda-stratejik-isbirligi-imzasi-300x225.jpg\" alt=\"\" width=\"300\" height=\"225\" srcset=\"https:\/\/www.enerjigazetesi.ist\/wp-content\/uploads\/2018\/06\/tekfen-insaattan-azerbaycanda-stratejik-isbirligi-imzasi-300x225.jpg 300w, https:\/\/www.enerjigazetesi.ist\/wp-content\/uploads\/2018\/06\/tekfen-insaattan-azerbaycanda-stratejik-isbirligi-imzasi-500x375.jpg 500w, https:\/\/www.enerjigazetesi.ist\/wp-content\/uploads\/2018\/06\/tekfen-insaattan-azerbaycanda-stratejik-isbirligi-imzasi-67x50.jpg 67w, https:\/\/www.enerjigazetesi.ist\/wp-content\/uploads\/2018\/06\/tekfen-insaattan-azerbaycanda-stratejik-isbirligi-imzasi.jpg 651w\" sizes=\"(max-width: 300px) 100vw, 300px\" \/>konusunda stratejik i\u015fbirli\u011fi kapsam\u0131nda bir niyet mektubu imzaland\u0131.<\/p>\n<p>1996 y\u0131l\u0131ndan beri faaliyet g\u00f6sterdi\u011fi Azerbaycan\u2019da, petrol ve gaz sanayi tesisleri, stadyum ve y\u00fcksek yap\u0131lar olmak \u00fczere \u00e7ok say\u0131da ileri teknolojiye sahip projeye imza atan Tekfen \u0130n\u015faat, Hazar B\u00f6lgesi\u2019nde stratejik \u00f6nemini ve ekonomik g\u00fcc\u00fcn\u00fc her ge\u00e7en g\u00fcn art\u0131ran \u00fclkede, i\u015fverenlerin tercih etti\u011fi g\u00fcvenilir bir \u00e7\u00f6z\u00fcm orta\u011f\u0131 olmaya devam ediyor.<\/p>\n<p>Tekfen \u0130n\u015faat, bug\u00fcne kadar BTC Ham Petrol Boru Hatt\u0131, \u015eahdeniz Faz 1 ve Faz 2 \u00e7er\u00e7evesinde, boru hatt\u0131, petrol ve do\u011falgaz terminalleri ile deniz platformlar\u0131 olmak \u00fczere, petrol ve gaza dayal\u0131 enerji alanlar\u0131nda \u00e7ok say\u0131da proje ger\u00e7ekle\u015ftirdi. \u015eimdi de Azerbaycan\u2019\u0131n 2025 Stratejik Yol Haritas\u0131\u2019nda yer alan Alternatif ve Yenilenebilir Enerji Sahalar\u0131\u2019n\u0131n Geli\u015ftirilmesi konusunda da \u00fclkenin hizmetinde olmaya devam edecek.<\/p>\n<p>Portf\u00f6y \u00e7e\u015fitlili\u011finin art\u0131r\u0131lmas\u0131na stratejik \u00f6ncelik veren Tekfen \u0130n\u015faat\u2019\u0131n bu y\u00f6ndeki somut ad\u0131mlar\u0131ndan biri de, yenilenebilir enerji konusunda daha aktif rol almak olacak. Azerbaycan Enerji Bakanl\u0131\u011f\u0131 ile 29 May\u0131s 2018 tarihinde at\u0131lan bu imza, bu a\u00e7\u0131dan da b\u00fcy\u00fck \u00f6nem ta\u015f\u0131yor.<\/p>\n<p>\u0130mza t\u00f6reninde haz\u0131r bulunan <strong>Tekfen \u0130n\u015faat Genel M\u00fcd\u00fcr\u00fc Levent Kafkasl\u0131<\/strong> niyet mektubunu \u201c1996 y\u0131l\u0131ndan bu yana kesintisiz olarak i\u015f yapt\u0131\u011f\u0131m\u0131z Azerbaycan\u2019\u0131n ekonomik geli\u015fimine \u00f6nemli katk\u0131larda bulunuyoruz. Bu imzayla b\u00f6lgedeki i\u015fbirliklerimizi, yenilenebilir enerji projelerini de dahil ederek geni\u015fletmeyi planl\u0131yoruz. Do\u011fal enerji kaynaklar\u0131 a\u00e7\u0131s\u0131ndan zengin bir \u00fclke olan Azerbaycan\u2019\u0131n, s\u00fcrd\u00fcr\u00fclebilir bir gelecek vizyonu ile yenilenebilir enerji alan\u0131nda yat\u0131r\u0131m yapmay\u0131 hedeflemesi, bu alanda bir at\u0131l\u0131m yapma niyetinde olan Tekfen \u0130n\u015faat i\u00e7in potansiyel yat\u0131r\u0131m olanaklar\u0131n\u0131n tespiti ve fizibilite \u00e7al\u0131\u015fmalar\u0131n\u0131 birlikte ger\u00e7ekle\u015ftirebilmek ad\u0131na \u00e7ok \u00f6nemli bir f\u0131rsat.\u201d s\u00f6zleriyle de\u011ferlendirdi.<\/p>","protected":false},"excerpt":{"rendered":"<p>Sorry, this entry is only available in Turkish. For the sake of viewer convenience, the content is shown below in the alternative language. You may click the link to switch the active language.Tekfen \u0130n\u015faat, Azerbaycan Enerji Bakanl\u0131\u011f\u0131 ile \u201cYenilenebilir Enerji Projelerinin Geli\u015ftirilmesi Konusunda Stratejik \u0130\u015fbirli\u011fi\u201d niyet mektubunu imzalad\u0131. Tekfen \u0130n\u015faat Genel M\u00fcd\u00fcr\u00fc Levent Kafkasl\u0131, 25. [&hellip;]<\/p>\n","protected":false},"author":1,"featured_media":74893,"comment_status":"open","ping_status":"open","sticky":false,"template":"","format":"standard","meta":[],"categories":[53,49,50],"tags":[37850,67,1009,23416,23131,37851,5748,3866],"views":781,"_links":{"self":[{"href":"https:\/\/www.enerjigazetesi.ist\/en\/wp-json\/wp\/v2\/posts\/74892"}],"collection":[{"href":"https:\/\/www.enerjigazetesi.ist\/en\/wp-json\/wp\/v2\/posts"}],"about":[{"href":"https:\/\/www.enerjigazetesi.ist\/en\/wp-json\/wp\/v2\/types\/post"}],"author":[{"embeddable":true,"href":"https:\/\/www.enerjigazetesi.ist\/en\/wp-json\/wp\/v2\/users\/1"}],"replies":[{"embeddable":true,"href":"https:\/\/www.enerjigazetesi.ist\/en\/wp-json\/wp\/v2\/comments?post=74892"}],"version-history":[{"count":1,"href":"https:\/\/www.enerjigazetesi.ist\/en\/wp-json\/wp\/v2\/posts\/74892\/revisions"}],"predecessor-version":[{"id":74894,"href":"https:\/\/www.enerjigazetesi.ist\/en\/wp-json\/wp\/v2\/posts\/74892\/revisions\/74894"}],"wp:featuredmedia":[{"embeddable":true,"href":"https:\/\/www.enerjigazetesi.ist\/en\/wp-json\/wp\/v2\/media\/74893"}],"wp:attachment":[{"href":"https:\/\/www.enerjigazetesi.ist\/en\/wp-json\/wp\/v2\/media?parent=74892"}],"wp:term":[{"taxonomy":"category","embeddable":true,"href":"https:\/\/www.enerjigazetesi.ist\/en\/wp-json\/wp\/v2\/categories?post=74892"},{"taxonomy":"post_tag","embeddable":true,"href":"https:\/\/www.enerjigazetesi.ist\/en\/wp-json\/wp\/v2\/tags?post=74892"}],"curies":[{"name":"wp","href":"https:\/\/api.w.org\/{rel}","templated":true}]}}