{"id":74889,"date":"2018-06-05T14:24:47","date_gmt":"2018-06-05T11:24:47","guid":{"rendered":"https:\/\/www.enerjigazetesi.ist\/?p=74889"},"modified":"2018-06-05T14:24:47","modified_gmt":"2018-06-05T11:24:47","slug":"aytemizden-motorcu-dostu-trafik-projesiyle-trafikte-empati-hareketi","status":"publish","type":"post","link":"https:\/\/www.enerjigazetesi.ist\/en\/aytemizden-motorcu-dostu-trafik-projesiyle-trafikte-empati-hareketi\/","title":{"rendered":"(Turkish) Aytemiz&#8217;den \u201cMotorcu Dostu Trafik\u201d Projesiyle Trafikte Empati Hareketi"},"content":{"rendered":"<p class=\"qtranxs-available-languages-message qtranxs-available-languages-message-en\">Sorry, this entry is only available in <a href=\"https:\/\/www.enerjigazetesi.ist\/tr\/wp-json\/wp\/v2\/posts\/74889\" class=\"qtranxs-available-language-link qtranxs-available-language-link-tr\" title=\"Turkish\">Turkish<\/a>. For the sake of viewer convenience, the content is shown below in the alternative language. You may click the link to switch the active language.<\/p><p><strong>\u201cMotorcu Dostu \u0130stasyon\u201d Projesi ile motosiklet kullan\u0131c\u0131lar\u0131n\u0131n hayat\u0131n\u0131 kolayla\u015ft\u0131ran Aytemiz, \u015fimdi de \u201cMotorcu Dostu Trafik\u201d projesi ile trafikte \u2018kendini kar\u015f\u0131s\u0131ndakinin yerine koyma\u2019ya dayal\u0131 yepyeni bir kurumsal sosyal sorumluluk projesini hayata ge\u00e7iriyor.<\/strong><\/p>\n<p>T\u00fcrkiye\u2019nin en h\u0131zl\u0131 b\u00fcy\u00fcyen, tamam\u0131 yerli sermayeli akaryak\u0131t markas\u0131 Aytemiz, yine ad\u0131ndan s\u00f6z ettirecek bir projeyi daha hayata ge\u00e7iriyor. Motorcu Dostu \u0130stasyon Projesi ile ba\u015flayan, ard\u0131ndan <img loading=\"lazy\" class=\"alignleft size-medium wp-image-74890\" src=\"https:\/\/www.enerjigazetesi.ist\/wp-content\/uploads\/2018\/06\/aytemizden-motorcu-dostu-trafik-projesiyle-trafikte-empati-hareketi-2-300x200.jpg\" alt=\"\" width=\"300\" height=\"200\" srcset=\"https:\/\/www.enerjigazetesi.ist\/wp-content\/uploads\/2018\/06\/aytemizden-motorcu-dostu-trafik-projesiyle-trafikte-empati-hareketi-2-300x200.jpg 300w, https:\/\/www.enerjigazetesi.ist\/wp-content\/uploads\/2018\/06\/aytemizden-motorcu-dostu-trafik-projesiyle-trafikte-empati-hareketi-2-500x333.jpg 500w, https:\/\/www.enerjigazetesi.ist\/wp-content\/uploads\/2018\/06\/aytemizden-motorcu-dostu-trafik-projesiyle-trafikte-empati-hareketi-2-75x50.jpg 75w, https:\/\/www.enerjigazetesi.ist\/wp-content\/uploads\/2018\/06\/aytemizden-motorcu-dostu-trafik-projesiyle-trafikte-empati-hareketi-2.jpg 732w\" sizes=\"(max-width: 300px) 100vw, 300px\" \/>Elektrikli Ara\u00e7 \u015earj Noktalar\u0131 ve \u00dccretsiz \u0130nternet gibi sekt\u00f6rde pek \u00e7ok ilki temsil eden \u015fa\u015f\u0131rtan hizmetleriyle son d\u00f6nemde ad\u0131ndan s\u0131k\u00e7a s\u00f6z ettiren Aytemiz, \u015fimdi de Motorcu Dostu Trafik ile trafikte kar\u015f\u0131l\u0131kl\u0131 anlay\u0131\u015fa dayal\u0131 yepyeni bir kurumsal sosyal sorumluluk projesini hayata ge\u00e7iriyor. \u201cMotorcu Dostu \u0130stasyon\u201d projesinin bir ileri a\u015famas\u0131 olarak, \u201cMotorcu Dostu Trafik\u201d sosyal sorumluluk projesini \u201ctrafikte empati hareketi\u201d s\u00f6ylemi ile hayata ge\u00e7iren Aytemiz, trafikteki motosiklet ve di\u011fer ta\u015f\u0131t kullan\u0131c\u0131lar\u0131n\u0131n birbirlerini daha iyi anlamas\u0131 ve g\u00fcvenli bir s\u00fcr\u00fc\u015f ortam\u0131 sa\u011flanmas\u0131 i\u00e7in, planl\u0131, programl\u0131, s\u00fcrekli ve s\u00fcrd\u00fcr\u00fclebilir bir \u015fekilde \u00e7aba sarf etmeyi hedefliyor.<\/p>\n<p>Projenin en \u00f6nemli hedefinin, trafikte kar\u015f\u0131l\u0131kl\u0131 empatinin sa\u011flanmas\u0131 oldu\u011funu s\u00f6yleyen Aytemiz Genel M\u00fcd\u00fcr\u00fc Ahmet Eke, \u201cHem ara\u00e7 hem de motosiklet s\u00fcr\u00fcc\u00fclerinin kar\u015f\u0131l\u0131kl\u0131 anlay\u0131\u015f \u00e7er\u00e7evesinde hareket etmelerini sa\u011flamak temel amac\u0131m\u0131z. Proje kapsam\u0131nda motosiklet kullan\u0131c\u0131lar\u0131n\u0131n kendilerini koruyacak bir kaportalar\u0131 olmad\u0131\u011f\u0131ndan yola \u00e7\u0131kt\u0131k. Dolay\u0131s\u0131 ile motosiklet s\u00fcr\u00fcc\u00fclerinin trafikte her \u015fart alt\u0131nda korunup kollanmas\u0131 gerekiyor. Bununla birlikte konuyla ilgili t\u00fcm payda\u015flar\u0131n da deste\u011fini al\u0131p, sekt\u00f6r\u00fcn \u00f6nemli bir temsilcisi olarak, kurumsal sosyal sorumlulu\u011fumuzu yerine getirmeyi hedefliyoruz. Motorcu Dostu Trafik projesinin daha geni\u015f kitlelere ula\u015fmas\u0131 ve daha fazla fayda sa\u011flanabilmesi i\u00e7in, konuyla ba\u011flant\u0131l\u0131 kamu ve \u00f6zel sekt\u00f6rdeki t\u00fcm potansiyel ortaklar\u0131 projeyle ilgili bilgilendiriyoruz. Bu ortaklardan, projeye destek olmalar\u0131n\u0131 ve ortak paydada bulu\u015fmalar\u0131n\u0131 istiyoruz\u201d ifadesini kulland\u0131. Motosiklet s\u00fcr\u00fcc\u00fclerinin, g\u00fcvenlik donan\u0131mlar\u0131 kullan\u0131m bilincinin y\u00fckseltilmesi ve yayg\u0131nla\u015ft\u0131r\u0131lmas\u0131n\u0131n da di\u011fer \u00f6nemli hedeflerinden biri oldu\u011funu vurgulayan Ahmet Eke, \u201cMotosikletlerin trafikte hem sayg\u0131 g\u00f6ren hem de sayg\u0131 g\u00f6steren trafik payda\u015f\u0131 olmas\u0131n\u0131 ama\u00e7l\u0131yoruz\u201d dedi.<\/p>\n<p>Proje sponsorlar\u0131; ba\u015fta Aytemiz olmak \u00fczere Castrol, Unico Sigorta, TMF (T\u00fcrkiye Motosiklet Federasyonu), Yuasa ve destekleyen kurumlar; MKSF (Motosiklet Kullan\u0131c\u0131lar\u0131 ve Sporlar\u0131 Federasyonu), MOTED (Motosiklet End\u00fcstrisi Derne\u011fi), Suzuki ve TMP\u2019nin (T\u00fcrkiye Motosiklet Platformu) projeye inanarak daha ba\u015flang\u0131\u00e7 a\u015famas\u0131nda projenin bilinirli\u011finin artmas\u0131na katk\u0131 sa\u011flayacak ve projeye de\u011fer katacaklar\u0131na dikkat \u00e7eken Ahmet Eke \u201c\u0130lgili t\u00fcm kamu kurum ve kurulu\u015flar\u0131n\u0131, sivil toplum kurulu\u015flar\u0131n\u0131, belediyeleri de bir ortak payda alt\u0131nda toplamaya \u00e7al\u0131\u015faca\u011f\u0131z. T\u00fcm medeni \u00fclkelerde oldu\u011fu gibi, kar\u015f\u0131l\u0131kl\u0131 ho\u015fg\u00f6r\u00fcn\u00fcn h\u00e2kim oldu\u011fu bir trafik ortam\u0131 i\u00e7in bu proje hayati \u00f6nem ta\u015f\u0131yor. Bu birlikteli\u011fin temelini atmaktan b\u00fcy\u00fck memnuniyet duyuyoruz\u201d dedi. Ahmet Eke proje kapsam\u0131nda yap\u0131lacaklar\u0131 \u015fu \u015fekilde s\u0131ralad\u0131:<\/p>\n<p><strong>Motorcu Dostu Trafik Projesi kapsam\u0131nda;<\/strong><\/p>\n<p>&#8211; Trafik g\u00fcvenli\u011fi konusunda yap\u0131lan t\u00fcm etkinliklerde, trafi\u011fin vazge\u00e7ilmez ve \u00f6nemli bir par\u00e7as\u0131 olan motosiklet s\u00fcr\u00fcc\u00fclerinin de, do\u011fru ve etkin bir \u015fekilde temsil edilmesi i\u00e7in \u00e7aba sarf edilecek.<\/p>\n<p>&#8211; Kamu ve \u00f6zel otoriteler taraf\u0131ndan yollar\u0131n, caddelerin, sokaklar\u0131n, otoparklar\u0131n \u201cmotorcu dostu\u201d bak\u0131\u015f a\u00e7\u0131s\u0131yla yeniden g\u00f6zden ge\u00e7irilmesi i\u00e7in kamuoyu bask\u0131s\u0131 yarat\u0131lmaya \u00e7al\u0131\u015f\u0131lacak.<\/p>\n<p>&#8211; T\u00fcrkiye\u2019de 600 e yakla\u015fan ve her g\u00fcn ortalama 200 bin ki\u015finin ziyaret etti\u011fi<\/p>\n<p>&#8211; Emniyet Genel M\u00fcd\u00fcrl\u00fc\u011f\u00fc\u2019n\u00fcn yapt\u0131\u011f\u0131 denetimlerde, g\u00fcvenlik donan\u0131mlar\u0131 konusunda daha hassas olmas\u0131 sa\u011flanmaya \u00e7al\u0131\u015f\u0131lacak.<\/p>\n<p>&#8211; Belediyeler taraf\u0131ndan tahsis edilecek olas\u0131 t\u00fcm a\u00e7\u0131k hava reklam alanlar\u0131nda proje hat\u0131rlat\u0131lacak.<\/p>\n<p>&#8211; Proje kapsam\u0131nda sabit bir e\u011fitim alan\u0131, sertifikal\u0131 bir e\u011fitim i\u00e7in, \u00f6ncelikli olarak kurumsal filolar ve bireysel kullan\u0131c\u0131lar\u0131n kullan\u0131m\u0131na sunulacak.<\/p>\n<p>&#8211; En az bir adet kamu spotunun devreye girmesi sa\u011flanacak.<\/p>\n<p>&#8211; G\u00fcvenlik donan\u0131mlar\u0131n\u0131n \u00fczerindeki vergilerin azalt\u0131lmas\u0131 konusunda \u00e7aba sarf edilecek.<\/p>\n<p>&#8211; Haziran ay\u0131ndan itibaren 6 ay boyunca, kad\u0131n akademisyen ve gezgin Asil \u00d6zbay ile toplamda 24 ilde gezici e\u011fitim program\u0131 ba\u015flat\u0131lacak. Bu e\u011fitimlerin \u00f6ncesinde yerel ve ulusal medya kullan\u0131mlar\u0131 ile e\u011fitim yer ve saatleri duyurulacak.<\/p>\n<p>&#8211; \u00d6zellikle \u015fehirleraras\u0131 trafi\u011fin \u00e7ok yo\u011funla\u015ft\u0131\u011f\u0131 bayram \u00f6ncesi d\u00f6nemlerde, Aytemiz istasyonlar\u0131nda ve otoyol gi\u015felerinde projeye dikkat \u00e7ekilerek, trafikteki can kay\u0131plar\u0131m\u0131z\u0131 ve yaralanmalar\u0131 \u00f6nlemek amac\u0131yla, motosikletlere reflekt\u00f6rl\u00fc bir aparat ve di\u011fer ara\u00e7lara yine reflekt\u00f6rl\u00fc proje logolu dikkat \u00e7ekici stickerler da\u011f\u0131t\u0131lacak.<\/p>\n<p>Proje i\u00e7in devreye al\u0131nan <a href=\"http:\/\/www.motorcudostutrafik.com\/\">www.motorcudostutrafik.com<\/a>.tr web sitesi ve sosyal medya ileti\u015fim ara\u00e7lar\u0131 kullan\u0131larak, proje kapsam\u0131nda belirlenen hedefler, konuyla ilgili istatistikler, i\u015f ortak ve destek\u00e7ilerinin ger\u00e7ekle\u015ftirdi\u011fi aktiviteler, sabit ve gezici e\u011fitimler hakk\u0131nda bilgi verilecek.<\/p>","protected":false},"excerpt":{"rendered":"<p>Sorry, this entry is only available in Turkish. For the sake of viewer convenience, the content is shown below in the alternative language. You may click the link to switch the active language.\u201cMotorcu Dostu \u0130stasyon\u201d Projesi ile motosiklet kullan\u0131c\u0131lar\u0131n\u0131n hayat\u0131n\u0131 kolayla\u015ft\u0131ran Aytemiz, \u015fimdi de \u201cMotorcu Dostu Trafik\u201d projesi ile trafikte \u2018kendini kar\u015f\u0131s\u0131ndakinin yerine koyma\u2019ya dayal\u0131 [&hellip;]<\/p>\n","protected":false},"author":1,"featured_media":74890,"comment_status":"open","ping_status":"open","sticky":false,"template":"","format":"standard","meta":[],"categories":[53,44],"tags":[33563,27667,35344,20431,67,1009,33562,37849,1884],"views":709,"_links":{"self":[{"href":"https:\/\/www.enerjigazetesi.ist\/en\/wp-json\/wp\/v2\/posts\/74889"}],"collection":[{"href":"https:\/\/www.enerjigazetesi.ist\/en\/wp-json\/wp\/v2\/posts"}],"about":[{"href":"https:\/\/www.enerjigazetesi.ist\/en\/wp-json\/wp\/v2\/types\/post"}],"author":[{"embeddable":true,"href":"https:\/\/www.enerjigazetesi.ist\/en\/wp-json\/wp\/v2\/users\/1"}],"replies":[{"embeddable":true,"href":"https:\/\/www.enerjigazetesi.ist\/en\/wp-json\/wp\/v2\/comments?post=74889"}],"version-history":[{"count":1,"href":"https:\/\/www.enerjigazetesi.ist\/en\/wp-json\/wp\/v2\/posts\/74889\/revisions"}],"predecessor-version":[{"id":74891,"href":"https:\/\/www.enerjigazetesi.ist\/en\/wp-json\/wp\/v2\/posts\/74889\/revisions\/74891"}],"wp:featuredmedia":[{"embeddable":true,"href":"https:\/\/www.enerjigazetesi.ist\/en\/wp-json\/wp\/v2\/media\/74890"}],"wp:attachment":[{"href":"https:\/\/www.enerjigazetesi.ist\/en\/wp-json\/wp\/v2\/media?parent=74889"}],"wp:term":[{"taxonomy":"category","embeddable":true,"href":"https:\/\/www.enerjigazetesi.ist\/en\/wp-json\/wp\/v2\/categories?post=74889"},{"taxonomy":"post_tag","embeddable":true,"href":"https:\/\/www.enerjigazetesi.ist\/en\/wp-json\/wp\/v2\/tags?post=74889"}],"curies":[{"name":"wp","href":"https:\/\/api.w.org\/{rel}","templated":true}]}}