{"id":74886,"date":"2018-06-05T14:13:59","date_gmt":"2018-06-05T11:13:59","guid":{"rendered":"https:\/\/www.enerjigazetesi.ist\/?p=74886"},"modified":"2018-06-05T14:14:30","modified_gmt":"2018-06-05T11:14:30","slug":"demirdag-gunes-enerjisi-sektoru-buyurse-turkiye-daha-hizli-gelisir","status":"publish","type":"post","link":"https:\/\/www.enerjigazetesi.ist\/en\/demirdag-gunes-enerjisi-sektoru-buyurse-turkiye-daha-hizli-gelisir\/","title":{"rendered":"(Turkish) Demirda\u011f: &#8220;G\u00fcne\u015f Enerjisi Sekt\u00f6r\u00fc B\u00fcy\u00fcrse T\u00fcrkiye Daha H\u0131zl\u0131 Geli\u015fir&#8221;"},"content":{"rendered":"<p class=\"qtranxs-available-languages-message qtranxs-available-languages-message-en\">Sorry, this entry is only available in <a href=\"https:\/\/www.enerjigazetesi.ist\/tr\/wp-json\/wp\/v2\/posts\/74886\" class=\"qtranxs-available-language-link qtranxs-available-language-link-tr\" title=\"Turkish\">Turkish<\/a>. For the sake of viewer convenience, the content is shown below in the alternative language. You may click the link to switch the active language.<\/p><p><strong>G\u00fcne\u015f Enerjisi Sanayicileri ve End\u00fcstrisi Derne\u011fi\u2019nin (GENSED) Y\u00f6netim Kurulu Ba\u015fkan\u0131 se\u00e7ilen Halil Demirda\u011f, \u201cG\u00fcne\u015f enerjisi sekt\u00f6r\u00fc ne kadar b\u00fcy\u00fcrse, ekonomimiz de o kadar h\u0131zl\u0131 b\u00fcy\u00fcr. Bu b\u00fcy\u00fck f\u0131rsat\u0131 ka\u00e7\u0131rmayal\u0131m. Hep birlikte g\u00fcne\u015fin ekonomimizi canland\u0131rmas\u0131 i\u00e7in \u00e7al\u0131\u015fal\u0131m\u201d dedi.<\/strong><\/p>\n<p>G\u00fcne\u015f Enerjisi Sanayicileri ve End\u00fcstrisi Derne\u011fi\u2019nin (GENSED) Y\u00f6netim Kurulu Ba\u015fkanl\u0131\u011f\u0131n\u0131 \u00fcstlenen Halil Demirda\u011f, ilk a\u00e7\u0131klamas\u0131nda T\u00fcrkiye\u2019nin g\u00fcne\u015f enerjisi alan\u0131ndaki potansiyeline dikkat \u00e7ekti. <img loading=\"lazy\" class=\"alignright size-medium wp-image-74887\" src=\"https:\/\/www.enerjigazetesi.ist\/wp-content\/uploads\/2018\/06\/demirdag-gunes-enerjisi-sektoru-buyurse-turkiye-daha-hizli-gelisir-300x200.jpg\" alt=\"\" width=\"300\" height=\"200\" srcset=\"https:\/\/www.enerjigazetesi.ist\/wp-content\/uploads\/2018\/06\/demirdag-gunes-enerjisi-sektoru-buyurse-turkiye-daha-hizli-gelisir-300x200.jpg 300w, https:\/\/www.enerjigazetesi.ist\/wp-content\/uploads\/2018\/06\/demirdag-gunes-enerjisi-sektoru-buyurse-turkiye-daha-hizli-gelisir-500x333.jpg 500w, https:\/\/www.enerjigazetesi.ist\/wp-content\/uploads\/2018\/06\/demirdag-gunes-enerjisi-sektoru-buyurse-turkiye-daha-hizli-gelisir-75x50.jpg 75w, https:\/\/www.enerjigazetesi.ist\/wp-content\/uploads\/2018\/06\/demirdag-gunes-enerjisi-sektoru-buyurse-turkiye-daha-hizli-gelisir.jpg 732w\" sizes=\"(max-width: 300px) 100vw, 300px\" \/>G\u00fcne\u015f enerjisi sekt\u00f6r\u00fcn\u00fcn \u00f6nemli yat\u0131r\u0131mc\u0131lar\u0131ndan Smart Energy\u2019nin Y\u00f6netim Kurulu Ba\u015fkan\u0131 olan Demirda\u011f, GENSED olarak sekt\u00f6r\u00fcn geli\u015fiminde \u00f6nemli bir rol \u00fcstleneceklerini vurgularken, \u201cCari a\u00e7\u0131ktan istihdama kadar pek \u00e7ok olumlu yans\u0131mas\u0131 olan bu potansiyelin de\u011ferlendirilmesi i\u00e7in \u00e7al\u0131\u015faca\u011f\u0131z. \u00c7\u00fcnk\u00fc g\u00fcne\u015f sanayisi ne kadar b\u00fcy\u00fcrse, T\u00fcrkiye ekonomisi de o kadar h\u0131zl\u0131 geli\u015fir\u201d dedi.<\/p>\n<p>GENSED\u2019in 24 May\u0131s\u2019ta ger\u00e7ekle\u015fen 5\u2019inci Ola\u011fan Genel Kurul Toplant\u0131s\u0131\u2019n\u0131n ard\u0131ndan bir de\u011ferlendirme yapan Halil Demirda\u011f, \u00f6nceki ba\u015fkan Prof. Dr. \u015eener Oktik ve y\u00f6netim kurulu \u00fcyelerine te\u015fekk\u00fcr ederek, yeni d\u00f6neme ili\u015fkin hedeflerini payla\u015ft\u0131. G\u00fcne\u015f enerjisi alan\u0131nda T\u00fcrkiye\u2019nin de\u011ferlendirilmeyi bekleyen \u00e7ok b\u00fcy\u00fck bir potansiyeli oldu\u011funa dikkat \u00e7eken Demirda\u011f, g\u00fcne\u015f enerjisi sanayicilerini bir araya getiren GENSED\u2019in bu potansiyelin de\u011ferlendirilmesi i\u00e7in \u00f6nemli katk\u0131larda bulunaca\u011f\u0131n\u0131 dile getirdi. Demirda\u011f, s\u00f6zlerine \u015f\u00f6yle devam etti: \u201cT\u00fcrkiye\u2019de g\u00fcne\u015f enerjisi alan\u0131nda yat\u0131r\u0131m yapan sanayiciler olarak bizim \u00fclkemizin gelece\u011fi i\u00e7in \u00e7ok \u00f6nemli bir misyonumuz var. E\u011fer \u00fclkemiz g\u00fcne\u015f enerjisi alan\u0131ndaki \u015fans\u0131n\u0131 daha iyi kullan\u0131rsa kaynaklar\u0131m\u0131z\u0131n yurtd\u0131\u015f\u0131na \u00e7\u0131kmas\u0131 \u00f6nlenebilecek ve cari a\u00e7\u0131k gelecek nesillerin s\u0131rt\u0131na y\u00fck olmaktan \u00e7\u0131kacakt\u0131r. Kurulan her 10 MW\u2019l\u0131k g\u00fcne\u015f enerjisi santrali y\u0131ll\u0131k 1 milyon dolar de\u011ferinde petrol ve do\u011falgaz kar\u015f\u0131l\u0131\u011f\u0131 elektrik \u00fcretimine e\u015fit. Panellerin 30 y\u0131la kadar \u00f6mr\u00fc oldu\u011fu d\u00fc\u015f\u00fcn\u00fcl\u00fcrse bu rakam 30 milyon dolara ula\u015f\u0131yor. Bu y\u0131l 5 bin MW\u2019dan fazla g\u00fcne\u015f enerjisi santralinin devreye girmesi, 500 milyon dolar de\u011ferindeki elektri\u011fin do\u011fal bir kaynak olan g\u00fcne\u015ften \u00fcretilmi\u015f olmas\u0131 anlam\u0131na geliyor. \u00dcstelik, g\u00f6ky\u00fcz\u00fcn\u00fc g\u00f6rebildi\u011fimiz her yerde elektrik \u00fcretebilen g\u00fcne\u015f enerjisi teknolojisine yat\u0131r\u0131m yapmak yeralt\u0131ndaki kaynaklar\u0131 aramaktan ve de\u011ferlendirmekten \u00e7ok daha az maliyetli. G\u00fcne\u015f enerjisi teknolojilerine verilecek destek, ekonomimizin en zay\u0131f halkas\u0131 olan cari a\u00e7\u0131k sorunun \u00e7\u00f6z\u00fclmesine katk\u0131 sa\u011flayacak ve milli enerji politikalar\u0131n\u0131n g\u00fc\u00e7lenmesine yard\u0131mc\u0131 olacakt\u0131r. Temiz enerji demek, do\u011falgaz ve k\u00f6m\u00fcrde d\u0131\u015fa ba\u011f\u0131ml\u0131l\u0131\u011f\u0131m\u0131z\u0131n azalmas\u0131 ve b\u00f6ylece ekonomimizin katlanarak geli\u015fmesi demek. Bu b\u00fcy\u00fck f\u0131rsat\u0131 ka\u00e7\u0131rmayal\u0131m ve hep beraber g\u00fcne\u015fin ekonomimizi canland\u0131rmas\u0131 i\u00e7in \u00e7al\u0131\u015fal\u0131m.\u201d<\/p>\n<p><strong>HEDEF; D\u00dcNYADA S\u00d6Z SAH\u0130B\u0130 OLMAK<\/strong><\/p>\n<p>G\u00fcne\u015f enerjisinin yeni f\u0131rsatlar\u0131 beraberinde getiren ciddi bir i\u015f kolu olarak geli\u015fti\u011fine i\u015faret eden Demirda\u011f, \u015funlar\u0131 s\u00f6yledi: \u201cBu sekt\u00f6r enerji ba\u011f\u0131ms\u0131zl\u0131\u011f\u0131na ve cari a\u00e7\u0131\u011f\u0131n kapanmas\u0131na katk\u0131da bulunman\u0131n yan\u0131 s\u0131ra, yeni pazarlar a\u00e7arak yeni istihdam imkanlar\u0131n\u0131n olu\u015fmas\u0131n\u0131 da sa\u011flayacakt\u0131r.Enerjiyi yerin alt\u0131nda de\u011fil, g\u00f6ky\u00fcz\u00fcnde aramal\u0131y\u0131z. G\u00f6ky\u00fcz\u00fcn\u00fc g\u00f6rebildi\u011fimiz her yerden elektrik \u00fcretebilen g\u00fcne\u015f teknolojinin pe\u015fini b\u0131rakmamal\u0131y\u0131z. Biliyoruz ki i\u015fimiz hi\u00e7 kolay de\u011fil ama T\u00fcrkiye\u2019deki g\u00fcne\u015f enerjisi sekt\u00f6r\u00fcn\u00fcn daha da b\u00fcy\u00fcy\u00fcp g\u00fc\u00e7lenmesi, inovasyonu, Ar-Ge\u2019si ve y\u00fcksek kalitesiyle ad\u0131ndan s\u00f6z ettirmesi i\u00e7in elimizden geleni kararl\u0131l\u0131kla yapmaya haz\u0131r\u0131z. T\u00fcrkiye\u2019yi, t\u00fcm d\u00fcnyada en h\u0131zl\u0131 b\u00fcy\u00fcyen yenilenebilir enerji kayna\u011f\u0131 olan g\u00fcne\u015f enerjisi alan\u0131nda d\u00fcnya \u00e7ap\u0131nda s\u00f6z sahibi yapmak ad\u0131na azimle \u00e7al\u0131\u015faca\u011f\u0131z. En b\u00fcy\u00fck hedeflerimizden biri de bu.\u201d<\/p>\n<p>Demirda\u011f, GENSED olarak sekt\u00f6r\u00fc ilgilendiren konularda aktif rol alacaklar\u0131n\u0131 ve yat\u0131r\u0131mc\u0131lar\u0131n sesi olacaklar\u0131n\u0131 dile getirerek, \u201cSekt\u00f6rde faaliyet g\u00f6steren di\u011fer derneklerle de uyum i\u00e7inde \u00e7al\u0131\u015farak birbirini tamamlay\u0131c\u0131 \u00e7al\u0131\u015fmalar yapaca\u011f\u0131z. Sekt\u00f6r\u00fcm\u00fcze ve \u00fclkemize katk\u0131 sa\u011flayabilmek i\u00e7in elimizden gelen gayreti g\u00f6sterece\u011fiz\u201d dedi.<\/p>\n<p><strong>GENSED\u2019\u0130N YEN\u0130 Y\u00d6NET\u0130M\u0130 \u0130\u015e BA\u015eI YAPTI<\/strong><\/p>\n<p>Halil Demirda\u011f\u2019\u0131n Ba\u015fkan oldu\u011fu GENSED\u2019de Ba\u015fkan Yard\u0131mc\u0131l\u0131klar\u0131n\u0131 Artun \u0130stepan \u015eabciyan (Staubli B\u00f6l\u00fcm M\u00fcd\u00fcr\u00fc), Evren Evcit (Zorlu Enerji Genel M\u00fcd\u00fcr Yard\u0131mc\u0131s\u0131), Mustafa Herdem (Else Enerji Genel M\u00fcd\u00fcr\u00fc), Tolga Murat \u00d6zdemir (Konar Enerji CEO\u2019su) \u00fcstlendi. Saymanl\u0131k g\u00f6revine Cemil Tolun\u2019un (Solaredge \u00dclke M\u00fcd\u00fcr\u00fc) se\u00e7ildi\u011fi GENSED\u2019in yeni y\u00f6netiminde ayr\u0131ca \u015fu isimler yer ald\u0131: Arda Yal\u0131 (Elin Elektrik CEO\u2019su), Hakan Daltaban (IBC Solar Genel M\u00fcd\u00fcr\u00fc), Mehmet Cemil \u00c7etin (Halk Enerji Direkt\u00f6r\u00fc), Do\u00e7. Dr. Mustafa T\u0131r\u0131s (T-Dinamik Genel M\u00fcd\u00fcr\u00fc) ve Nevzat Ta\u015fk\u0131n (Vergo Genel M\u00fcd\u00fcr\u00fc).<\/p>\n<p>\u00dc\u00e7 d\u00f6nemdir y\u00f6netim kurulu ba\u015fkanl\u0131\u011f\u0131n\u0131 y\u00fcr\u00fcten Prof. Dr. \u015eener Oktik de GENSED Onursal Ba\u015fkan\u0131 olarak se\u00e7ildi.<\/p>","protected":false},"excerpt":{"rendered":"<p>Sorry, this entry is only available in Turkish. For the sake of viewer convenience, the content is shown below in the alternative language. You may click the link to switch the active language.G\u00fcne\u015f Enerjisi Sanayicileri ve End\u00fcstrisi Derne\u011fi\u2019nin (GENSED) Y\u00f6netim Kurulu Ba\u015fkan\u0131 se\u00e7ilen Halil Demirda\u011f, \u201cG\u00fcne\u015f enerjisi sekt\u00f6r\u00fc ne kadar b\u00fcy\u00fcrse, ekonomimiz de o kadar [&hellip;]<\/p>\n","protected":false},"author":1,"featured_media":74887,"comment_status":"open","ping_status":"open","sticky":false,"template":"","format":"standard","meta":[],"categories":[53,49],"tags":[67,1009,727,2326,23416,15237,2569,23131,34862,26385],"views":706,"_links":{"self":[{"href":"https:\/\/www.enerjigazetesi.ist\/en\/wp-json\/wp\/v2\/posts\/74886"}],"collection":[{"href":"https:\/\/www.enerjigazetesi.ist\/en\/wp-json\/wp\/v2\/posts"}],"about":[{"href":"https:\/\/www.enerjigazetesi.ist\/en\/wp-json\/wp\/v2\/types\/post"}],"author":[{"embeddable":true,"href":"https:\/\/www.enerjigazetesi.ist\/en\/wp-json\/wp\/v2\/users\/1"}],"replies":[{"embeddable":true,"href":"https:\/\/www.enerjigazetesi.ist\/en\/wp-json\/wp\/v2\/comments?post=74886"}],"version-history":[{"count":1,"href":"https:\/\/www.enerjigazetesi.ist\/en\/wp-json\/wp\/v2\/posts\/74886\/revisions"}],"predecessor-version":[{"id":74888,"href":"https:\/\/www.enerjigazetesi.ist\/en\/wp-json\/wp\/v2\/posts\/74886\/revisions\/74888"}],"wp:featuredmedia":[{"embeddable":true,"href":"https:\/\/www.enerjigazetesi.ist\/en\/wp-json\/wp\/v2\/media\/74887"}],"wp:attachment":[{"href":"https:\/\/www.enerjigazetesi.ist\/en\/wp-json\/wp\/v2\/media?parent=74886"}],"wp:term":[{"taxonomy":"category","embeddable":true,"href":"https:\/\/www.enerjigazetesi.ist\/en\/wp-json\/wp\/v2\/categories?post=74886"},{"taxonomy":"post_tag","embeddable":true,"href":"https:\/\/www.enerjigazetesi.ist\/en\/wp-json\/wp\/v2\/tags?post=74886"}],"curies":[{"name":"wp","href":"https:\/\/api.w.org\/{rel}","templated":true}]}}