{"id":74880,"date":"2018-06-05T13:57:53","date_gmt":"2018-06-05T10:57:53","guid":{"rendered":"https:\/\/www.enerjigazetesi.ist\/?p=74880"},"modified":"2018-06-05T13:57:53","modified_gmt":"2018-06-05T10:57:53","slug":"bayram-secim-ve-sinav-icin-bedas-alarma-gecti","status":"publish","type":"post","link":"https:\/\/www.enerjigazetesi.ist\/en\/bayram-secim-ve-sinav-icin-bedas-alarma-gecti\/","title":{"rendered":"(Turkish) Bayram, Se\u00e7im ve S\u0131nav \u0130\u00e7in BEDA\u015e Alarma Ge\u00e7ti"},"content":{"rendered":"<p class=\"qtranxs-available-languages-message qtranxs-available-languages-message-en\">Sorry, this entry is only available in <a href=\"https:\/\/www.enerjigazetesi.ist\/tr\/wp-json\/wp\/v2\/posts\/74880\" class=\"qtranxs-available-language-link qtranxs-available-language-link-tr\" title=\"Turkish\">Turkish<\/a>. For the sake of viewer convenience, the content is shown below in the alternative language. You may click the link to switch the active language.<\/p><p><strong>Yaz aylar\u0131nda artan elektrik t\u00fcketimine kar\u015f\u0131 haz\u0131rl\u0131klar\u0131n\u0131 tamamlayan BEDA\u015e, bu y\u0131l haziran ay\u0131na denk gelen Ramazan Bayram\u0131, se\u00e7im ve \u00fcniversiteye giri\u015f s\u0131nav\u0131 s\u0131ras\u0131nda enerjide kesinti ya\u015fanmamas\u0131 i\u00e7in t\u00fcm tedbirlerini ald\u0131. BEDA\u015e; olas\u0131 kesintilere an\u0131nda m\u00fcdahale etmek i\u00e7in ara\u00e7, ekipman ve n\u00f6bet\u00e7i personelini haz\u0131r bekletecek.<img loading=\"lazy\" class=\"alignright size-medium wp-image-74881\" src=\"https:\/\/www.enerjigazetesi.ist\/wp-content\/uploads\/2018\/06\/bayram-secim-ve-sinav-icin-bedas-alarma-gecti-300x199.jpg\" alt=\"\" width=\"300\" height=\"199\" srcset=\"https:\/\/www.enerjigazetesi.ist\/wp-content\/uploads\/2018\/06\/bayram-secim-ve-sinav-icin-bedas-alarma-gecti-300x199.jpg 300w, https:\/\/www.enerjigazetesi.ist\/wp-content\/uploads\/2018\/06\/bayram-secim-ve-sinav-icin-bedas-alarma-gecti-500x332.jpg 500w, https:\/\/www.enerjigazetesi.ist\/wp-content\/uploads\/2018\/06\/bayram-secim-ve-sinav-icin-bedas-alarma-gecti-75x50.jpg 75w, https:\/\/www.enerjigazetesi.ist\/wp-content\/uploads\/2018\/06\/bayram-secim-ve-sinav-icin-bedas-alarma-gecti.jpg 734w\" sizes=\"(max-width: 300px) 100vw, 300px\" \/><\/strong><\/p>\n<p>\u0130stanbul Avrupa Yakas\u0131\u2019nda 5 milyondan fazla aboneye \u2018Enerjimizle yan\u0131n\u0131zday\u0131z\u2019 slogan\u0131 ile hizmet veren Bo\u011fazi\u00e7i Elektrik Da\u011f\u0131t\u0131m A.\u015e. (BEDA\u015e), s\u0131cak yaz aylar\u0131nda artan elektrik talebinin kesintisiz kar\u015f\u0131lanmas\u0131 i\u00e7in haz\u0131rl\u0131klar\u0131n\u0131 tamamlad\u0131. 4 bin 163 trafo merkezi ve 161 kilometre havai hatt\u0131n bak\u0131m\u0131n\u0131 yapan BEDA\u015e; bu y\u0131l Ramazan Bayram\u0131, se\u00e7imler ve \u00fcniversiteye giri\u015f s\u0131navlar\u0131n\u0131n haziran ay\u0131na denk gelmesi nedeniyle alarma ge\u00e7ti. Bu d\u00f6nemlerde planl\u0131 kesintileri ask\u0131ya alan, 24 saat esasl\u0131 \u00e7al\u0131\u015facak n\u00f6bet\u00e7i ekiplerinin i\u015f planlar\u0131n\u0131 \u015fimdiden belirleyen BEDA\u015e, ola\u011fan\u00fcst\u00fc kesinti ve ar\u0131zalara kar\u015f\u0131 da mobil jenerat\u00f6rleri haz\u0131r bekletecek.<\/p>\n<p><strong>\u0130FTAR VE SAHUR SAATLER\u0130NE G\u00d6RE PLANLAMA YAPILDI<\/strong><\/p>\n<p>Y\u00fcksek m\u00fc\u015fteri memnuniyeti odakl\u0131 \u00e7al\u0131\u015fan BEDA\u015e, yaz aylar\u0131na y\u00f6nelik haz\u0131rl\u0131klar\u0131n\u0131 16 May\u0131s\u2019tan itibaren devreye ald\u0131. Ramazan ay\u0131 itibar\u0131yla yat\u0131r\u0131m ve bak\u0131m gibi nedenlerle ger\u00e7ekle\u015ftirilen planl\u0131 kesintilerde 3 saat s\u0131n\u0131r\u0131n\u0131 a\u015fmayan \u015firket, s\u00f6z konusu planl\u0131 kesintileri de iftar ve sahur saatlerine denk gelmeyecek \u015fekilde organize etti. Bu d\u00f6nemde acil durumlar d\u0131\u015f\u0131nda uzun s\u00fcreli bildirimli kesintiler de yap\u0131lmad\u0131. Bu arada Ramazan Bayram\u0131 boyunca da planl\u0131 kesintilerin ask\u0131ya al\u0131nmas\u0131 y\u00f6n\u00fcnde harekete ge\u00e7en BEDA\u015e, saha ekibinin mesai saatlerini de bayram i\u00e7in \u00f6zel olarak d\u00fczenledi.<\/p>\n<p><strong>SE\u00c7\u0130M G\u00dcN\u00dc N\u00d6BET\u00c7\u0130 PERSONEL VE ARA\u00c7 HAZIR BEKLET\u0130LECEK<\/strong><\/p>\n<p>Cumhurba\u015fkan\u0131 ve 27. D\u00f6nem Milletvekili Genel Se\u00e7imi i\u00e7in sand\u0131k ba\u015f\u0131na gidilecek 24 Haziran tarihine y\u00f6nelik olarak da gerekli tedbirler \u015fimdiden al\u0131nd\u0131. Kesintisiz enerji i\u00e7in da\u011f\u0131t\u0131m ve indirici transformat\u00f6r merkezleri b\u00fcy\u00fck \u00f6neme sahip oldu\u011fundan bu merkezlerin g\u00fcvenli\u011fi i\u00e7in emniyet te\u015fkilat\u0131ndan destek al\u0131n\u0131rken olas\u0131 sorunlara h\u0131zla m\u00fcdahale edecek n\u00f6bet\u00e7i ekipler de haz\u0131r bulundurulacak. Se\u00e7im g\u00fcn\u00fc \u0130stanbul Valili\u011fi \u0130l Se\u00e7im Koordinasyon Merkezi\u2019nde n\u00f6bet\u00e7i personel g\u00f6revlendirilirken ek olarak se\u00e7im g\u00fcn\u00fc 24 saat esasl\u0131 mobil jenerat\u00f6r ve transformat\u00f6r transferi i\u00e7in tam zamanl\u0131 uygun n\u00f6bet\u00e7i personel ve ara\u00e7larda alarm durumunda bekletilecek.<\/p>\n<p><strong>SINAV G\u00dcN\u00dc B\u0130LD\u0130R\u0130ML\u0130 KES\u0130NT\u0130 YOK<\/strong><\/p>\n<p>BEDA\u015e, haziran ay\u0131n\u0131n son g\u00fcn\u00fc ve 1 Temmuz\u2019da yap\u0131lacak olan Y\u00fcksek \u00d6\u011fretim Kurumlar\u0131 S\u0131nav\u0131 (YKS) \u00f6ncesine y\u00f6nelik de ek tedbirler alacak. Olas\u0131 bir ar\u0131zaya kar\u015f\u0131 30 Haziran ve 1 Temmuz tarihleri aras\u0131nda bu okullara yak\u0131n b\u00f6lgelerde n\u00f6bet\u00e7i BEDA\u015e ekipleri g\u00f6rev yapacak. \u0130stanbul Avrupa Yakas\u0131\u2019nda iki g\u00fcn boyunca s\u0131navlar\u0131n yap\u0131ld\u0131\u011f\u0131 okullar\u0131n bulundu\u011fu b\u00f6lgelerde bildirimli kesintilere ara verilecek.<\/p>\n<p><strong>\u2018ABONELER\u0130M\u0130Z\u0130N HER AN YANINDAYIZ\u2019<\/strong><\/p>\n<p>Ba\u015fta haziran ay\u0131 olmak \u00fczere yaz aylar\u0131nda artan elektrik t\u00fcketimi i\u00e7in \u00f6n haz\u0131rl\u0131klar\u0131 tamamlad\u0131klar\u0131n\u0131 belirten <strong>BEDA\u015e Genel M\u00fcd\u00fcr\u00fc Murat Yi\u011fit<\/strong>, \u00e7al\u0131\u015fmalar hakk\u0131nda bilgi verirken, \u201cRamazan Bayram\u0131, se\u00e7imler ve \u00fcniversite s\u0131navlar\u0131nda kesintisiz enerji sa\u011flamak \u00fczere t\u00fcm ekibimizle birlikte \u00f6zel bir \u00e7al\u0131\u015fma yapt\u0131k. Jenerat\u00f6r ve malzeme konusunda stoklar\u0131m\u0131z haz\u0131r, personelimizin g\u00f6rev yerleri belli. Enerjimizle abonelerimizin her an yan\u0131nday\u0131z\u201d dedi.<\/p>\n<p><strong>YAZIN EN Y\u00dcKSEK T\u00dcKET\u0130M A\u011eUSTOS AYINDA<\/strong><\/p>\n<p>Son 3 y\u0131l\u0131n verileri incelendi\u011finde \u0130stanbul Avrupa Yakas\u0131\u2019nda elektrik t\u00fcketiminin en y\u00fcksek oldu\u011fu d\u00f6nemin a\u011fustos ay\u0131 oldu\u011funu da an\u0131msatan Yi\u011fit, \u201c\u00d6rnek vermek gerekirse 2017 y\u0131l\u0131nda a\u011fustos ay\u0131nda ortalama 2 milyar 165 milyon kWh elektrik t\u00fcketildi. Bu, y\u0131l i\u00e7indeki en y\u00fcksek t\u00fcketim. Biz de a\u011fustos ay\u0131nda t\u00fcketim art\u0131\u015f\u0131n\u0131n da etkisiyle kar\u015f\u0131la\u015f\u0131lan a\u015f\u0131r\u0131 \u0131s\u0131nmalar\u0131n \u00f6n\u00fcne ge\u00e7ebilmek i\u00e7in trafo merkezlerimizde havaland\u0131rma ve so\u011futma sistemlerini devreye al\u0131rken y\u00fck optimizasyonlar\u0131n\u0131 ger\u00e7ekle\u015ftirerek gerekli t\u00fcm tedbirler i\u00e7in haz\u0131rl\u0131klar\u0131m\u0131z\u0131 tamamlad\u0131k\u201d de\u011ferlendirmesinde bulundu.<\/p>","protected":false},"excerpt":{"rendered":"<p>Sorry, this entry is only available in Turkish. For the sake of viewer convenience, the content is shown below in the alternative language. You may click the link to switch the active language.Yaz aylar\u0131nda artan elektrik t\u00fcketimine kar\u015f\u0131 haz\u0131rl\u0131klar\u0131n\u0131 tamamlayan BEDA\u015e, bu y\u0131l haziran ay\u0131na denk gelen Ramazan Bayram\u0131, se\u00e7im ve \u00fcniversiteye giri\u015f s\u0131nav\u0131 s\u0131ras\u0131nda [&hellip;]<\/p>\n","protected":false},"author":1,"featured_media":74881,"comment_status":"open","ping_status":"open","sticky":false,"template":"","format":"standard","meta":[],"categories":[51,53],"tags":[34979,19638,26353,67,1009],"views":443,"_links":{"self":[{"href":"https:\/\/www.enerjigazetesi.ist\/en\/wp-json\/wp\/v2\/posts\/74880"}],"collection":[{"href":"https:\/\/www.enerjigazetesi.ist\/en\/wp-json\/wp\/v2\/posts"}],"about":[{"href":"https:\/\/www.enerjigazetesi.ist\/en\/wp-json\/wp\/v2\/types\/post"}],"author":[{"embeddable":true,"href":"https:\/\/www.enerjigazetesi.ist\/en\/wp-json\/wp\/v2\/users\/1"}],"replies":[{"embeddable":true,"href":"https:\/\/www.enerjigazetesi.ist\/en\/wp-json\/wp\/v2\/comments?post=74880"}],"version-history":[{"count":1,"href":"https:\/\/www.enerjigazetesi.ist\/en\/wp-json\/wp\/v2\/posts\/74880\/revisions"}],"predecessor-version":[{"id":74882,"href":"https:\/\/www.enerjigazetesi.ist\/en\/wp-json\/wp\/v2\/posts\/74880\/revisions\/74882"}],"wp:featuredmedia":[{"embeddable":true,"href":"https:\/\/www.enerjigazetesi.ist\/en\/wp-json\/wp\/v2\/media\/74881"}],"wp:attachment":[{"href":"https:\/\/www.enerjigazetesi.ist\/en\/wp-json\/wp\/v2\/media?parent=74880"}],"wp:term":[{"taxonomy":"category","embeddable":true,"href":"https:\/\/www.enerjigazetesi.ist\/en\/wp-json\/wp\/v2\/categories?post=74880"},{"taxonomy":"post_tag","embeddable":true,"href":"https:\/\/www.enerjigazetesi.ist\/en\/wp-json\/wp\/v2\/tags?post=74880"}],"curies":[{"name":"wp","href":"https:\/\/api.w.org\/{rel}","templated":true}]}}