{"id":74869,"date":"2018-06-05T13:28:23","date_gmt":"2018-06-05T10:28:23","guid":{"rendered":"https:\/\/www.enerjigazetesi.ist\/?p=74869"},"modified":"2018-06-05T13:28:23","modified_gmt":"2018-06-05T10:28:23","slug":"danfoss-enerji-verimliligi-calismalarini-surduruyor","status":"publish","type":"post","link":"https:\/\/www.enerjigazetesi.ist\/en\/danfoss-enerji-verimliligi-calismalarini-surduruyor\/","title":{"rendered":"(Turkish) Danfoss, Enerji Verimlili\u011fi \u00c7al\u0131\u015fmalar\u0131n\u0131 S\u00fcrd\u00fcr\u00fcyor"},"content":{"rendered":"<p class=\"qtranxs-available-languages-message qtranxs-available-languages-message-en\">Sorry, this entry is only available in <a href=\"https:\/\/www.enerjigazetesi.ist\/tr\/wp-json\/wp\/v2\/posts\/74869\" class=\"qtranxs-available-language-link qtranxs-available-language-link-tr\" title=\"Turkish\">Turkish<\/a>. For the sake of viewer convenience, the content is shown below in the alternative language. You may click the link to switch the active language.<\/p><p><strong>Is\u0131tma, so\u011futma, motor kontrol sistemleri ve g\u00fc\u00e7 \u00e7\u00f6z\u00fcmleri alanlar\u0131nda d\u00fcnya lideri Danfoss, Danimarkal\u0131 enerji kurulu\u015fu Synergi ile birlikte Kopenhag ve Malm\u00f6&#8217;de Nordic Temiz Enerji Haftas\u0131 2018 kapsam\u0131nda enerji verimlili\u011fi konulu \u00fcst d\u00fczey bir yuvarlak masa toplant\u0131s\u0131na ev sahipli\u011fi yapt\u0131.<\/strong><\/p>\n<p>Toplant\u0131da; Danfoss CEO\u2019su Kim Fausing, Uluslararas\u0131 Enerji Ajans\u0131 (IEA) Enerji Verimlili\u011fi Ba\u015fkan\u0131 Brian Motherway, Herkes i\u00e7in S\u00fcrd\u00fcr\u00fclebilir Enerji\u2019den (SEforAll) Ian Crosby, Avrupa Enerji Tasarrufu <img loading=\"lazy\" class=\"alignright size-medium wp-image-74870\" src=\"https:\/\/www.enerjigazetesi.ist\/wp-content\/uploads\/2018\/06\/danfoss-enerji-verimliligi-calismalarini-surduruyor-300x202.jpg\" alt=\"\" width=\"300\" height=\"202\" srcset=\"https:\/\/www.enerjigazetesi.ist\/wp-content\/uploads\/2018\/06\/danfoss-enerji-verimliligi-calismalarini-surduruyor-300x202.jpg 300w, https:\/\/www.enerjigazetesi.ist\/wp-content\/uploads\/2018\/06\/danfoss-enerji-verimliligi-calismalarini-surduruyor-500x337.jpg 500w, https:\/\/www.enerjigazetesi.ist\/wp-content\/uploads\/2018\/06\/danfoss-enerji-verimliligi-calismalarini-surduruyor-74x50.jpg 74w, https:\/\/www.enerjigazetesi.ist\/wp-content\/uploads\/2018\/06\/danfoss-enerji-verimliligi-calismalarini-surduruyor.jpg 723w\" sizes=\"(max-width: 300px) 100vw, 300px\" \/>Birli\u011fi (AB-ASE) Ba\u015fkan\u0131 Monica Frassoni, Danimarka Maliye Bakan\u0131 Kristian Jensen, Danimarka Sosyalist Partisi Ba\u015fkan\u0131 ve Eski Bakan Pia Olsen Dyhr, Danimarka End\u00fcstri Konfederasyonu (DI) CEO\u2019su Karsten Dybvad, Rockwool K\u0131demli K\u0131demli Ba\u015fkan Yard\u0131mc\u0131s\u0131 Henrik Frank Nielsen, Velux Grup Direkt\u00f6r\u00fc ve CFO\u2019su Peter Bang ve Alman Enerji Verimlili\u011fi \u00d6rg\u00fct\u00fc DENEFF\u2019ten Christian Noll yer ald\u0131.<\/p>\n<p>Toplant\u0131n\u0131n moderasyonunu, The New York Times gazetesinin Avrupa Diplomatik Ba\u015f Muhabiri Steven Erlanger ger\u00e7ekle\u015ftirdi.<\/p>\n<p>Danfoss CEO\u2019su Kim Fausing toplant\u0131da yapt\u0131\u011f\u0131 konu\u015fmada; \u201cHarika bir fikir al\u0131\u015fveri\u015fi ger\u00e7ekle\u015ftirdik. Birbirine ba\u011fl\u0131 olan enerji verimlili\u011fi ve yenilenebilir enerji konusunda do\u011fru yolda oldu\u011fumuzu duymak \u00e7ok g\u00fczel. Enerji verimlili\u011fi sekt\u00f6r\u00fcn\u00fcn s\u00fcbvansiyonlara ihtiyac\u0131 yok ancak enerji verimlili\u011fini destekleyen iyi politikalar gerekli. Enerji verimlili\u011finin \u00e7ok iyi bir i\u015f modeli oldu\u011funu biliyoruz ve bu ye\u015file d\u00f6n\u00fc\u015f\u00fcmle ele ele gidiyor. Sonu\u00e7 olarak; kullanmad\u0131\u011f\u0131m\u0131z enerji, en iyi enerji t\u00fcr\u00fcd\u00fcr. \u201c<\/p>\n<p>Uluslararas\u0131 Enerji Ajans\u0131 (IEA) Enerji Verimlili\u011fi Ba\u015fkan\u0131 Brian Motherway, enerji verimlili\u011finde b\u00fcy\u00fck bir potansiyel oldu\u011funu s\u00f6yledi. Motherway, s\u00f6zlerine \u015f\u00f6yle devam etti: \u201cEnerji verimlili\u011fi, pek \u00e7ok konuda bir ara\u00e7 g\u00f6revi g\u00f6r\u00fcyor. Ekonomilerimizi daha rekabet\u00e7i k\u0131l\u0131yor, yeni i\u015fler ve istihdam olu\u015fturuyor. Enerji verimlili\u011fi olan evlerde ya\u015fayan insanlar daha sa\u011fl\u0131kl\u0131 olurken, enerji tasarruflu okullarda e\u011fitim g\u00f6ren \u00e7ocuklar daha iyi \u00f6\u011frenirler. Enerji verimli binalarda \u00e7al\u0131\u015fan insanlar daha \u00fcretken olur. Amac\u0131m\u0131z, enerji verimlili\u011finin t\u00fcm bu faydalar\u0131n\u0131 elde etmek.\u201d<\/p>\n<p>SEforAll Enerji Verimlili\u011fi ve So\u011futma \u015eefi Ian Crosby \u015funlar\u0131 s\u00f6yledi: \u201c\u0130klim de\u011fi\u015fikli\u011fine kar\u015f\u0131 bug\u00fcn uygun olan en iyi teknolojiyle harekete ge\u00e7meliyiz.\u201d<\/p>\n<p>Bir di\u011fer konu\u015fmac\u0131 Pia Olsen Dyhr; \u201cHalihaz\u0131rda var olan binalar\u0131n enerjilerini iyile\u015ftirmek i\u00e7in b\u00fcy\u00fck potansiyele sahibiz. Geli\u015fimi y\u00f6nlendirmek i\u00e7in yeni teknolojilere ihtiyac\u0131m\u0131z var ve end\u00fcstrinin bunu desteklemesi gerekiyor\u201d dedi.<\/p>\n<p>Danimarka Maliye Bakan\u0131 Kristian Jensen ise Danimarka&#8217;n\u0131n b\u00fcy\u00fcme ve enerji t\u00fcketimini birbirinden ay\u0131rmay\u0131 ba\u015fard\u0131\u011f\u0131n\u0131 ve k\u00fcresel iklim hedefleri i\u00e7in m\u00fccadele etme g\u00fcc\u00fcne sahip olmak i\u00e7in b\u00fcy\u00fcmeye ihtiya\u00e7 duyuldu\u011funu s\u00f6yledi.<\/p>","protected":false},"excerpt":{"rendered":"<p>Sorry, this entry is only available in Turkish. For the sake of viewer convenience, the content is shown below in the alternative language. You may click the link to switch the active language.Is\u0131tma, so\u011futma, motor kontrol sistemleri ve g\u00fc\u00e7 \u00e7\u00f6z\u00fcmleri alanlar\u0131nda d\u00fcnya lideri Danfoss, Danimarkal\u0131 enerji kurulu\u015fu Synergi ile birlikte Kopenhag ve Malm\u00f6&#8217;de Nordic Temiz [&hellip;]<\/p>\n","protected":false},"author":1,"featured_media":74870,"comment_status":"open","ping_status":"open","sticky":false,"template":"","format":"standard","meta":[],"categories":[53,52],"tags":[67,1009,12,793],"views":516,"_links":{"self":[{"href":"https:\/\/www.enerjigazetesi.ist\/en\/wp-json\/wp\/v2\/posts\/74869"}],"collection":[{"href":"https:\/\/www.enerjigazetesi.ist\/en\/wp-json\/wp\/v2\/posts"}],"about":[{"href":"https:\/\/www.enerjigazetesi.ist\/en\/wp-json\/wp\/v2\/types\/post"}],"author":[{"embeddable":true,"href":"https:\/\/www.enerjigazetesi.ist\/en\/wp-json\/wp\/v2\/users\/1"}],"replies":[{"embeddable":true,"href":"https:\/\/www.enerjigazetesi.ist\/en\/wp-json\/wp\/v2\/comments?post=74869"}],"version-history":[{"count":1,"href":"https:\/\/www.enerjigazetesi.ist\/en\/wp-json\/wp\/v2\/posts\/74869\/revisions"}],"predecessor-version":[{"id":74871,"href":"https:\/\/www.enerjigazetesi.ist\/en\/wp-json\/wp\/v2\/posts\/74869\/revisions\/74871"}],"wp:featuredmedia":[{"embeddable":true,"href":"https:\/\/www.enerjigazetesi.ist\/en\/wp-json\/wp\/v2\/media\/74870"}],"wp:attachment":[{"href":"https:\/\/www.enerjigazetesi.ist\/en\/wp-json\/wp\/v2\/media?parent=74869"}],"wp:term":[{"taxonomy":"category","embeddable":true,"href":"https:\/\/www.enerjigazetesi.ist\/en\/wp-json\/wp\/v2\/categories?post=74869"},{"taxonomy":"post_tag","embeddable":true,"href":"https:\/\/www.enerjigazetesi.ist\/en\/wp-json\/wp\/v2\/tags?post=74869"}],"curies":[{"name":"wp","href":"https:\/\/api.w.org\/{rel}","templated":true}]}}