{"id":74854,"date":"2018-06-04T07:16:46","date_gmt":"2018-06-04T04:16:46","guid":{"rendered":"https:\/\/www.enerjigazetesi.ist\/?p=74854"},"modified":"2018-06-04T07:19:33","modified_gmt":"2018-06-04T04:19:33","slug":"plastik-ayak-izimizi-azaltacak-10-oneri","status":"publish","type":"post","link":"https:\/\/www.enerjigazetesi.ist\/en\/plastik-ayak-izimizi-azaltacak-10-oneri\/","title":{"rendered":"(Turkish) Plastik Ayak \u0130zimizi Azaltacak 10 \u00d6neri!"},"content":{"rendered":"<p class=\"qtranxs-available-languages-message qtranxs-available-languages-message-en\">Sorry, this entry is only available in <a href=\"https:\/\/www.enerjigazetesi.ist\/tr\/wp-json\/wp\/v2\/posts\/74854\" class=\"qtranxs-available-language-link qtranxs-available-language-link-tr\" title=\"Turkish\">Turkish<\/a>. For the sake of viewer convenience, the content is shown below in the alternative language. You may click the link to switch the active language.<\/p><p><\/p>\n<div class=\"\"><span class=\"\"><b class=\"\">TEK KULLANIMLIK PLAST\u0130K K\u0130RL\u0130L\u0130\u011e\u0130N\u0130 AZALTMA S\u00d6Z\u00dc<\/b><\/span><b class=\"\"><\/b><\/div>\n<div><\/div>\n<div class=\"\"><span class=\"\"><b class=\"\">D\u00fcnyada her 1 dakikada 1 milyon plastik \u015fi\u015fenin sat\u0131n al\u0131nd\u0131\u011f\u0131n\u0131 biliyor muydunuz? Peki, y\u0131lda 500 milyar plastik po\u015fet kullan\u0131ld\u0131\u011f\u0131ndan haberiniz var m\u0131? Okyanuslar\u0131 her y\u0131l 8 milyon ton plasti\u011fin kirletti\u011fini ve dakikada okyanuslara kar\u0131\u015fan at\u0131k plastik miktar\u0131n\u0131n bir \u00e7\u00f6p kamyonu b\u00fcy\u00fckl\u00fc\u011f\u00fcnde oldu\u011funu duymu\u015f muydunuz? Ya\u015fam\u0131n vazge\u00e7ilmezi olan plastikler, maalesef \u00e7evre kirlili\u011fini de art\u0131r\u0131yor.\u00a0<\/b><\/span><span class=\"\">\u00a0<\/span><span class=\"\"><b class=\"\">S\u00fcrd\u00fcrebilir \u00dcretim ve T\u00fcketim Derne\u011fi,\u00a0<\/b><\/span><span class=\"\"><b class=\"\">5 Haziran\u00a0<\/b><\/span><span class=\"\"><b class=\"\">D\u00fcnya \u00c7evre G\u00fcn\u00fc\u2019nde plastik ayak izimizi azaltmak i\u00e7in 10 \u00f6neri a\u00e7\u0131klad\u0131.<\/b><\/span><\/div>\n<p>Plastikler\u00a0 g\u00fcn\u00fcm\u00fczde cep telefonundan u\u00e7a\u011fa, g\u00f6zl\u00fckten ila\u00e7 kutusuna, di\u015f f\u0131r\u00e7as\u0131ndan yapay kalp kapak\u00e7\u0131klar\u0131na kadar hayat\u0131m\u0131z\u0131n her alan\u0131nda vazge\u00e7ilmeyecek bir yere sahip. Hayat\u0131m\u0131za konfor, <img loading=\"lazy\" class=\"alignright size-medium wp-image-74855\" src=\"https:\/\/www.enerjigazetesi.ist\/wp-content\/uploads\/2018\/06\/plastik-ayak-izimizi-azaltacak-10-oneri-300x225.jpg\" alt=\"\" width=\"300\" height=\"225\" srcset=\"https:\/\/www.enerjigazetesi.ist\/wp-content\/uploads\/2018\/06\/plastik-ayak-izimizi-azaltacak-10-oneri-300x225.jpg 300w, https:\/\/www.enerjigazetesi.ist\/wp-content\/uploads\/2018\/06\/plastik-ayak-izimizi-azaltacak-10-oneri-500x375.jpg 500w, https:\/\/www.enerjigazetesi.ist\/wp-content\/uploads\/2018\/06\/plastik-ayak-izimizi-azaltacak-10-oneri-67x50.jpg 67w, https:\/\/www.enerjigazetesi.ist\/wp-content\/uploads\/2018\/06\/plastik-ayak-izimizi-azaltacak-10-oneri.jpg 650w\" sizes=\"(max-width: 300px) 100vw, 300px\" \/>kolayl\u0131k, h\u0131z ve kalite sa\u011flayan plastikler, yanl\u0131\u015f\u00a0 ve a\u015f\u0131r\u0131 kullan\u0131m nedeniyle \u00e7evre kirlili\u011fi sorunlar\u0131na neden oluyor. Her birimiz kulland\u0131\u011f\u0131m\u0131z ve att\u0131\u011f\u0131m\u0131z plastikler ile\u00a0 \u2018Plastik Ayak \u0130zi\u2019ne yol a\u00e7\u0131yoruz.\u00a0 Peki, plastik ayak izimizi azaltmak m\u00fcmk\u00fcn m\u00fc?<\/p>\n<p><strong>Tek kullan\u0131ml\u0131k plastik t\u00fcketimini azaltma seferberli\u011fi ilan edilmeli<\/strong><br \/>\nS\u00fcrd\u00fcr\u00fclebilir \u00dcretim ve T\u00fcketim Derne\u011fi (S\u00dcT-D) Ba\u015fkan\u0131 ve \u0130stanbul Teknik \u00dcniversitesi \u00d6\u011fretim \u00dcyesi Prof. Dr. Filiz Karaosmano\u011flu,\u00a0Birle\u015fmi\u015f Milletler taraf\u0131ndan bu y\u0131lki 5 Haziran D\u00fcnya \u00c7evre G\u00fcn\u00fc temas\u0131n\u0131n\u00a0\u201cPlastik Kirlili\u011fini Yen&#8221; olarak\u00a0se\u00e7ildi\u011fini belirtti. Tek kullan\u0131ml\u0131k plastik kirlili\u011fi ile m\u00fccadele i\u00e7in d\u00fcnyan\u0131n bir araya geldi\u011fini ifade eden Prof. Dr. Karaosmano\u011flu, bizim de \u00fclkemizde \u00f6ncelikle tek kullan\u0131ml\u0131k plastik kirlili\u011finin \u00f6n\u00fcne ge\u00e7mek i\u00e7in seferberlik yapmam\u0131z gerekti\u011fini vurgulad\u0131. Plastik \u00fcr\u00fcnlerin ya\u015fam\u0131m\u0131z i\u00e7in son derece gerekli oldu\u011funun alt\u0131n\u0131 \u00e7izen Prof. Dr. Karaosmano\u011flu, \u201cDe\u011ferli bir malzeme olan plastikleri kullan\u0131rken bilin\u00e7li olmam\u0131z gerekiyor. Elimize ald\u0131\u011f\u0131m\u0131z\u00a0 plastik bir \u015fi\u015fenin suda 450\u00a0 y\u0131l bozunmadan kalabildi\u011fini unutmadan t\u00fcketmeliyiz. Tek kullan\u0131ml\u0131k plastik t\u00fcketimini \u00f6nce h\u0131zla azaltmal\u0131. Sonra da reddetmeliyiz. Tek kullan\u0131ml\u0131k plastik t\u00fcketimine son vermeliyiz\u201d dedi.<\/p>\n<p><strong>10 y\u0131lda ge\u00e7en 100 y\u0131ldan daha fazla plastik \u00fcrettik<\/strong><br \/>\nProf. Dr. Filiz Karaosmano\u011flu, Birle\u015fmi\u015f Milletler taraf\u0131ndan a\u00e7\u0131klanan plastik kirlili\u011fi rakamlar\u0131na g\u00f6re, son 10 y\u0131lda, ge\u00e7en 100 y\u0131l\u0131n toplam\u0131ndan daha fazla plastik \u00fcretildi\u011finin ve at\u0131k plastiklerin t\u00fcm at\u0131klar\u0131n y\u00fczde 10\u2019unu olu\u015fturdu\u011funun alt\u0131n\u0131 \u00e7izdi. Plastik kullan\u0131m\u0131n\u0131 azaltman\u0131n ceza ya da s\u0131n\u0131rlama ile m\u00fcmk\u00fcn olamayaca\u011f\u0131n\u0131 da ifade eden Prof. Dr. Karaosmano\u011flu, s\u00fcrd\u00fcr\u00fclebilir t\u00fcketim ya\u015fam tarz\u0131m\u0131zla, plastik ayak izimizi \u00e7evreye dost oranlara \u00e7ekebilece\u011fimizi bildirdi.<\/p>\n<p><strong>Plastik ambalajlardan sokak hayvanlar\u0131na su kab\u0131 yapal\u0131m<\/strong><br \/>\nKulland\u0131\u011f\u0131m\u0131z plastiklerin yar\u0131s\u0131n\u0131n tek kullan\u0131ml\u0131k ve at\u0131lan \u00fcr\u00fcnler oldu\u011funu aktaran\u00a0Prof. Dr. Filiz Karaosmano\u011flu, plastik ayak izimizi azaltarak \u00e7evre kirlili\u011finin \u00f6n\u00fcne ge\u00e7mek i\u00e7in 10 \u00f6neri s\u0131ralad\u0131:<br \/>\n1- Plastik yerine paslanmaz \u00e7elik \u00e7atal, ka\u015f\u0131k ve b\u0131\u00e7ak kullanal\u0131m.<br \/>\n2- Plastik pipet kullan\u0131m\u0131ndan vazge\u00e7elim.<br \/>\n3- Al\u0131\u015fveri\u015fe giderken yan\u0131m\u0131za file veya pamuklu al\u0131\u015fveri\u015f \u00e7antalar\u0131 alal\u0131m.<br \/>\n4- Ofisimizde plastik ya da i\u00e7i plastik film kapl\u0131 karton bardaklar yerine kendi bardaklar\u0131m\u0131z\u0131 g\u00f6t\u00fcrerek \u00e7ay\u0131m\u0131z\u0131, kahvemizi t\u00fcketelim.<br \/>\n5- Plastik \u015fi\u015feden su i\u00e7mek yerine; bir su kab\u0131 ya da matara edinelim.<br \/>\n6- Biyobozunur di\u015f f\u0131r\u00e7as\u0131 tercih edelim.<br \/>\n7- Bula\u015f\u0131k ve \u00e7ama\u015f\u0131r deterjanlar\u0131 ile s\u0131v\u0131 sabunlar\u0131n ambalajlar\u0131n\u0131 yeniden kullanal\u0131m. Bunun i\u00e7in deterjan ve temizlik malzemelerinin sat\u0131lan b\u00fcy\u00fck boy yedek \u015fi\u015felerini al\u0131p k\u00fc\u00e7\u00fck \u015fi\u015felerimize doldural\u0131m.<br \/>\n8- Kulak temizleme \u00e7ubuklar\u0131n\u0131 ihtiyac\u0131m\u0131z kadar kullanal\u0131m.<br \/>\n9- Plastik ambalajlar\u0131 kulland\u0131ktan sonra geri d\u00f6n\u00fc\u015f\u00fcme g\u00f6ndermeden \u00f6nce evimizde yeniden nas\u0131l de\u011ferlendirebilece\u011fimize bakal\u0131m.Kullan\u0131m \u00f6m\u00fcrlerini uzatal\u0131m. Hamarat ev han\u0131mlar\u0131m\u0131z plastik ambalajlardan \u00e7i\u00e7ekleri i\u00e7in \u00e7ok \u015f\u0131k saks\u0131lar ya da sokak hayvanlar\u0131 i\u00e7in su ve mama kaplar\u0131 yapabilir.<br \/>\n10- Kulland\u0131\u011f\u0131m\u0131z plastikleri sadece birer at\u0131k olarak g\u00f6rmeyelim. Plastiklerin d\u00f6ng\u00fcsel ekonomide geri d\u00f6n\u00fc\u015f\u00fcm\u00fcn en \u00f6nemli hammaddelerinden biri oldu\u011funu bilerek, at\u0131k end\u00fcstrimiz i\u00e7in geri d\u00f6n\u00fc\u015f\u00fcm kutular\u0131na atal\u0131m.<\/p>","protected":false},"excerpt":{"rendered":"<p>Sorry, this entry is only available in Turkish. For the sake of viewer convenience, the content is shown below in the alternative language. You may click the link to switch the active language. TEK KULLANIMLIK PLAST\u0130K K\u0130RL\u0130L\u0130\u011e\u0130N\u0130 AZALTMA S\u00d6Z\u00dc D\u00fcnyada her 1 dakikada 1 milyon plastik \u015fi\u015fenin sat\u0131n al\u0131nd\u0131\u011f\u0131n\u0131 biliyor muydunuz? Peki, y\u0131lda 500 milyar [&hellip;]<\/p>\n","protected":false},"author":1,"featured_media":74855,"comment_status":"open","ping_status":"open","sticky":false,"template":"","format":"standard","meta":[],"categories":[53,52],"tags":[15555,67,1009,12,26559,18346,18344,18345,793],"views":1024,"_links":{"self":[{"href":"https:\/\/www.enerjigazetesi.ist\/en\/wp-json\/wp\/v2\/posts\/74854"}],"collection":[{"href":"https:\/\/www.enerjigazetesi.ist\/en\/wp-json\/wp\/v2\/posts"}],"about":[{"href":"https:\/\/www.enerjigazetesi.ist\/en\/wp-json\/wp\/v2\/types\/post"}],"author":[{"embeddable":true,"href":"https:\/\/www.enerjigazetesi.ist\/en\/wp-json\/wp\/v2\/users\/1"}],"replies":[{"embeddable":true,"href":"https:\/\/www.enerjigazetesi.ist\/en\/wp-json\/wp\/v2\/comments?post=74854"}],"version-history":[{"count":4,"href":"https:\/\/www.enerjigazetesi.ist\/en\/wp-json\/wp\/v2\/posts\/74854\/revisions"}],"predecessor-version":[{"id":74859,"href":"https:\/\/www.enerjigazetesi.ist\/en\/wp-json\/wp\/v2\/posts\/74854\/revisions\/74859"}],"wp:featuredmedia":[{"embeddable":true,"href":"https:\/\/www.enerjigazetesi.ist\/en\/wp-json\/wp\/v2\/media\/74855"}],"wp:attachment":[{"href":"https:\/\/www.enerjigazetesi.ist\/en\/wp-json\/wp\/v2\/media?parent=74854"}],"wp:term":[{"taxonomy":"category","embeddable":true,"href":"https:\/\/www.enerjigazetesi.ist\/en\/wp-json\/wp\/v2\/categories?post=74854"},{"taxonomy":"post_tag","embeddable":true,"href":"https:\/\/www.enerjigazetesi.ist\/en\/wp-json\/wp\/v2\/tags?post=74854"}],"curies":[{"name":"wp","href":"https:\/\/api.w.org\/{rel}","templated":true}]}}